{"id":741444,"date":"2026-09-01T04:42:24","date_gmt":"2026-09-01T04:42:24","guid":{"rendered":"https:\/\/www.europesays.com\/es\/741444\/"},"modified":"2026-09-01T04:42:24","modified_gmt":"2026-09-01T04:42:24","slug":"la-carrera-de-diana-de-gales-que-rompio-el-protocolo-por-una-razon-hacer-feliz-al-principe-harry","status":"publish","type":"post","link":"https:\/\/www.europesays.com\/es\/741444\/","title":{"rendered":"La carrera de Diana de Gales que rompi\u00f3 el protocolo por una raz\u00f3n: hacer feliz al pr\u00edncipe Harry"},"content":{"rendered":"<p><img alt=\"La princesa Diana, corriendo en la Escuela Wetherby en 1991. (Shutterstock)\" class=\"global-image\" decoding=\"async\" fetchpriority=\"high\" height=\"441\" loading=\"eager\" src=\"https:\/\/www.europesays.com\/es\/wp-content\/uploads\/2026\/09\/FCW5GQYOSNAVTOQYYLNRSDLAB4.jpg\" width=\"784\"\/>La princesa Diana, corriendo en la Escuela Wetherby en 1991. (Shutterstock)<\/p>\n<p>30 Ago, 2026 11:00 p. m. EST<\/p>\n<p class=\"paragraph\" data-paragraph-number=\"1\">Hay im\u00e1genes de <a href=\"https:\/\/www.infobae.com\/espana\/2026\/08\/19\/charles-spencer-anuncia-un-libro-sobre-la-vida-de-su-hermana-diana-de-gales-que-promete-desmontar-falsedades-que-han-acabado-siendo-aceptadas\/\" target=\"_blank\" rel=\"noreferrer nofollow noopener\" title=\"https:\/\/www.infobae.com\/espana\/2026\/08\/19\/charles-spencer-anuncia-un-libro-sobre-la-vida-de-su-hermana-diana-de-gales-que-promete-desmontar-falsedades-que-han-acabado-siendo-aceptadas\/\">la princesa Diana<\/a> que han quedado asociadas para siempre con su manera de entender la maternidad. Fotograf\u00edas en las que aparece <b>jugando con sus hijos<\/b>, acompa\u00f1\u00e1ndolos al colegio o compartiendo con ellos planes cotidianos que, para otros miembros de la familia real brit\u00e1nica, pod\u00edan resultar poco habituales. Entre todas ellas hay una especialmente llamativa: la de <b>Lady Di<\/b> corriendo descalza por el c\u00e9sped durante una jornada deportiva escolar.<\/p>\n<p class=\"paragraph\" data-paragraph-number=\"2\">El episodio ocurri\u00f3 en <b>1991<\/b>, cuando <a href=\"https:\/\/www.infobae.com\/espana\/2026\/03\/15\/el-principe-guillermo-comparte-una-imagen-inedita-junto-a-diana-de-gales-por-el-dia-de-la-madre-recordandola-hoy-y-todos-los-dias\/\" target=\"_blank\" rel=\"noreferrer nofollow noopener\" title=\"https:\/\/www.infobae.com\/espana\/2026\/03\/15\/el-principe-guillermo-comparte-una-imagen-inedita-junto-a-diana-de-gales-por-el-dia-de-la-madre-recordandola-hoy-y-todos-los-dias\/\">el pr\u00edncipe Harry<\/a> estudiaba en la escuela Wetherby de Londres. Como cada a\u00f1o, el centro celebraba su<b> tradicional D\u00eda del Deporte<\/b>, una jornada en la que los alumnos participaban en distintas pruebas y en la que tambi\u00e9n hab\u00eda espacio para una competici\u00f3n mucho m\u00e1s desenfadada: una carrera protagonizada por sus madres.<\/p>\n<p class=\"paragraph\" data-paragraph-number=\"3\">Diana hab\u00eda acudido al colegio para acompa\u00f1ar a sus hijos, <a href=\"https:\/\/www.infobae.com\/espana\/2026\/02\/27\/el-oscuro-episodio-que-vivio-lady-di-con-mohamed-al-fayed-investigado-por-agresiones-sexuales-y-trata-de-blancas-gasto-millones-intentando-cortejarla\/\" target=\"_blank\" rel=\"noreferrer nofollow noopener\" title=\"https:\/\/www.infobae.com\/espana\/2026\/02\/27\/el-oscuro-episodio-que-vivio-lady-di-con-mohamed-al-fayed-investigado-por-agresiones-sexuales-y-trata-de-blancas-gasto-millones-intentando-cortejarla\/\">como hac\u00eda habitualmente<\/a>. Sin embargo, aquel d\u00eda termin\u00f3 convirti\u00e9ndose tambi\u00e9n en una de las participantes. El detonante fue precisamente Harry. El peque\u00f1o no hab\u00eda conseguido imponerse en una de las pruebas, una carrera de sacos, y su madre quiso convertir aquel momento de decepci\u00f3n en<b> una oportunidad para divertirse juntos<\/b>.<\/p>\n<p><img alt=\"La princesa Diana y el pr\u00edncipe Harry, entrando en la Escuela Wetherby en 1991. (Shutterstock)\" class=\"global-image\" decoding=\"async\" fetchpriority=\"low\" height=\"1395\" loading=\"lazy\" src=\"https:\/\/www.europesays.com\/es\/wp-content\/uploads\/2026\/09\/7FK3QPBIRJCUFKEQPWAVUYKDSA.jpg\" width=\"980\"\/>La princesa Diana y el pr\u00edncipe Harry, entrando en la Escuela Wetherby en 1991. (Shutterstock)<\/p>\n<p class=\"paragraph\" data-paragraph-number=\"4\">Cuando lleg\u00f3 el turno de la carrera de las madres,<b> Diana no dud\u00f3 en participar<\/b>. Su vestuario, sin embargo, no estaba precisamente pensado para una competici\u00f3n deportiva. La princesa llevaba una falda plisada y zapatos, por lo que tuvo que improvisar antes de colocarse en la l\u00ednea de salida. <b>Se quit\u00f3 el calzado<\/b>, dej\u00f3 atr\u00e1s cualquier preocupaci\u00f3n por su aspecto y se prepar\u00f3 para correr como una madre m\u00e1s.<\/p>\n<p class=\"paragraph\" data-paragraph-number=\"5\">Las fotograf\u00edas tomadas aquel d\u00eda muestran a una Diana completamente concentrada, con los brazos en movimiento y <b>una gran sonrisa mientras intenta alcanzar la meta<\/b>. A su lado corr\u00edan otras madres del colegio, igualmente decididas a ganar. Durante unos segundos, el t\u00edtulo de princesa de Gales pareci\u00f3 desaparecer: all\u00ed solo estaba una madre participando en una actividad escolar.<\/p>\n<p class=\"paragraph\" data-paragraph-number=\"6\">Diana <b>no consigui\u00f3 hacerse con la victoria<\/b>. Termin\u00f3 aproximadamente un segundo despu\u00e9s de la ganadora, pero el resultado parec\u00eda ser lo de menos. Al cruzar la meta, la princesa <b>rompi\u00f3 a re\u00edr <\/b>mientras recuperaba el aliento y comparti\u00f3 la alegr\u00eda del momento con las dem\u00e1s participantes.<\/p>\n<p class=\"paragraph\" data-paragraph-number=\"7\">Aquella no era, adem\u00e1s, su primera experiencia en este tipo de celebraciones. Ya hab\u00eda participado en jornadas deportivas escolares anteriores, en 1989 y 1990, demostrando que<b> su implicaci\u00f3n en la vida acad\u00e9mica<\/b> de Guillermo y Harry iba mucho m\u00e1s all\u00e1 de las apariciones oficiales.<\/p>\n<p class=\"paragraph\" data-paragraph-number=\"8\">La actitud de Diana contrastaba con la imagen tradicional de la monarqu\u00eda brit\u00e1nica. La princesa hab\u00eda decidido que, durante unos minutos, las normas de etiqueta pod\u00edan quedar en segundo plano si eso significaba compartir una experiencia con sus hijos.<\/p>\n<p><img alt=\"El pr\u00edncipe Harry y la princesa Diana. (Sunday Times\/Shutterstock)\" class=\"global-image\" decoding=\"async\" fetchpriority=\"low\" height=\"1299\" loading=\"lazy\" src=\"https:\/\/www.europesays.com\/es\/wp-content\/uploads\/2026\/09\/MBNM7IPTF5BLLHFSW6XPZTUHIU.jpg\" width=\"1920\"\/>El pr\u00edncipe Harry y la princesa Diana. (Sunday Times\/Shutterstock)<\/p>\n<p class=\"paragraph\" data-paragraph-number=\"9\">La carrera es solo uno de los muchos episodios que reflejan la particular forma en la que Diana <b>ejerci\u00f3 su maternidad<\/b>.<b> <\/b>La princesa procur\u00f3 que Guillermo y Harry disfrutaran de experiencias lo m\u00e1s parecidas posibles a las de otros ni\u00f1os de su edad.<\/p>\n<p class=\"paragraph\" data-paragraph-number=\"10\">Con ellos acud\u00eda al <b>cine<\/b>, organizaba excursiones, disfrutaba de jornadas en la nieve o compart\u00eda actividades al aire libre. Tambi\u00e9n intentaba incorporar a sus hijos a determinados viajes oficiales siempre que las circunstancias lo permit\u00edan,<b> alej\u00e1ndose de algunas de las costumbres m\u00e1s r\u00edgidas<\/b> de la instituci\u00f3n.<\/p>\n<p>Qui\u00e9n es qui\u00e9n en la casa real brit\u00e1nica: del rey Carlos, el m\u00e1s tard\u00edo de la historia, al pol\u00e9mico pr\u00edncipe Andr\u00e9s.<\/p>\n<p class=\"paragraph\" data-paragraph-number=\"11\">Guillermo y Harry han recordado en diferentes ocasiones la intensidad de los abrazos de su madre y la sensaci\u00f3n de protecci\u00f3n que les transmit\u00eda. Para ellos, Diana no era \u00fanicamente una figura p\u00fablica sometida constantemente a la atenci\u00f3n de los medios, sino, ante todo, <b>su madre.<\/b><\/p>\n<p class=\"paragraph\" data-paragraph-number=\"12\">Por eso, aquella carrera de 1991 ha terminado adquiriendo un significado mucho mayor que el de una simple an\u00e9cdota escolar. Las fotograf\u00edas de Diana corriendo descalza representan una de las facetas que m\u00e1s contribuyeron a <a href=\"https:\/\/www.infobae.com\/espana\/2025\/12\/17\/el-primo-de-lady-di-al-que-han-acusado-de-tres-estrangulamientos-miembro-de-la-alta-sociedad-y-descendiente-de-churchill\/\" target=\"_blank\" rel=\"noreferrer nofollow noopener\" title=\"https:\/\/www.infobae.com\/espana\/2025\/12\/17\/el-primo-de-lady-di-al-que-han-acusado-de-tres-estrangulamientos-miembro-de-la-alta-sociedad-y-descendiente-de-churchill\/\">construir su imagen p\u00fablica<\/a>: la de una princesa capaz de apartar durante unos instantes el protocolo para compartir con sus hijos una experiencia tan sencilla como una carrera sobre el c\u00e9sped.<\/p>\n","protected":false},"excerpt":{"rendered":"La princesa Diana, corriendo en la Escuela Wetherby en 1991. (Shutterstock) 30 Ago, 2026 11:00 p. m. EST&hellip;\n","protected":false},"author":2,"featured_media":741445,"comment_status":"","ping_status":"","sticky":false,"template":"","format":"standard","meta":{"footnotes":""},"categories":[174],"tags":[131582,29865,255,8401,10459,146,147,25,24,256,6290,12144,29909,3772,22254,68612,27679,76532,28655,23,99747,131583,3820,29498],"class_list":["post-741444","post","type-post","status-publish","format-standard","has-post-thumbnail","category-famosos","tag-131582","tag-british-royalty","tag-celebrities","tag-diana","tag-duke","tag-entertainment","tag-entretenimiento","tag-es","tag-espana","tag-famosos","tag-female","tag-harry","tag-henry","tag-male","tag-personality","tag-pr","tag-prince","tag-princess","tag-royals","tag-spain","tag-sussex","tag-wales","tag-william","tag-with"],"share_on_mastodon":{"url":"https:\/\/pubeurope.com\/@es\/117193955953793124","error":""},"_links":{"self":[{"href":"https:\/\/www.europesays.com\/es\/wp-json\/wp\/v2\/posts\/741444","targetHints":{"allow":["GET"]}}],"collection":[{"href":"https:\/\/www.europesays.com\/es\/wp-json\/wp\/v2\/posts"}],"about":[{"href":"https:\/\/www.europesays.com\/es\/wp-json\/wp\/v2\/types\/post"}],"author":[{"embeddable":true,"href":"https:\/\/www.europesays.com\/es\/wp-json\/wp\/v2\/users\/2"}],"replies":[{"embeddable":true,"href":"https:\/\/www.europesays.com\/es\/wp-json\/wp\/v2\/comments?post=741444"}],"version-history":[{"count":0,"href":"https:\/\/www.europesays.com\/es\/wp-json\/wp\/v2\/posts\/741444\/revisions"}],"wp:featuredmedia":[{"embeddable":true,"href":"https:\/\/www.europesays.com\/es\/wp-json\/wp\/v2\/media\/741445"}],"wp:attachment":[{"href":"https:\/\/www.europesays.com\/es\/wp-json\/wp\/v2\/media?parent=741444"}],"wp:term":[{"taxonomy":"category","embeddable":true,"href":"https:\/\/www.europesays.com\/es\/wp-json\/wp\/v2\/categories?post=741444"},{"taxonomy":"post_tag","embeddable":true,"href":"https:\/\/www.europesays.com\/es\/wp-json\/wp\/v2\/tags?post=741444"}],"curies":[{"name":"wp","href":"https:\/\/api.w.org\/{rel}","templated":true}]}}