{"id":741452,"date":"2026-09-01T04:53:14","date_gmt":"2026-09-01T04:53:14","guid":{"rendered":"https:\/\/www.europesays.com\/es\/741452\/"},"modified":"2026-09-01T04:53:14","modified_gmt":"2026-09-01T04:53:14","slug":"shein-cae-un-10-en-los-primeros-minutos-de-la-sesion-tras-su-salida-a-bolsa-en-hong-kong","status":"publish","type":"post","link":"https:\/\/www.europesays.com\/es\/741452\/","title":{"rendered":"Shein cae un 10 % en los primeros minutos de la sesi\u00f3n tras su salida a bolsa en Hong Kong"},"content":{"rendered":"<p><img decoding=\"async\" class=\"v-ath__i\" loading=\"lazy\" src=\"https:\/\/www.europesays.com\/es\/wp-content\/uploads\/2026\/09\/autor-5496-foto-3.jpeg\" alt=\"Agencia EFE\"\/><\/p>\n<p>01\/09\/2026 a las 05:57h.<\/p>\n<p class=\"v-d-p\" style=\"\">Hong Kong (China), 1 sep (EFE\/EPA).- La plataforma de &#8216;moda r\u00e1pida&#8217; Shein debut\u00f3 este martes plana en la apertura y con ca\u00eddas de hasta un 10 % en los minutos posteriores, tras protagonizar una anticipada salida a bolsa en Hong Kong despu\u00e9s de a\u00f1os de  &#8230; vaivenes y planes frustrados que provocaron una ca\u00edda del 73 % en su valoraci\u00f3n desde 2022. Concretamente, los t\u00edtulos comenzaron la jornada en 48,56 d\u00f3lares hongkoneses (6,19 d\u00f3lares \u00f3 5,33 euros), exactamente el mismo precio que hab\u00eda fijado la compa\u00f1\u00eda para la venta de unos 280 millones de acciones, aunque en los minutos posteriores al inicio de la sesi\u00f3n comenzaron a marcar una tendencia descendente, que lleg\u00f3 a caer el 9,97 % hacia las 09.36 hora local (01.36 GMT). IM\u00c1GENES: MAY JAMES. IM\u00c1GENES DE LA CEREMONIA DE COTIZACI\u00d3N DE SHEIN EN LA BOLSA DE HONG KONG, EN HONG KONG, CHINA.<\/p>\n","protected":false},"excerpt":{"rendered":"01\/09\/2026 a las 05:57h. Hong Kong (China), 1 sep (EFE\/EPA).- La plataforma de &#8216;moda r\u00e1pida&#8217; Shein debut\u00f3 este&hellip;\n","protected":false},"author":2,"featured_media":741453,"comment_status":"","ping_status":"","sticky":false,"template":"","format":"standard","meta":{"footnotes":""},"categories":[80],"tags":[2300,82,10722,95,94,25,24,25440,7123,1264,566,1965,12202,6938,23,575],"class_list":["post-741452","post","type-post","status-publish","format-standard","has-post-thumbnail","category-economia","tag-bolsa","tag-business","tag-cae","tag-economia","tag-economy","tag-es","tag-espana","tag-hong","tag-kong","tag-minutos","tag-primeros","tag-salida","tag-sesion","tag-shein","tag-spain","tag-tras"],"share_on_mastodon":{"url":"https:\/\/pubeurope.com\/@es\/117193998905786895","error":""},"_links":{"self":[{"href":"https:\/\/www.europesays.com\/es\/wp-json\/wp\/v2\/posts\/741452","targetHints":{"allow":["GET"]}}],"collection":[{"href":"https:\/\/www.europesays.com\/es\/wp-json\/wp\/v2\/posts"}],"about":[{"href":"https:\/\/www.europesays.com\/es\/wp-json\/wp\/v2\/types\/post"}],"author":[{"embeddable":true,"href":"https:\/\/www.europesays.com\/es\/wp-json\/wp\/v2\/users\/2"}],"replies":[{"embeddable":true,"href":"https:\/\/www.europesays.com\/es\/wp-json\/wp\/v2\/comments?post=741452"}],"version-history":[{"count":0,"href":"https:\/\/www.europesays.com\/es\/wp-json\/wp\/v2\/posts\/741452\/revisions"}],"wp:featuredmedia":[{"embeddable":true,"href":"https:\/\/www.europesays.com\/es\/wp-json\/wp\/v2\/media\/741453"}],"wp:attachment":[{"href":"https:\/\/www.europesays.com\/es\/wp-json\/wp\/v2\/media?parent=741452"}],"wp:term":[{"taxonomy":"category","embeddable":true,"href":"https:\/\/www.europesays.com\/es\/wp-json\/wp\/v2\/categories?post=741452"},{"taxonomy":"post_tag","embeddable":true,"href":"https:\/\/www.europesays.com\/es\/wp-json\/wp\/v2\/tags?post=741452"}],"curies":[{"name":"wp","href":"https:\/\/api.w.org\/{rel}","templated":true}]}}