{"id":741476,"date":"2026-09-01T05:18:24","date_gmt":"2026-09-01T05:18:24","guid":{"rendered":"https:\/\/www.europesays.com\/es\/741476\/"},"modified":"2026-09-01T05:18:24","modified_gmt":"2026-09-01T05:18:24","slug":"muere-un-joven-de-25-anos-tras-incendiarse-unos-trasteros-con-bicicletas-electricas-en-arganzuela","status":"publish","type":"post","link":"https:\/\/www.europesays.com\/es\/741476\/","title":{"rendered":"Muere un joven de 25 a\u00f1os tras incendiarse unos trasteros con bicicletas el\u00e9ctricas en Arganzuela"},"content":{"rendered":"<p class=\"c-paragraph\">Un <b>joven de unos 25 a\u00f1os ha fallecido este domingo tras incendiarse unos trasteros con bicicletas el\u00e9ctricas<\/b> en el distrito madrile\u00f1o de <a href=\"https:\/\/www.20minutos.es\/madrid\/los-autobuses-emt-bicimad-seran-gratuitos-los-dias-7-8-septiembre-para-facilitar-arranque-curso-madrid_7030372_0.html\" title=\"Los autobuses de la EMT y Bicimad ser\u00e1n gratuitos los d\u00edas 7 y 8 de septiembre para facilitar el arranque del curso en Madrid\" rel=\"nofollow noopener\" target=\"_blank\">Arganzuela<\/a>, seg\u00fan ha informado Emergencias Madrid. El suceso tuvo lugar en la <b>calle Canarias<\/b>, donde acudieron trece dotaciones de Bomberos Madrid que se encontraron con un fuego completamente desarrollado, ubicado en la planta menos uno, concretamente en un s\u00f3tano.\u00a0<\/p>\n<p class=\"c-paragraph\">A partir de ah\u00ed, los bomberos procedieron a localizar el foco &#8211;de dif\u00edcil acceso&#8211; para llevar a cabo la extinci\u00f3n. Fue bastante complicada debido a la cantidad de dependencias destinadas a distintos usos y distribuidas en una zona muy laber\u00edntica de <b>dos plantas que comunicaban entre s\u00ed sin vest\u00edbulo de independencia<\/b>; adem\u00e1s de a la elevada carga t\u00e9rmica.\u00a0<\/p>\n<p class=\"c-paragraph\">Finalmente, las dotaciones, entrando por la puerta principal de acceso a la rampa del garaje, <b>han conseguido localizar los focos y proceder a la extinci\u00f3n del fuego<\/b>. Durante dichas tareas de extinci\u00f3n los bomberos han encontrado en una de las dependencias al hombre, quien ha sido evacuado al exterior en la m\u00e1xima brevedad posible.\u00a0<\/p>\n<p class=\"c-paragraph\">Posteriormente, <b>SAMUR-PC ha confirmado su fallecimiento, tras comprobar que presentaba un cuadro de intoxicaci\u00f3n<\/b> por humos y quemadura inhalatoria y no poder hacer nada para revertir su estado. Por \u00faltimo, los bomberos han evacuado los gases del incendio, ventilado y sacado al exterior las bicicletas para evitar que se reinicie el fuego; dejando as\u00ed la zona bajo condiciones de estabilidad.\u00a0<\/p>\n<p class=\"c-paragraph\">Tras ello, han retirado los efectivos y las dotaciones a sus respectivos parques de origen. Tal y como ha trasladado Emergencias Madrid, <b>la Polic\u00eda Nacional investiga lo ocurrido<\/b> y la Polic\u00eda Municipal colabora en las diligencias.<\/p>\n","protected":false},"excerpt":{"rendered":"Un joven de unos 25 a\u00f1os ha fallecido este domingo tras incendiarse unos trasteros con bicicletas el\u00e9ctricas en&hellip;\n","protected":false},"author":2,"featured_media":741477,"comment_status":"","ping_status":"","sticky":false,"template":"","format":"standard","meta":{"footnotes":""},"categories":[8],"tags":[4495,988,17,18,25,24,13,14,11,1928,19,20,8938,9,10,15,16,23,12,21,22,16743],"class_list":["post-741476","post","type-post","status-publish","format-standard","has-post-thumbnail","category-espana","tag-4495","tag-anos","tag-breaking-news","tag-breakingnews","tag-es","tag-espana","tag-featured-news","tag-featurednews","tag-headlines","tag-joven","tag-latest-news","tag-latestnews","tag-muere","tag-news","tag-noticias","tag-noticias-destacadas","tag-noticiasdestacadas","tag-spain","tag-titulares","tag-ultimas-noticias","tag-ultimasnoticias","tag-un"],"share_on_mastodon":{"url":"https:\/\/pubeurope.com\/@es\/117194097012201994","error":""},"_links":{"self":[{"href":"https:\/\/www.europesays.com\/es\/wp-json\/wp\/v2\/posts\/741476","targetHints":{"allow":["GET"]}}],"collection":[{"href":"https:\/\/www.europesays.com\/es\/wp-json\/wp\/v2\/posts"}],"about":[{"href":"https:\/\/www.europesays.com\/es\/wp-json\/wp\/v2\/types\/post"}],"author":[{"embeddable":true,"href":"https:\/\/www.europesays.com\/es\/wp-json\/wp\/v2\/users\/2"}],"replies":[{"embeddable":true,"href":"https:\/\/www.europesays.com\/es\/wp-json\/wp\/v2\/comments?post=741476"}],"version-history":[{"count":0,"href":"https:\/\/www.europesays.com\/es\/wp-json\/wp\/v2\/posts\/741476\/revisions"}],"wp:featuredmedia":[{"embeddable":true,"href":"https:\/\/www.europesays.com\/es\/wp-json\/wp\/v2\/media\/741477"}],"wp:attachment":[{"href":"https:\/\/www.europesays.com\/es\/wp-json\/wp\/v2\/media?parent=741476"}],"wp:term":[{"taxonomy":"category","embeddable":true,"href":"https:\/\/www.europesays.com\/es\/wp-json\/wp\/v2\/categories?post=741476"},{"taxonomy":"post_tag","embeddable":true,"href":"https:\/\/www.europesays.com\/es\/wp-json\/wp\/v2\/tags?post=741476"}],"curies":[{"name":"wp","href":"https:\/\/api.w.org\/{rel}","templated":true}]}}