{"id":741478,"date":"2026-09-01T05:19:21","date_gmt":"2026-09-01T05:19:21","guid":{"rendered":"https:\/\/www.europesays.com\/es\/741478\/"},"modified":"2026-09-01T05:19:21","modified_gmt":"2026-09-01T05:19:21","slug":"un-padre-olvida-a-su-hijo-de-10-anos-en-una-gasolinera-de-caceres-y-se-da-cuenta-tras-conducir-140-kilometros","status":"publish","type":"post","link":"https:\/\/www.europesays.com\/es\/741478\/","title":{"rendered":"Un padre olvida a su hijo de 10 a\u00f1os en una gasolinera de C\u00e1ceres y se da cuenta tras conducir 140 kil\u00f3metros"},"content":{"rendered":"<p class=\"paragraph\" id=\"paragraph_1\">Un padre <strong>olvid\u00f3 <\/strong>a su hijo de 10 a\u00f1os <strong>en una gasolinera<\/strong> de C\u00e1ceres despu\u00e9s de que el menor se bajara del coche en el que viajaban, supuestamente, sin que el adulto se diera cuenta.<\/p>\n<p class=\"paragraph\" id=\"paragraph_2\">En el coche tambi\u00e9n se encontraba otro adulto, amigo del progenitor, y <strong>el hermano del ni\u00f1o<\/strong>, de 7 a\u00f1os de edad.<\/p>\n<p class=\"paragraph\" id=\"paragraph_3\">Los hechos ocurrieron en una estaci\u00f3n de servicio ubicada a la altura de Aldea del Cano, en la A-66.<\/p>\n<p><img loading=\"lazy\" decoding=\"async\" alt=\"Borja S\u00e9mper, portavoz nacional del PP, en una rueda de prensa, hoy.\" height=\"240\" src=\"https:\/\/www.europesays.com\/es\/wp-content\/uploads\/2026\/09\/h:240&#038;h=RN3B1QKH.jpeg\" width=\"320\" data-lazy-status=\"processed\" data-lazy-info=\"remove loading item 1\"\/><\/p>\n<p class=\"paragraph\" id=\"paragraph_4\">No fue hasta <strong>140 kil\u00f3metros despu\u00e9s<\/strong> cuando quienes se desplazaban en el coche se percataron de la ausencia del menor, tras ser localizados por la Guardia Civil, seg\u00fan informa Efe.<\/p>\n<p class=\"paragraph\" id=\"paragraph_5\">El Instituto Armado ha informado de que<strong> <\/strong><strong>sobre las 20.30 horas de este domingo<\/strong> fueron alertados de que hab\u00edan dejado solo a un ni\u00f1o en la estaci\u00f3n de servicio.<\/p>\n<p>Seg\u00fan las im\u00e1genes de las c\u00e1maras de seguridad de la gasolinera, el menor<strong> se habr\u00eda bajado del veh\u00edculo sin que sus acompa\u00f1antes se percataran <\/strong>de que no volvi\u00f3 a subir.<\/p>\n<p>Tras las gestiones realizadas a trav\u00e9s de la central 062 y al conocer que el veh\u00edculo circulaba en direcci\u00f3n norte, se estableci\u00f3 un dispositivo para localizarlo, que finalmente se logr\u00f3 cerca de las 23:00 horas, a la altura de Herv\u00e1s (C\u00e1ceres), en la misma A-66.<\/p>\n<p>Mientras tanto, el menor qued\u00f3 bajo la atenci\u00f3n de agentes de la Guardia Civil hasta poder reunirse nuevamente con sus familiares.<\/p>\n<p>La Guardia Civil recuerda la importancia de comprobar, antes de reanudar la marcha, que todos los ocupantes han vuelto al veh\u00edculo, especialmente cuando se viaja con ni\u00f1os, ya que \u00abuna simple comprobaci\u00f3n puede evitar un enorme susto\u00bb.<\/p>\n<p class=\"paragraph\" id=\"paragraph_6\"><strong>Noticia en actualizaci\u00f3n<\/strong><\/p>\n<p class=\"paragraph\" id=\"paragraph_7\">Estamos trabajando en la ampliaci\u00f3n de esta informaci\u00f3n. En breve, la redacci\u00f3n de EL ESPA\u00d1OL les ofrecer\u00e1 la actualizaci\u00f3n de todos los datos sobre esta noticia.<\/p>\n<p class=\"paragraph\" id=\"paragraph_8\">Para recibir en su tel\u00e9fono m\u00f3vil las noticias de \u00faltima hora puede descargarse la aplicaci\u00f3n de nuestro peri\u00f3dico para <a data-forcefollow=\"false\" data-sponsored=\"false\" href=\"https:\/\/itunes.apple.com\/es\/app\/el-espa%C3%B1ol\/id1034574551?mt=8\" rel=\"nofollow noopener noreferrer\" target=\"_blank\">dispositivos iOS<\/a> y <a data-forcefollow=\"false\" data-sponsored=\"false\" href=\"https:\/\/play.google.com\/store\/apps\/details?id=com.elespanol&amp;hl=es\" rel=\"nofollow noopener noreferrer\" target=\"_blank\">Android<\/a>, as\u00ed como <a data-forcefollow=\"false\" data-sponsored=\"false\" href=\"https:\/\/www.elespanol.com\/suscripciones\/?utm_cmp_rs=linksinline\" rel=\"nofollow noopener\" target=\"_blank\">suscribirse para acceder a todos los contenidos en exclusiva<\/a>, recibir nuestras Newsletters y disfrutar de la Zona \u00d1, s\u00f3lo para suscriptores.<\/p>\n","protected":false},"excerpt":{"rendered":"Un padre olvid\u00f3 a su hijo de 10 a\u00f1os en una gasolinera de C\u00e1ceres despu\u00e9s de que el&hellip;\n","protected":false},"author":2,"featured_media":741479,"comment_status":"","ping_status":"","sticky":false,"template":"","format":"standard","meta":{"footnotes":""},"categories":[5],"tags":[17,18,3975,25,24,13,14,1160,11,19,20,9,10,15,16,4286,23,12,21,22],"class_list":["post-741478","post","type-post","status-publish","format-standard","has-post-thumbnail","category-titulares","tag-breaking-news","tag-breakingnews","tag-caceres","tag-es","tag-espana","tag-featured-news","tag-featurednews","tag-guardia-civil","tag-headlines","tag-latest-news","tag-latestnews","tag-news","tag-noticias","tag-noticias-destacadas","tag-noticiasdestacadas","tag-reportajes","tag-spain","tag-titulares","tag-ultimas-noticias","tag-ultimasnoticias"],"share_on_mastodon":{"url":"https:\/\/pubeurope.com\/@es\/117194101994180555","error":""},"_links":{"self":[{"href":"https:\/\/www.europesays.com\/es\/wp-json\/wp\/v2\/posts\/741478","targetHints":{"allow":["GET"]}}],"collection":[{"href":"https:\/\/www.europesays.com\/es\/wp-json\/wp\/v2\/posts"}],"about":[{"href":"https:\/\/www.europesays.com\/es\/wp-json\/wp\/v2\/types\/post"}],"author":[{"embeddable":true,"href":"https:\/\/www.europesays.com\/es\/wp-json\/wp\/v2\/users\/2"}],"replies":[{"embeddable":true,"href":"https:\/\/www.europesays.com\/es\/wp-json\/wp\/v2\/comments?post=741478"}],"version-history":[{"count":0,"href":"https:\/\/www.europesays.com\/es\/wp-json\/wp\/v2\/posts\/741478\/revisions"}],"wp:featuredmedia":[{"embeddable":true,"href":"https:\/\/www.europesays.com\/es\/wp-json\/wp\/v2\/media\/741479"}],"wp:attachment":[{"href":"https:\/\/www.europesays.com\/es\/wp-json\/wp\/v2\/media?parent=741478"}],"wp:term":[{"taxonomy":"category","embeddable":true,"href":"https:\/\/www.europesays.com\/es\/wp-json\/wp\/v2\/categories?post=741478"},{"taxonomy":"post_tag","embeddable":true,"href":"https:\/\/www.europesays.com\/es\/wp-json\/wp\/v2\/tags?post=741478"}],"curies":[{"name":"wp","href":"https:\/\/api.w.org\/{rel}","templated":true}]}}