{"id":741486,"date":"2026-09-01T05:29:26","date_gmt":"2026-09-01T05:29:26","guid":{"rendered":"https:\/\/www.europesays.com\/es\/741486\/"},"modified":"2026-09-01T05:29:26","modified_gmt":"2026-09-01T05:29:26","slug":"bruno-pardo-porto-pedro-sanchez-declara-el-fin-del-verano","status":"publish","type":"post","link":"https:\/\/www.europesays.com\/es\/741486\/","title":{"rendered":"Bruno Pardo Porto: Pedro S\u00e1nchez declara el fin del verano"},"content":{"rendered":"<p><img decoding=\"async\" class=\"v-ath__i\" loading=\"lazy\" src=\"https:\/\/www.europesays.com\/es\/wp-content\/uploads\/2026\/09\/autor-1863-avatar-opinion.webp\" alt=\"Bruno Pardo Porto\"\/><\/p>\n<p>31\/08\/2026<\/p>\n<p>Actualizado a las 15:42h.<\/p>\n<p class=\"v-d-p\" style=\"\">Espa\u00f1oles, el verano ha muerto,<a href=\"https:\/\/www.abc.es\/espana\/entrevista-pedro-sanchez-hoy-directo-declaraciones-ultimas-20260831081306-di.html\" data-voc-vtm-id=\"in-text-traffic\" data-mrf-link=\"www.abc.es\" rel=\"nofollow noopener\" target=\"_blank\"> vino a decir S\u00e1nchez en La Ser, en la primera entrevista de la temporada<\/a>: que el 31 de agosto caiga en lunes nos viene mal a todos, porque nos hurta la melancol\u00eda del \u00faltimo d\u00eda de playa, ese \u00faltimo  &#8230; paseo por la orilla, las divagaciones sobre el sentido de la vida y del trabajo, esas dudas del moreno, que se piensan con la piel y se recuerdan en Madrid, m\u00e1s melanc\u00f3licos a\u00fan, con la primera ca\u00f1a de septiembre, despu\u00e9s de un d\u00eda perfectamente improductivo en la oficina, un d\u00eda de mucho caf\u00e9 y mourinhismo exaltado, que es lo que nos merecemos para superar el trauma del regreso, y aqu\u00ed hay algo: en septiembre el f\u00fatbol es todo esperanza, la promesa de una resurrecci\u00f3n y un nacimiento, Camavinga y Diomand\u00e9, y en cambio el curso pol\u00edtico solo nos ofrece repetici\u00f3n, el hast\u00edo de las monoton\u00edas que no elegimos. <\/p>\n<p class=\"v-d-p\" style=\"\">S\u00e1nchez apareci\u00f3 en el estudio de Aimar Bretos en traje, sin corbata pero con chaleco, como si de pronto hubiera vuelto el fr\u00edo a nuestras vidas, que llegaba por la v\u00eda de real decreto y no del cambio clim\u00e1tico, es decir, por la v\u00eda de la invocaci\u00f3n, que defini\u00f3 hace unos d\u00edas M\u00f3nica Garc\u00eda: a lo de Ceuta hay que llamarlo crisis migratoria y no invasi\u00f3n para as\u00ed evitar la guerra, y viva la poes\u00eda. S\u00e1nchez vino a desarrollar esta teor\u00eda, y subi\u00f3 la apuesta diciendo que Marruecos ofreci\u00f3 una \u00abcooperaci\u00f3n instant\u00e1nea, inmediata\u00bb tras la entrada masiva de inmigrantes, de la que culp\u00f3 a organizaciones criminales, a Rusia, a Israel y a una \u00abinternacional ultraderechista\u00bb que trabaja por y para la divisi\u00f3n de Espa\u00f1a y Europa. Con la misma seguridad dijo que Felipe VI llevaba veinte a\u00f1os de reinado, cuando en realidad suma doce, y le ech\u00f3 en cara que hasta ahora nunca haya ido a Ceuta\u2026 S\u00e1nchez habl\u00f3 as\u00ed, con ese desparpajo suyo casi intelectual, durante una hora y cinco minutos, y para cuando acab\u00f3 parec\u00eda que llevaba ah\u00ed toda la vida y nosotros con \u00e9l, con los pies ya en el fango, lej\u00edsimos de cualquier playa real o imaginaria. <\/p>\n<p class=\"v-d-p\" style=\"\">Visto as\u00ed, S\u00e1nchez me record\u00f3 a aquel profesor, casi siempre de matem\u00e1ticas, que el primer d\u00eda de instituto ya se pon\u00eda a dar clase, como si no hubiera un minuto que perder, porque hab\u00eda echado las cuentas y todo era urgente. Chicos, ya vamos tarde, dec\u00eda, aunque en realidad pensaba: si a m\u00ed se me ha acabado el verano a vosotros tambi\u00e9n. <\/p>\n","protected":false},"excerpt":{"rendered":"31\/08\/2026 Actualizado a las 15:42h. Espa\u00f1oles, el verano ha muerto, vino a decir S\u00e1nchez en La Ser, en&hellip;\n","protected":false},"author":2,"featured_media":741487,"comment_status":"","ping_status":"","sticky":false,"template":"","format":"standard","meta":{"footnotes":""},"categories":[174],"tags":[255,2797,146,147,25,24,256,772,1822,199,23,1793],"class_list":["post-741486","post","type-post","status-publish","format-standard","has-post-thumbnail","category-famosos","tag-celebrities","tag-declara","tag-entertainment","tag-entretenimiento","tag-es","tag-espana","tag-famosos","tag-fin","tag-pedro","tag-sanchez","tag-spain","tag-verano"],"share_on_mastodon":{"url":"https:\/\/pubeurope.com\/@es\/117194141080767469","error":""},"_links":{"self":[{"href":"https:\/\/www.europesays.com\/es\/wp-json\/wp\/v2\/posts\/741486","targetHints":{"allow":["GET"]}}],"collection":[{"href":"https:\/\/www.europesays.com\/es\/wp-json\/wp\/v2\/posts"}],"about":[{"href":"https:\/\/www.europesays.com\/es\/wp-json\/wp\/v2\/types\/post"}],"author":[{"embeddable":true,"href":"https:\/\/www.europesays.com\/es\/wp-json\/wp\/v2\/users\/2"}],"replies":[{"embeddable":true,"href":"https:\/\/www.europesays.com\/es\/wp-json\/wp\/v2\/comments?post=741486"}],"version-history":[{"count":0,"href":"https:\/\/www.europesays.com\/es\/wp-json\/wp\/v2\/posts\/741486\/revisions"}],"wp:featuredmedia":[{"embeddable":true,"href":"https:\/\/www.europesays.com\/es\/wp-json\/wp\/v2\/media\/741487"}],"wp:attachment":[{"href":"https:\/\/www.europesays.com\/es\/wp-json\/wp\/v2\/media?parent=741486"}],"wp:term":[{"taxonomy":"category","embeddable":true,"href":"https:\/\/www.europesays.com\/es\/wp-json\/wp\/v2\/categories?post=741486"},{"taxonomy":"post_tag","embeddable":true,"href":"https:\/\/www.europesays.com\/es\/wp-json\/wp\/v2\/tags?post=741486"}],"curies":[{"name":"wp","href":"https:\/\/api.w.org\/{rel}","templated":true}]}}