{"id":741496,"date":"2026-09-01T05:39:33","date_gmt":"2026-09-01T05:39:33","guid":{"rendered":"https:\/\/www.europesays.com\/es\/741496\/"},"modified":"2026-09-01T05:39:33","modified_gmt":"2026-09-01T05:39:33","slug":"vivienda-unifamiliar-industrializada-elevada-sobre-el-paisaje-asturiano-por-hanghar","status":"publish","type":"post","link":"https:\/\/www.europesays.com\/es\/741496\/","title":{"rendered":"Vivienda unifamiliar industrializada elevada sobre el paisaje asturiano por HANGHAR"},"content":{"rendered":"<p>Casa Guadalupe, propuesta de HANGHAR, es una vivienda industrializada de estructura met\u00e1lica situada en Asturias, en un entorno pr\u00f3ximo al mar. El proyecto parte de un encargo con un uso previsto relativamente limitado \u2014la propiedad reside en San Francisco y quer\u00eda pasar los veranos en Asturias con su familia y alquilar la casa durante el resto del a\u00f1o\u2014 y se convierte en una experiencia de aprendizaje sobre la construcci\u00f3n off site. La vivienda no se plantea como un producto repetible, sino como un proyecto espec\u00edfico resuelto mediante un proceso de industrializaci\u00f3n.<\/p>\n<p>\ufeff<img decoding=\"async\" src=\"https:\/\/www.europesays.com\/es\/wp-content\/uploads\/2026\/09\/resized-rg1766c-015jpg_1787843643.jpeg\"\/><\/p>\n<p>Fotograf\u00eda: Rory Gardiner<\/p>\n<p>En esta conversaci\u00f3n, Eduardo Mediero explica c\u00f3mo el proyecto pas\u00f3 de una documentaci\u00f3n desarrollada con criterios de construcci\u00f3n tradicional a una definici\u00f3n apta para taller; qu\u00e9 condicionantes introdujeron el transporte y la elecci\u00f3n de los m\u00f3dulos; y por qu\u00e9, a su juicio, el futuro de la industrializaci\u00f3n no est\u00e1 en repetir una forma, sino en aprender a organizar procesos capaces de producir arquitecturas ajustadas a cada lugar.<\/p>\n<p>Tect\u00f3nica: <strong style=\"color: rgb(0, 71, 178);\">\u00bfC\u00f3mo surge Casa Guadalupe y qu\u00e9 condiciones de uso deb\u00eda atender la vivienda?<\/strong><\/p>\n<p>Eduardo Mediero:<strong style=\"color: rgb(0, 71, 178);\"> Casa Guadalupe es un proyecto para una clienta arquitecta formada en la Polit\u00e9cnica, aunque nunca quiso dedicarse profesionalmente a ejercer la arquitectura. Vive en San Francisco y quer\u00eda una vivienda en Asturias para pasar los veranos con su familia y alquilarla el resto del a\u00f1o. No iba a ser, por tanto, una casa de uso intensivo, y esa condici\u00f3n era importante a la hora de organizar la distribuci\u00f3n interior.<\/strong><\/p>\n<p><img decoding=\"async\" src=\"https:\/\/www.europesays.com\/es\/wp-content\/uploads\/2026\/09\/resized-01-situacinjpg_1787845001.jpeg\" width=\"414\"\/><\/p>\n<p>Situaci\u00f3n. <a href=\"https:\/\/pro-tectonica-s3.s3.eu-west-1.amazonaws.com\/01-situacinjpg_1788177529.jpeg\" target=\"_blank\" class=\"ql-size-small\" rel=\"nofollow noopener\">Ver ampliaci\u00f3n<\/a><\/p>\n<p><img decoding=\"async\" src=\"https:\/\/www.europesays.com\/es\/wp-content\/uploads\/2026\/09\/resized-rg1766c-003jpg_1788023471.jpeg\" width=\"415\"\/><\/p>\n<p>Fotograf\u00eda: Rory Gardiner<\/p>\n<p><img decoding=\"async\" src=\"https:\/\/www.europesays.com\/es\/wp-content\/uploads\/2026\/09\/resized-02-situacion-parcelajpg_1787845027.jpeg\" width=\"418\"\/><\/p>\n<p>Situacion parcela. <a href=\"https:\/\/pro-tectonica-s3.s3.eu-west-1.amazonaws.com\/02-situacion-parcelajpg_1788177529.jpeg\" target=\"_blank\" class=\"ql-size-small\" rel=\"nofollow noopener\">Ver ampliaci\u00f3n<\/a><\/p>\n<p><img decoding=\"async\" src=\"https:\/\/www.europesays.com\/es\/wp-content\/uploads\/2026\/09\/resized-rg1766c-001jpg_1788023421.jpeg\" width=\"419\"\/><\/p>\n<p>Fotograf\u00eda: Rory Gardiner<\/p>\n<p>Del proyecto tradicional a la prefabricaci\u00f3n<\/p>\n<p>Tect\u00f3nica:<strong style=\"color: rgb(0, 71, 178);\"> \u00bfPor qu\u00e9 se decide abordar el proyecto mediante prefabricaci\u00f3n y construcci\u00f3n en seco?<\/strong><\/p>\n<p>Eduardo Mediero:<strong style=\"color: rgb(0, 71, 178);\"> Hab\u00eda un inter\u00e9s previo de la propiedad y tambi\u00e9n un inter\u00e9s personal por intentar trabajar de esa manera. Yo ten\u00eda muchas ganas de hacer una arquitectura prefabricada por ideolog\u00eda: por querer que el sector de la construcci\u00f3n cambie \u2013que est\u00e1 cambiando\u2013. Decir que el sector de la construcci\u00f3n no ha innovado ser\u00eda una cosa muy reductiva, pero es verdad que es un sector al que le cuesta modificar procesos. <\/strong><\/p>\n<p><strong style=\"color: rgb(0, 71, 178);\">En nuestro caso, era la primera vez que iba a industrializar algo y todos \u00e9ramos bastante noveles en este tipo de procesos. Desde el comienzo, esa posibilidad llev\u00f3 a plantear una distribuci\u00f3n, una volumetr\u00eda y una colocaci\u00f3n de los huecos de fachada bastante seriadas, con separaciones entre m\u00f3dulos y ventanas muy parecidas, aunque no perfectamente iguales.<\/strong><\/p>\n<p><strong style=\"color: rgb(0, 71, 178);\">La casa, sin embargo, no est\u00e1 industrializada: est\u00e1 prefabricada. El proyecto de ejecuci\u00f3n se desarroll\u00f3 inicialmente como construcci\u00f3n tradicional. Despu\u00e9s se licit\u00f3 tanto a empresas constructoras convencionales como a varias empresas de prefabricaci\u00f3n, tanto de sistemas de acero como de hormig\u00f3n o madera, aunque el proyecto se hab\u00eda dise\u00f1ado en metal.\u00a0<\/strong><\/p>\n<p><img decoding=\"async\" src=\"https:\/\/www.europesays.com\/es\/wp-content\/uploads\/2026\/09\/resized-rg1766c-012jpg_1787844948.jpeg\" width=\"591\"\/><\/p>\n<p>Fotograf\u00eda: Rory Gardiner<\/p>\n<p><img decoding=\"async\" src=\"https:\/\/www.europesays.com\/es\/wp-content\/uploads\/2026\/09\/resized-102-planta-detalles-sin-detallesjpg_1787847851.jpeg\" width=\"592\"\/><\/p>\n<p>Planta. <a href=\"https:\/\/pro-tectonica-s3.s3.eu-west-1.amazonaws.com\/102-planta-detalles-sin-detallesjpg_1788177530.jpeg\" target=\"_blank\" class=\"ql-size-small\" rel=\"nofollow noopener\">Ver ampliaci\u00f3n<\/a><\/p>\n<p><strong style=\"color: rgb(0, 71, 178);\">Al final la empresa que ha desarrollado el proyecto no es un taller sino una empresa comercial que dise\u00f1a sus propios modelos y subcontrata la fabricaci\u00f3n, o trabaja mediante acuerdos de exclusividad con determinados talleres. <\/strong><\/p>\n<p><strong style=\"color: rgb(0, 71, 178);\">El mercado asturiano est\u00e1 muy tensionado: hay mucha demanda y poca oferta. Las constructoras est\u00e1n saturadas, los precios han aumentado mucho y exist\u00eda bastante incertidumbre sobre qui\u00e9n pod\u00eda construir, en qu\u00e9 plazos y de qu\u00e9 forma. En este panorama esta empresa nos daba mucha seguridad; hizo de intermediaria y tambi\u00e9n asumi\u00f3 una labor de consultor\u00eda importante. Se dio el caso de que uno de los talleres con el que nosotros hab\u00edamos contactado para prefabricar la casa, nos rechaz\u00f3, pero luego fue el taller que acab\u00f3 haciendo la casa a trav\u00e9s de la empresa, que es su cliente. Esto ha supuesto un sobrecoste para la propiedad, pero seguramente sin ellos no habr\u00edamos podido llevar el proyecto.<\/strong><\/p>\n<p><strong style=\"color: rgb(0, 71, 178);\">El taller construye los planos que recibe, pero para eso necesita una documentaci\u00f3n constructiva adaptada a algo prefabricable: medidas, dimensionado de la estructura, encuentros y dem\u00e1s decisiones que no pueden quedar abiertas. El taller es una constructora. Todo el proceso de traducci\u00f3n del proyecto en t\u00e9rminos prefabricables lo hizo la empresa intermediaria. En realidad, ellos no construyen viviendas de otros y creo que ha sido la primera y la \u00faltima vez que lo hacen porque a nivel comercial prefieren potenciar sus propios dise\u00f1os y por la involucraci\u00f3n que exige un proyecto de estas caracter\u00edsticas.<\/strong><\/p>\n<p><img decoding=\"async\" src=\"https:\/\/www.europesays.com\/es\/wp-content\/uploads\/2026\/09\/resized-05-fachada-2jpg_1787847905.jpeg\" width=\"597\"\/><\/p>\n<p>Alzado sur. <a href=\"https:\/\/pro-tectonica-s3.s3.eu-west-1.amazonaws.com\/05-fachada-2jpg_1788177530.jpeg\" target=\"_blank\" class=\"ql-size-small\" rel=\"nofollow noopener\">Ver ampliaci\u00f3n<\/a><\/p>\n<p><img decoding=\"async\" src=\"https:\/\/www.europesays.com\/es\/wp-content\/uploads\/2026\/09\/resized-rg1766c-013jpg_1787847943.jpeg\"\/><\/p>\n<p>Fotograf\u00eda: Rory Gardiner<\/p>\n<p>T:<strong style=\"color: rgb(0, 71, 178);\"> \u00bfQu\u00e9 aprendisteis de ese primer proceso de \u2018traducci\u00f3n\u2019 a un proceso de industrializaci\u00f3n?<\/strong><\/p>\n<p>EM:<strong style=\"color: rgb(0, 71, 178);\">\u00a0En Casa Guadalupe desarrollamos todo el proyecto de ejecuci\u00f3n con criterios de construcci\u00f3n tradicional y despu\u00e9s volvimos a hacer el proyecto de ejecuci\u00f3n para la prefabricaci\u00f3n. Trabajamos dos veces, lo que fue una barbaridad. La principal ense\u00f1anza ha sido que los actores que van a fabricar o a industrializar el proyecto tienen que incorporarse desde el principio.<\/strong><\/p>\n<p><strong style=\"color: rgb(0, 71, 178);\">Ahora estamos incorporando a esos actores mucho antes en otros proyectos. Se trata de contar desde el inicio con el conocimiento de c\u00f3mo se va a fabricar, transportar y montar. Eso permite tomar decisiones con tiempo, en lugar de traducir al final una arquitectura ya completamente definida.<\/strong><\/p>\n<p><img decoding=\"async\" src=\"https:\/\/www.europesays.com\/es\/wp-content\/uploads\/2026\/09\/resized-rg1766c-008jpg_1787848018.jpeg\"\/><\/p>\n<p>Fotograf\u00eda: Rory Gardiner<\/p>\n<p>Una innovaci\u00f3n de proceso<\/p>\n<p>T: <strong style=\"color: rgb(0, 71, 178);\">Has se\u00f1alado que la construcci\u00f3n de la casa no incorpora una innovaci\u00f3n constructiva radical, \u00bfen ning\u00fan sentido?<\/strong><\/p>\n<p>EM: <strong style=\"color: rgb(0, 71, 178);\">A nivel constructivo, la innovaci\u00f3n es pr\u00e1cticamente cero. Son vigas soldadas y panel s\u00e1ndwich, con uniones en seco, que ya se hac\u00edan en las case studies de los a\u00f1os cincuenta. La imagen de la casa prefabricada transportada por una gr\u00faa es muy antigua.<\/strong><\/p>\n<p><strong style=\"color: rgb(0, 71, 178);\">El inter\u00e9s est\u00e1 en organizar el proceso de una manera concreta y en construir fuera de la parcela. <\/strong><\/p>\n<p><strong style=\"color: rgb(0, 71, 178);\">La gesti\u00f3n de la obra es uno de los aspectos que m\u00e1s valoro en la construcci\u00f3n prefabricada como arquitecto. Las conversaciones sobre el proyecto y la obra son con ingenieros, aparejadores, otros arquitectos\u2026 El plan se cumple: si las ventanas se montan en la semana 14, se montan en la semana 14, no hay margen para replantear. <\/strong><\/p>\n<p><strong style=\"color: rgb(0, 71, 178);\">En Asturias, adem\u00e1s, trabajar en taller evita que la lluvia interrumpa continuamente la obra. Si se acumula una semana de lluvia, en una obra convencional puede ser una semana sin avances. Al mismo tiempo, este procedimiento obliga a tener muy pensado el proyecto antes de empezar a montarlo.<\/strong><\/p>\n<p><strong style=\"color: rgb(0, 71, 178);\">El sistema te hace cambiar como arquitecto.<\/strong><\/p>\n<p>T:<strong style=\"color: rgb(0, 71, 178);\"> \u00bfQu\u00e9 significa eso para la definici\u00f3n del proyecto?<\/strong><\/p>\n<p>EM: <strong style=\"color: rgb(0, 71, 178);\">Hay que entregar la documentaci\u00f3n con un nivel de pensamiento mucho mayor. No basta con imaginar la obra de manera general; hay que recorrer mentalmente c\u00f3mo se montan todos los oficios para que no se escape ning\u00fan encuentro: el encaje de la barandilla, c\u00f3mo remata la chapa\u2026. En una obra tradicional puedes terminar de resolver ciertos detalles m\u00e1s adelante. Aqu\u00ed hay que anticiparlos porque la fabricaci\u00f3n ya est\u00e1 en marcha.<\/strong><\/p>\n<p><img decoding=\"async\" src=\"https:\/\/www.europesays.com\/es\/wp-content\/uploads\/2026\/09\/resized-rg1766c-009jpg_1787848083.jpeg\"\/><\/p>\n<p>Fotograf\u00eda: Rory Gardiner<\/p>\n<p><img decoding=\"async\" src=\"https:\/\/www.europesays.com\/es\/wp-content\/uploads\/2026\/09\/resized-09-seccion-2jpg_1787848163.jpeg\" width=\"562\"\/><\/p>\n<p>Secci\u00f3n transversal. <a href=\"https:\/\/pro-tectonica-s3.s3.eu-west-1.amazonaws.com\/09-seccion-2jpg_1788177532.jpeg\" target=\"_blank\" class=\"ql-size-small\" rel=\"nofollow noopener\">Ver ampliaci\u00f3n<\/a><\/p>\n<p>Dibujar para fabricar<\/p>\n<p>T:<strong style=\"color: rgb(0, 71, 178);\"> \u00bfC\u00f3mo se produjo el paso desde el proyecto de arquitectura hasta los planos de fabricaci\u00f3n y montaje? <\/strong><\/p>\n<p>EM:<strong style=\"color: rgb(0, 71, 178);\"> Nosotros entregamos el proyecto en CAD, que es como lo hab\u00edamos desarrollado. Despu\u00e9s hubo un proceso muy intenso de intercambio de informaci\u00f3n en el que la empresa y el taller fueron traduciendo el proyecto a sus propias medidas y a su sistema de trabajo.<\/strong><\/p>\n<p><strong style=\"color: rgb(0, 71, 178);\">La persona con la que trabaj\u00e1bamos utilizaba un software tridimensional espec\u00edfico en el que constru\u00eda todo el proyecto. El taller ten\u00eda que reconstruir y verificar el proyecto dentro de su propio sistema. Ese intercambio fue, en la pr\u00e1ctica, la consultor\u00eda t\u00e9cnica necesaria para convertir el proyecto desarrollado en AutoCAD en una documentaci\u00f3n de fabricaci\u00f3n.<\/strong><\/p>\n<p><img decoding=\"async\" src=\"https:\/\/www.europesays.com\/es\/wp-content\/uploads\/2026\/09\/resized-img-7749jpg_1788025405.jpeg\" width=\"671\"\/><\/p>\n<p>Colocaci\u00f3n de los m\u00f3dulos sobre la plataforma de perfiles de acero.<\/p>\n<p>Transporte, cortes y m\u00f3dulos<\/p>\n<p>T:<strong style=\"color: rgb(0, 71, 178);\"> \u00bfQu\u00e9 condicionantes introdujeron el transporte y el montaje de los m\u00f3dulos?<\/strong><\/p>\n<p>EM:<strong style=\"color: rgb(0, 71, 178);\"> Al principio intentamos cortar el proyecto en sentido longitudinal, pero no fue posible y acabamos cort\u00e1ndolo transversalmente. Eso multiplic\u00f3 mucho el n\u00famero de m\u00f3dulos. La dimensi\u00f3n de corte qued\u00f3 condicionada por el ancho \u00fatil del cami\u00f3n.<\/strong><\/p>\n<p><strong style=\"color: rgb(0, 71, 178);\">Un problema que surgi\u00f3 en esa \u2018traducci\u00f3n\u2019 del proyecto fue que a la empresa de prefabricaci\u00f3n le conven\u00eda que toda la secci\u00f3n de la casa, desde la cumbrera hasta el forjado, fuese una \u00fanica secci\u00f3n. El problema era que esa secci\u00f3n no cab\u00eda bajo los puentes. Para que cupiera habr\u00eda que haber hecho una cubierta con una forma muy rara, como chata. Pero esto no estaba definido en el proyecto de prefabricaci\u00f3n y tuvimos que defender que la secci\u00f3n de la casa era la que nosotros hab\u00edamos dise\u00f1ado.<\/strong><\/p>\n<p><img decoding=\"async\" src=\"https:\/\/www.europesays.com\/es\/wp-content\/uploads\/2026\/09\/resized-img-7751jpg_1788025477.jpeg\" width=\"672\"\/><\/p>\n<p>Los m\u00f3dulos base se van uniendo uno junto a otro hasta completar el conjunto. <\/p>\n<p><strong style=\"color: rgb(0, 71, 178);\">Finalmente, se mantuvo la secci\u00f3n de la casa y se dividi\u00f3 el conjunto entre los m\u00f3dulos base y la cubierta; es decir hubo que duplicar el n\u00famero de m\u00f3dulos. Para el taller eso significaba m\u00e1s piezas, m\u00e1s trabajo y m\u00e1s carga de fabricaci\u00f3n\u2026, pero aun as\u00ed merece la pena. Es un equilibrio en el que tienes que decidir entre eficiencia y proyecto. La soluci\u00f3n m\u00e1s eficiente para el taller no siempre es la que mejor responde a la arquitectura.<\/strong><\/p>\n<p><img decoding=\"async\" src=\"https:\/\/www.europesays.com\/es\/wp-content\/uploads\/2026\/09\/resized-img-7752jpg_1788025497.jpeg\" width=\"671\"\/><\/p>\n<p>Sobre los m\u00f3dulos base se van situando los m\u00f3dulos de cubierta.<\/p>\n<p><strong style=\"color: rgb(0, 71, 178);\">El transporte no es una cuesti\u00f3n secundaria. La direcci\u00f3n de corte y las dimensiones admisibles del cami\u00f3n introducen condicionantes que hay que incorporar al proyecto. No se trata de dibujar una casa y despu\u00e9s dividirla, sino de decidir desde el principio c\u00f3mo se adapta el conjunto a esas condiciones.<\/strong><\/p>\n<p><strong style=\"color: rgb(0, 71, 178);\">Por ejemplo, elegimos un sistema de suelo en seco, con lin\u00f3leo o material vin\u00edlico, para evitar los suelos h\u00famedos. La propiedad quer\u00eda una superficie continua, parecida al microcemento, pero eso habr\u00eda obligado a ejecutar ese acabado en la parcela. La elecci\u00f3n del material estuvo relacionada con la posibilidad de terminar la casa en taller y llevarla a obra con la menor cantidad posible de trabajos h\u00famedos.<\/strong><\/p>\n<p><strong style=\"color: rgb(0, 71, 178);\">No lo entiendo como una limitaci\u00f3n, sino como un condicionante. Todos los proyectos los tienen. El material que se puede transportar, la dimensi\u00f3n de una placa o la posibilidad de subir un elemento por una escalera tambi\u00e9n condicionan una obra convencional. En la prefabricaci\u00f3n esos condicionantes se hacen m\u00e1s visibles y hay que incorporarlos de forma expl\u00edcita.<\/strong><\/p>\n<p><img decoding=\"async\" src=\"https:\/\/www.europesays.com\/es\/wp-content\/uploads\/2026\/09\/resized-img-7753jpg_1788025515.jpeg\" width=\"671\"\/><\/p>\n<p>Los m\u00f3dulos se unen en seco, por medio de tornillos y tuercas, permitiendo un posible desmontaje de la vivienda.<\/p>\n<p><img decoding=\"async\" src=\"https:\/\/www.europesays.com\/es\/wp-content\/uploads\/2026\/09\/combi-secciones-constructivasjpg_1788026398.jpeg\" width=\"671\"\/><\/p>\n<p>Secciones constructivas: vertical y horizontal. Ver PDF (s\u00f3lo para suscriptores con plan premium)<\/p>\n<p><img decoding=\"async\" src=\"https:\/\/www.europesays.com\/es\/wp-content\/uploads\/2026\/09\/resized-rg1766c-005jpg_1788028717.jpeg\"\/><\/p>\n<p>Fotograf\u00eda: Rory Gardiner<\/p>\n<p>Proveedores y decisiones de suministro<\/p>\n<p>T:<strong style=\"color: rgb(0, 71, 178);\"> \u00bfLa empresa tiene una serie de proveedores fijos o tienes libertad de proponer soluciones espec\u00edficas? <\/strong><\/p>\n<p>EM:<strong style=\"color: rgb(0, 71, 178);\"> Depende. El suelo vin\u00edlico lo trajimos nosotros, pero las ventanas o el panel s\u00e1ndwich estaban especificados porque el taller trabaja con unos proveedores habituales a gran escala y pueden ofrecer un precio mejor. <\/strong><\/p>\n<p><strong style=\"color: rgb(0, 71, 178);\">La elecci\u00f3n final depende de los acuerdos y de la capacidad de compra de cada actor.<\/strong><\/p>\n<p>T:<strong style=\"color: rgb(0, 71, 178);\"> \u00bfC\u00f3mo cambiar\u00edais esa relaci\u00f3n en futuros proyectos?<\/strong><\/p>\n<p>EM: <strong style=\"color: rgb(0, 71, 178);\">En los siguientes proyectos intentaremos trabajar directamente con el taller, sin duplicar los canales de comunicaci\u00f3n. <\/strong><\/p>\n<p><strong style=\"color: rgb(0, 71, 178);\">Aun as\u00ed, el proceso que ha habido en Casa Guadalupe ha sido muy \u00fatil; la empresa intermediaria fue un gran aliado para nosotros y nos ha dado la confianza para abordar otros proyectos directamente con talleres, aunque la confianza no equivale todav\u00eda a tener todo el conocimiento.\u00a0<\/strong><\/p>\n<p><img decoding=\"async\" src=\"https:\/\/www.europesays.com\/es\/wp-content\/uploads\/2026\/09\/resized-06-fachada-3jpg_1788104282.jpeg\" width=\"575\"\/><\/p>\n<p>Alzado oeste. <a href=\"https:\/\/pro-tectonica-s3.s3.eu-west-1.amazonaws.com\/06-fachada-3jpg_1788177530.jpeg\" target=\"_blank\" class=\"ql-size-small\" rel=\"nofollow noopener\">Ver ampliaci\u00f3n<\/a><\/p>\n<p><img decoding=\"async\" src=\"https:\/\/www.europesays.com\/es\/wp-content\/uploads\/2026\/09\/resized-rg1766c-017jpg_1788028763.jpeg\" width=\"576\"\/><\/p>\n<p>Fotograf\u00eda: Rory Gardiner<\/p>\n<p><img decoding=\"async\" src=\"https:\/\/www.europesays.com\/es\/wp-content\/uploads\/2026\/09\/resized-101-planta-detalles-con-detallesjpg_1788091548.jpeg\" width=\"577\"\/><\/p>\n<p>Planta con secciones constructivas. Ver ampliaci\u00f3n (s\u00f3lo para suscriptores con plan Premium).<\/p>\n<p>Lo que cambia despu\u00e9s de la experiencia<\/p>\n<p>T: <strong style=\"color: rgb(0, 71, 178);\">Si volvieras a iniciar Casa Guadalupe, \u00bfqu\u00e9 cambiar\u00edas?<\/strong><\/p>\n<p>EM:<strong style=\"color: rgb(0, 71, 178);\"> Incorporar\u00eda mucho antes a la empresa que fuera a industrializar o fabricar el proyecto. Al final trabajamos dos veces. Dependiendo de los servicios que ofrezca, puede ser el propio taller, si tiene departamento t\u00e9cnico, o una empresa de ingenier\u00eda e industrializaci\u00f3n que ayude a definir el procedimiento.<\/strong><\/p>\n<p><strong style=\"color: rgb(0, 71, 178);\">Estas empresas pueden estudiar desde el comienzo qu\u00e9 sistema constructivo conviene, c\u00f3mo se transportan los elementos y qu\u00e9 talleres tienen capacidad para fabricar y montar en el lugar de la obra. En un proyecto de residencia de estudiantes que se comentaba durante la conversaci\u00f3n, por ejemplo, se estudi\u00f3 sustituir los m\u00f3dulos tridimensionales por elementos paletizados en dos dimensiones, para montarlos junto a la obra y reducir costes y operaciones de transporte. Ese tipo de an\u00e1lisis forma parte del dise\u00f1o del proceso y no suele poder hacerlo por s\u00ed solo un estudio de arquitectura.<\/strong><\/p>\n<p><strong style=\"color: rgb(0, 71, 178);\">En otros proyectos que estamos desarrollando, la empresa de industrializaci\u00f3n se incorpora cuando la distribuci\u00f3n y la estrategia general est\u00e1n suficientemente definidas, pero antes de cerrar toda la documentaci\u00f3n. As\u00ed puede ayudar sin sustituir las decisiones arquitect\u00f3nicas.<\/strong><\/p>\n<p><img decoding=\"async\" src=\"https:\/\/www.europesays.com\/es\/wp-content\/uploads\/2026\/09\/resized-rg1766c-011jpg_1788028810.jpeg\"\/><\/p>\n<p>Fotograf\u00eda: Rory Gardiner<\/p>\n<p>Un proceso replicable, no un producto<\/p>\n<p>T:<strong style=\"color: rgb(0, 71, 178);\"> \u00bfSe puede repetir el sistema utilizado en Casa Guadalupe en otros proyectos?<\/strong><\/p>\n<p>EM: <strong style=\"color: rgb(0, 71, 178);\">Lo que se puede repetir es el proceso, no el sistema entendido como un producto. <\/strong><\/p>\n<p><strong style=\"color: rgb(0, 71, 178);\">La industrializaci\u00f3n debe entender que construir fuera de la parcela implica determinados condicionantes. Si se dise\u00f1a para una casa en medio de los Pirineos una viga de treinta metros y no puede transportarse por carretera, habr\u00e1 que cortarla. Lo mismo ocurre con cualquier elemento que tenga unas dimensiones o un peso determinados. La arquitectura siempre trabaja con condicionantes; la cuesti\u00f3n es incorporarlos al proceso desde el principio.<\/strong><\/p>\n<p><strong style=\"color: rgb(0, 71, 178);\">El futuro no consiste en entender la arquitectura como un producto replicable, sino en utilizar los sistemas y procesos de la industria para construir arquitecturas espec\u00edficas para cada lugar. En los proyectos que estamos desarrollando ahora de viviendas industrializadas, en madera, acero y otros sistemas, los dise\u00f1os son ad hoc. Lo que se repite es una forma de pensar: c\u00f3mo se transportan los m\u00f3dulos, c\u00f3mo se hace m\u00e1s eficiente el sistema y c\u00f3mo se reduce el n\u00famero de camiones, no una forma arquitect\u00f3nica fija.<\/strong><\/p>\n<p><img decoding=\"async\" src=\"https:\/\/www.europesays.com\/es\/wp-content\/uploads\/2026\/09\/resized-rg1766c-007jpg_1788093916.jpeg\" width=\"590\"\/><\/p>\n<p>Fotograf\u00eda: Rory Gardiner<\/p>\n<p>T: <strong style=\"color: rgb(0, 71, 178);\">\u00bfLa experiencia de Casa Guadalupe ha influido en los proyectos que est\u00e1is desarrollando ahora?<\/strong><\/p>\n<p>EM:<strong style=\"color: rgb(0, 71, 178);\"> S\u00ed, por las dos v\u00edas: nos han llamado por ese trabajo y tambi\u00e9n nos hemos sentido m\u00e1s seguros para abordar nuevos procesos. Estamos trabajando en viviendas industrializadas de madera y de acero, con dise\u00f1os particulares para cada encargo. Tambi\u00e9n estamos desarrollando un proyecto de viviendas en Murcia, en el que se iba a entregar el b\u00e1sico en las semanas siguientes a la entrevista.<\/strong><\/p>\n<p><strong style=\"color: rgb(0, 71, 178);\">La experiencia permite entender que el industrializador puede funcionar como una ingenier\u00eda del proceso: analiza el proyecto, propone sistemas, estudia los talleres disponibles y coordina distintos proveedores. No tiene por qu\u00e9 ser una \u00fanica empresa que fabrique todo. Puede aglutinar una red de agentes y organizarla de forma semejante a como una constructora coordina los distintos oficios en una obra tradicional.<\/strong><\/p>\n<p><strong style=\"color: rgb(0, 71, 178);\">La conclusi\u00f3n es que hay que dejar de entender la industrializaci\u00f3n como la fabricaci\u00f3n de un producto y empezar a entenderla como la fabricaci\u00f3n de un proceso. Una vivienda no es un objeto que se compra y se utiliza como un producto terminado; sigue siendo un organismo vivo, sujeto a decisiones, ajustes e incertidumbres. Profesionalizar y gestionar mejor los procesos puede reducir esas incertidumbres, pero no elimina la condici\u00f3n espec\u00edfica de cada proyecto.<\/strong><\/p>\n<p><img decoding=\"async\" src=\"https:\/\/www.europesays.com\/es\/wp-content\/uploads\/2026\/09\/04-fachada-1jpg_1788093515.jpeg\" width=\"602\"\/><\/p>\n<p>Alzado norte. <a href=\"https:\/\/pro-tectonica-s3.s3.eu-west-1.amazonaws.com\/04-fachada-1jpg_1788177531.jpeg\" target=\"_blank\" class=\"ql-size-small\" rel=\"nofollow noopener\">Ver ampliaci\u00f3n<\/a><\/p>\n<p><img decoding=\"async\" src=\"https:\/\/www.europesays.com\/es\/wp-content\/uploads\/2026\/09\/resized-rg1766c-0201jpg_1788093547.jpeg\" width=\"604\"\/><\/p>\n<p>Fotograf\u00eda: Rory Gardiner. En la zona de ducha, se cuida especialmente la impermeabilizaci\u00f3n en el pavimento con una l\u00e1mina de <a href=\"https:\/\/www.estilguru.com\/\" target=\"_blank\" class=\"ql-size-small\" style=\"color: rgb(0, 0, 0);\" rel=\"nofollow noopener\">GURU<\/a>, para evitar el paso de humedad a las habitaciones contiguas.<\/p>\n<p>Un tema delicado: la responsabilidad legal<\/p>\n<p>T: <strong style=\"color: rgb(0, 71, 178);\">\u00bfQu\u00e9 problemas plantea la incorporaci\u00f3n de tantos agentes t\u00e9cnicos y empresas al proceso?<\/strong><\/p>\n<p>EM:<strong style=\"color: rgb(0, 71, 178);\"> La industrializaci\u00f3n introduce muchos actores que toman decisiones importantes: la empresa que hace la consultor\u00eda, el taller, los proveedores, los t\u00e9cnicos de estructura, la constructora que resuelve la parcela y los instaladores. Sin embargo, la legislaci\u00f3n sigue contemplando de una forma bastante piramidal que el arquitecto sea el \u00faltimo responsable.<\/strong><\/p>\n<p><strong style=\"color: rgb(0, 71, 178);\">El industrializador puede dibujar los planos constructivos, hacer c\u00e1lculos y definir sistemas, pero despu\u00e9s esa documentaci\u00f3n puede llegar al arquitecto para que la firme. Esto genera una desprotecci\u00f3n importante, porque el arquitecto mantiene la responsabilidad final, aunque no haya tomado todas las decisiones ni haya ejecutado directamente todos los trabajos.<\/strong><\/p>\n<p><strong style=\"color: rgb(0, 71, 178);\">En Casa Guadalupe se hizo visible tambi\u00e9n en las instalaciones. La parte de la parcela \u2014urbanizaci\u00f3n, cimentaciones e instalaciones enterradas\u2014 se contrat\u00f3 a una peque\u00f1a constructora, y el electricista que trabaj\u00f3 all\u00ed era distinto del que ejecut\u00f3 la instalaci\u00f3n de la casa. Cuando lleg\u00f3 el momento de firmar el bolet\u00edn, ninguno quer\u00eda asumir una instalaci\u00f3n que no hab\u00eda realizado. La falta de ese documento impidi\u00f3 completar los tr\u00e1mites con la administraci\u00f3n y retras\u00f3 la entrada de la propiedad.<\/strong><\/p>\n<p><strong style=\"color: rgb(0, 71, 178);\">El problema no es solo de una obra concreta. Afecta al visado, a la direcci\u00f3n de obra, a los certificados y a la definici\u00f3n de responsabilidades. El modelo tradicional supone una secuencia lineal: el arquitecto dise\u00f1a y prescribe, la constructora ejecuta y la obra se entrega. En estos procesos, los agentes t\u00e9cnicos intervienen desde el principio y esa estructura legal todav\u00eda no se ha adaptado completamente.<\/strong><\/p>\n<p><strong style=\"color: rgb(0, 71, 178);\">Otro aspecto fr\u00e1gil es que entregas toda la obra a una sola entidad, el taller. Ha habido un Congreso de Industrializaci\u00f3n organizado en Cuatrecasas en el que se tratado este asunto porque afecta mucho a la rentabilidad del sistema.\u00a0En el congreso se habl\u00f3 de las primas de las aseguradoras por trabajar con un solo taller y el riesgo que eso supone, que en ocasiones sobrepasa la reducci\u00f3n en coste del propio sistema. <\/strong><\/p>\n<p><strong style=\"color: rgb(0, 71, 178);\">En este sentido estas empresas intermediarias, las industrializadoras, van a coger cada vez m\u00e1s importancia porque van a poder diversificar a los proveedores.<\/strong><\/p>\n<p><img decoding=\"async\" src=\"https:\/\/www.europesays.com\/es\/wp-content\/uploads\/2026\/09\/vista-trasera-montaje-limpiajpg_1788175387.jpeg\" width=\"602\"\/><\/p>\n<p>Fotograf\u00eda: HANGHAR<\/p>\n<p>Terreno y cimentaci\u00f3n. Problemas con el firme y soluci\u00f3n constructivaEl agua de lluvia como parte del proyectoCalefacci\u00f3n, ventilaci\u00f3n y previsi\u00f3n de refrigeraci\u00f3n<\/p>\n","protected":false},"excerpt":{"rendered":"Casa Guadalupe, propuesta de HANGHAR, es una vivienda industrializada de estructura met\u00e1lica situada en Asturias, en un entorno&hellip;\n","protected":false},"author":2,"featured_media":741497,"comment_status":"","ping_status":"","sticky":false,"template":"","format":"standard","meta":{"footnotes":""},"categories":[80],"tags":[801,6092,82,5297,7510,33200,95,94,25,24,4223,2239,33199,23,33198,33197,25972],"class_list":["post-741496","post","type-post","status-publish","format-standard","has-post-thumbnail","category-economia","tag-arquitectura","tag-articulos","tag-business","tag-construccion","tag-detalles","tag-detalles-constructivos","tag-economia","tag-economy","tag-es","tag-espana","tag-productos","tag-proyectos","tag-soluciones-constructivas","tag-spain","tag-tectonica","tag-tectonica-online","tag-temas"],"share_on_mastodon":{"url":"https:\/\/pubeurope.com\/@es\/117194181332052149","error":""},"_links":{"self":[{"href":"https:\/\/www.europesays.com\/es\/wp-json\/wp\/v2\/posts\/741496","targetHints":{"allow":["GET"]}}],"collection":[{"href":"https:\/\/www.europesays.com\/es\/wp-json\/wp\/v2\/posts"}],"about":[{"href":"https:\/\/www.europesays.com\/es\/wp-json\/wp\/v2\/types\/post"}],"author":[{"embeddable":true,"href":"https:\/\/www.europesays.com\/es\/wp-json\/wp\/v2\/users\/2"}],"replies":[{"embeddable":true,"href":"https:\/\/www.europesays.com\/es\/wp-json\/wp\/v2\/comments?post=741496"}],"version-history":[{"count":0,"href":"https:\/\/www.europesays.com\/es\/wp-json\/wp\/v2\/posts\/741496\/revisions"}],"wp:featuredmedia":[{"embeddable":true,"href":"https:\/\/www.europesays.com\/es\/wp-json\/wp\/v2\/media\/741497"}],"wp:attachment":[{"href":"https:\/\/www.europesays.com\/es\/wp-json\/wp\/v2\/media?parent=741496"}],"wp:term":[{"taxonomy":"category","embeddable":true,"href":"https:\/\/www.europesays.com\/es\/wp-json\/wp\/v2\/categories?post=741496"},{"taxonomy":"post_tag","embeddable":true,"href":"https:\/\/www.europesays.com\/es\/wp-json\/wp\/v2\/tags?post=741496"}],"curies":[{"name":"wp","href":"https:\/\/api.w.org\/{rel}","templated":true}]}}