{"id":741502,"date":"2026-09-01T05:42:21","date_gmt":"2026-09-01T05:42:21","guid":{"rendered":"https:\/\/www.europesays.com\/es\/741502\/"},"modified":"2026-09-01T05:42:21","modified_gmt":"2026-09-01T05:42:21","slug":"ubisoft-barcelona-mobile-decreta-presencialidad-total-y-los-trabajadores-convocan-una-huelga-indefinida","status":"publish","type":"post","link":"https:\/\/www.europesays.com\/es\/741502\/","title":{"rendered":"Ubisoft Barcelona Mobile decreta presencialidad total y los trabajadores convocan una huelga indefinida"},"content":{"rendered":"<p class=\"article-text\">\n        La Coordinadora Sindical del Videojuego (CSVI) de la CGT ha convocado una huelga indefinida de seis d\u00edas mensuales en Ubisoft Barcelona Mobile, la divisi\u00f3n de videojuegos para m\u00f3viles del gigante franc\u00e9s Ubisoft, contra el trabajo presencial obligatorio decretado por la compa\u00f1\u00eda.\n    <\/p>\n<p>    <a href=\"https:\/\/www.eldiario.es\/catalunya\/teletrabajo-verano-permisos-cuidar-amigos-recomendaciones-govern-mejorar-conciliacion_1_13314672.html\" data-mrf-recirculation=\"saber-mas\" data-dl-event=\"saber-mas\" rel=\"nofollow noopener\" target=\"_blank\"><\/p>\n<p class=\"know-more__title\">Teletrabajo en verano o permisos para cuidar de amigos, las recomendaciones del Govern para mejorar la conciliaci\u00f3n<\/p>\n<p>            <img decoding=\"async\" class=\"lazy\" loading=\"lazy\" data-src=\"https:\/\/static.eldiario.es\/clip\/148dcbc6-0f88-4acf-9740-ad592acdcd61_16-9-aspect-ratio_default_0.jpg\" src=\"data:image\/svg+xml,%3Csvg xmlns=\" http:=\"\" viewbox=\"0 0 880 495\" alt=\"Teletrabajo en verano o permisos para cuidar de amigos, las recomendaciones del Govern para mejorar la conciliaci\u00f3n\"\/><\/p>\n<p>                        <\/a><\/p>\n<p class=\"article-text\">\n        La huelga, registrada ante la Inspecci\u00f3n de Trabajo desde el pasado mes de julio, est\u00e1 convocada para seis d\u00edas al mes \u2014que en septiembre ser\u00e1n el 1, 2, 3, 16, 17 y 18\u2014, y ha sido impulsada desde la CGT, el \u00fanico sindicato en este centro de Barcelona, formado por un centenar de personas.\n    <\/p>\n<p class=\"article-text\">\n        Los trabajadores dispon\u00edan de tres d\u00edas de teletrabajo hasta septiembre de 2024, cuando la compa\u00f1\u00eda les comunic\u00f3 que deber\u00edan trabajar de forma presencial tres d\u00edas a la semana, y ahora, seg\u00fan les comunicaron en abril, deber\u00e1n acudir a la oficina los cinco d\u00edas a la semana a partir de enero.\n    <\/p>\n<p class=\"article-text\">\n        \u201cQueremos una negociaci\u00f3n real y queremos volver a tener el teletrabajo blindado como derecho\u201d, han explicado las mismas fuentes sindicales, las cuales consideran que esta \u201cimposici\u00f3n\u201d es una forma encubierta de la compa\u00f1\u00eda para reducir el n\u00famero de trabajadores a trav\u00e9s de bajas voluntarias.\n    <\/p>\n<p class=\"article-text\">\n        Los trabajadores han convocado adem\u00e1s una manifestaci\u00f3n este martes ante las oficinas de Ubisoft Barcelona Mobile y plantean acciones coordinadas con los sindicatos de Lyon, Mil\u00e1n y D\u00fcsseldorf, tambi\u00e9n afectados por la decisi\u00f3n.\n    <\/p>\n<p class=\"article-text\">\n        El centro de Barcelona tiene sus oficinas en la planta 9 de la Torre Telef\u00f3nica, ubicada en la avenida Diagonal, y ha trabajado recientemente en Hungry Shark, un juego de supervivencia acu\u00e1tica estilo arcade, y en Invincible: Guarding The Globe, un juego de rol de escuadrones de h\u00e9roes.\n    <\/p>\n<p>    <a href=\"https:\/\/www.eldiario.es\/cultura\/trabajadores-empresa-videojuegos-ubisoft-barcelona-huelga-protestar-despidos-masivos_1_13381892.html\" data-mrf-recirculation=\"saber-mas-abajo\" data-dl-event=\"saber-mas-abajo\" rel=\"nofollow noopener\" target=\"_blank\"><\/p>\n<p class=\"know-more__title\">Los trabajadores de la empresa de videojuegos Ubisoft Barcelona, en huelga para protestar contra despidos masivos\n<\/p>\n<p>            <img decoding=\"async\" class=\"lazy\" loading=\"lazy\" data-src=\"https:\/\/static.eldiario.es\/clip\/ea71647a-a027-49de-9ff9-b88c4cf28164_16-9-aspect-ratio_default_0_x962y597.jpg\" src=\"data:image\/svg+xml,%3Csvg xmlns=\" http:=\"\" viewbox=\"0 0 880 495\" alt=\"Los trabajadores de la empresa de videojuegos Ubisoft Barcelona, en huelga para protestar contra despidos masivos\"\/><\/p>\n<p>                        <\/a><\/p>\n<p class=\"article-text\">\n        Este centro de videojuegos para m\u00f3viles es el \u00fanico de Ubisoft en Espa\u00f1a, aunque en la misma ciudad, la empresa tiene otra divisi\u00f3n para consolas y ordenadores, que ha trabajado recientemente en la saga Assassin&#8217;s Creed y para la que la compa\u00f1\u00eda <a href=\"https:\/\/www.eldiario.es\/cultura\/trabajadores-empresa-videojuegos-ubisoft-barcelona-huelga-protestar-despidos-masivos_1_13381892.html\" target=\"_blank\" data-mrf-recirculation=\"links-noticia\" class=\"link\" rel=\"nofollow noopener\">present\u00f3 un ERE de 51 personas en junio, que finalmente acab\u00f3 afectando a 39 trabajadores<\/a>.\n    <\/p>\n","protected":false},"excerpt":{"rendered":"La Coordinadora Sindical del Videojuego (CSVI) de la CGT ha convocado una huelga indefinida de seis d\u00edas mensuales&hellip;\n","protected":false},"author":2,"featured_media":741503,"comment_status":"","ping_status":"","sticky":false,"template":"","format":"standard","meta":{"footnotes":""},"categories":[5],"tags":[517,210,17,18,1980,95,25,24,13,14,11,1982,19,20,9,10,15,16,1981,952,23,12,21,22],"class_list":["post-741502","post","type-post","status-publish","format-standard","has-post-thumbnail","category-titulares","tag-actualidad","tag-barcelona","tag-breaking-news","tag-breakingnews","tag-cataluna","tag-economia","tag-es","tag-espana","tag-featured-news","tag-featurednews","tag-headlines","tag-ignacio-escolar","tag-latest-news","tag-latestnews","tag-news","tag-noticias","tag-noticias-destacadas","tag-noticiasdestacadas","tag-periodismo-independiente","tag-politica","tag-spain","tag-titulares","tag-ultimas-noticias","tag-ultimasnoticias"],"share_on_mastodon":{"url":"https:\/\/pubeurope.com\/@es\/117194191420690737","error":""},"_links":{"self":[{"href":"https:\/\/www.europesays.com\/es\/wp-json\/wp\/v2\/posts\/741502","targetHints":{"allow":["GET"]}}],"collection":[{"href":"https:\/\/www.europesays.com\/es\/wp-json\/wp\/v2\/posts"}],"about":[{"href":"https:\/\/www.europesays.com\/es\/wp-json\/wp\/v2\/types\/post"}],"author":[{"embeddable":true,"href":"https:\/\/www.europesays.com\/es\/wp-json\/wp\/v2\/users\/2"}],"replies":[{"embeddable":true,"href":"https:\/\/www.europesays.com\/es\/wp-json\/wp\/v2\/comments?post=741502"}],"version-history":[{"count":0,"href":"https:\/\/www.europesays.com\/es\/wp-json\/wp\/v2\/posts\/741502\/revisions"}],"wp:featuredmedia":[{"embeddable":true,"href":"https:\/\/www.europesays.com\/es\/wp-json\/wp\/v2\/media\/741503"}],"wp:attachment":[{"href":"https:\/\/www.europesays.com\/es\/wp-json\/wp\/v2\/media?parent=741502"}],"wp:term":[{"taxonomy":"category","embeddable":true,"href":"https:\/\/www.europesays.com\/es\/wp-json\/wp\/v2\/categories?post=741502"},{"taxonomy":"post_tag","embeddable":true,"href":"https:\/\/www.europesays.com\/es\/wp-json\/wp\/v2\/tags?post=741502"}],"curies":[{"name":"wp","href":"https:\/\/api.w.org\/{rel}","templated":true}]}}