{"id":741570,"date":"2026-09-01T06:50:21","date_gmt":"2026-09-01T06:50:21","guid":{"rendered":"https:\/\/www.europesays.com\/es\/741570\/"},"modified":"2026-09-01T06:50:21","modified_gmt":"2026-09-01T06:50:21","slug":"poco-presenta-hoy-los-f9-y-su-gama-se-recoloca-cuatro-modelos-ahora-se-convierten-en-chollo","status":"publish","type":"post","link":"https:\/\/www.europesays.com\/es\/741570\/","title":{"rendered":"POCO presenta hoy los F9 y su gama se recoloca: cuatro modelos ahora se convierten en chollo"},"content":{"rendered":"<p><img decoding=\"async\" class=\"v-ath__i\" loading=\"lazy\" src=\"https:\/\/www.europesays.com\/es\/wp-content\/uploads\/2026\/09\/autor-6889-foto-2.png\" alt=\"Alejandra Santisteban Guiu\"\/><\/p>\n<p>01\/09\/2026 a las 06:24h.<\/p>\n<p class=\"v-d-p\" style=\"\">Si sigues lanzamientos, ya sabes que el d\u00eda en que una marca ense\u00f1a su nuevo tope de gama lo interesante no est\u00e1 en el escenario. Est\u00e1 justo debajo,<strong> en los modelos que la mayor\u00eda acaba comprando de verdad<\/strong>.<\/p>\n<p class=\"v-d-p\" style=\"\">POCO <strong>presenta hoy la serie F9, con el Snapdragon 8 Elite Gen 5 dentro<\/strong>, y ese estreno recoloca a los cuatro m\u00f3viles que ya lleva meses vendiendo. Los cuatro repiten la misma receta a distinta altura. La pregunta buena es en qu\u00e9 escal\u00f3n deja de notarse lo que pagas de m\u00e1s.<\/p>\n<p>\nLa misma receta de POCO servida a cuatro alturas distintas\n<\/p>\n<p class=\"v-d-p\" style=\"\">La f\u00f3rmula se reconoce a simple vista en los cuatro modelos que ya est\u00e1n a la venta: <strong>pantalla a 120 Hz en todos, HyperOS de serie y carga r\u00e1pida de 100 W<\/strong> en tres de los cuatro. <\/p>\n<p class=\"v-d-p\" style=\"\">Sobre el papel se parecen bastante, y ah\u00ed empieza el l\u00edo de quien entra a comprar sin haber mirado antes.<\/p>\n<p class=\"v-d-p\" style=\"\">Lo que de verdad los separa no cabe en la caja: <strong>el procesador y el tipo de memoria<\/strong>. De ah\u00ed depende que el m\u00f3vil siga yendo fino dentro de dos a\u00f1os o empiece a arrastrarse a los ocho meses.<\/p>\n<p>\nEl n\u00famero uno de la lista\n<\/p>\n<p><img decoding=\"async\" loading=\"lazy\" src=\"https:\/\/www.europesays.com\/es\/wp-content\/uploads\/2026\/09\/poco f9 series (1)-U24860006788rpj-680x476@diario_abc.jpg\" class=\"v-a-img\" width=\"680\" height=\"478\" alt=\"\" data-voc-vtm-id=\"in-text-traffic\"\/><\/p>\n<p class=\"v-d-p\" style=\"\">El POCO X8 Pro es ahora mismo <strong>el m\u00f3vil libre m\u00e1s vendido de Amazon<\/strong>, y al mirar la ficha se entiende el porqu\u00e9: es el que menos preguntas deja sueltas.<\/p>\n<p class=\"v-d-p\" style=\"\">Lleva un <strong>Dimensity 8500-Ultra con memoria LPDDR5X y almacenamiento UFS 4.1<\/strong>, la parte que casi nadie mira en la tienda y la que decide si dentro de dos a\u00f1os las aplicaciones siguen abriendo a la primera.<\/p>\n<p class=\"v-d-p\" style=\"\">Calienta por la trasera cuando se le aprieta un rato largo y no tiene ranura para microSD, aunque con <strong>512 GB dentro<\/strong> tampoco vas a echarla mucho de menos.<\/p>\n<p class=\"v-d-p\" style=\"\">La pantalla AMOLED 1,5K a 120 Hz sube hasta 3.500 nits de pico, que traducido <strong>es leer los mensajes en una terraza a mediod\u00eda sin hacer visera con la mano<\/strong>.<\/p>\n<p class=\"v-d-p\" style=\"\">Y <strong>la c\u00e1mara principal, un Sony IMX882 de 50 MP con estabilizaci\u00f3n \u00f3ptica<\/strong>, sostiene bien las fotos de interior con poca luz.<\/p>\n<p>\nDonde el ahorro se empieza a notar\n<\/p>\n<p><img decoding=\"async\" loading=\"lazy\" src=\"https:\/\/www.europesays.com\/es\/wp-content\/uploads\/2026\/09\/poco f9 series (2)-U05315080551AVw-680x476@diario_abc.jpg\" class=\"v-a-img\" width=\"680\" height=\"478\" alt=\"\" data-voc-vtm-id=\"in-text-traffic\"\/><\/p>\n<p class=\"v-d-p\" style=\"\">El POCO C81 Pro no compite con eso y no pretende hacerlo. Es el m\u00f3vil de recambio, <strong>el primero de un adolescente<\/strong> o el segundo tel\u00e9fono que vive en un caj\u00f3n hasta que hace falta.<\/p>\n<p class=\"v-d-p\" style=\"\">Sus 4 GB de RAM son la frontera de la gama y se notan enseguida. A cambio,<strong> la bater\u00eda de 6.000 mAh aguanta m\u00e1s de dos d\u00edas seg\u00fan el fabricante<\/strong>, y con 128 GB no vas borrando fotos para hacer sitio.<\/p>\n<p>\nGama alta con el relevo ya en la puerta\n<\/p>\n<p><img decoding=\"async\" loading=\"lazy\" src=\"https:\/\/www.europesays.com\/es\/wp-content\/uploads\/2026\/09\/poco f9 series (3)-U10046726174Fyu-680x476@diario_abc.jpg\" class=\"v-a-img\" width=\"680\" height=\"478\" alt=\"\" data-voc-vtm-id=\"in-text-traffic\"\/><\/p>\n<p class=\"v-d-p\" style=\"\">El POCO F8 Pro es el modelo al que m\u00e1s le cambia el d\u00eda de hoy. Monta un Snapdragon 8 Elite fabricado en 3 nm, con n\u00facleos Oryon a 4,32 GHz:<strong> el tope de gama de Qualcomm<\/strong> de la hornada inmediatamente anterior a la que estrena la serie F9.<\/p>\n<p class=\"v-d-p\" style=\"\">Ese es exactamente <strong>el momento que espera quien sabe comprar tecnolog\u00eda<\/strong>, y aqu\u00ed adem\u00e1s llega rebajado.<\/p>\n<p class=\"v-d-p\" style=\"\">Los 6.210 mAh cargan a 100 W y el fabricante declara que <strong>conservan m\u00e1s del 80% de capacidad tras 1.600 ciclos<\/strong>, o sea, despu\u00e9s de un par de a\u00f1os largos de enchufarlo cada noche.<\/p>\n<p class=\"v-d-p\" style=\"\">La <strong>c\u00e1mara principal de 50 MP con estabilizaci\u00f3n usa el sensor Light Fusion 800<\/strong>, con 13,2 EV de rango din\u00e1mico: la diferencia entre salvar el cielo de un atardecer o quemarlo.<\/p>\n<p class=\"v-d-p\" style=\"\">El sonido lo firma Bose, una calibraci\u00f3n que lleg\u00f3 a POCO con la serie F8, y con <strong>los altavoces est\u00e9reo se agradece al ver v\u00eddeo sin auriculares<\/strong>.<\/p>\n<p class=\"v-d-p\" style=\"\">A nivel de aplicaciones va tan r\u00e1pido que no te lo crees. Si vienes de un gama media de hace dos o tres generaciones,<strong> ese salto se siente el segundo d\u00eda<\/strong>.<\/p>\n<p>\nPantalla de las grandes, chip de las tranquilas\n<\/p>\n<p><img decoding=\"async\" loading=\"lazy\" src=\"https:\/\/www.europesays.com\/es\/wp-content\/uploads\/2026\/09\/poco f9 series (4)-U66043774335ILd-680x476@diario_abc.jpg\" class=\"v-a-img\" width=\"680\" height=\"478\" alt=\"\" data-voc-vtm-id=\"in-text-traffic\"\/><\/p>\n<p class=\"v-d-p\" style=\"\">Del POCO M8 Pro 5G lo primero que entra por los ojos no es el procesador: es la pantalla. Es una AMOLED CrystalRes de 6,83 pulgadas y <strong>resoluci\u00f3n 1,5K que sube hasta 3.200 nits<\/strong>, as\u00ed que la serie de camino al trabajo se sigue viendo con el sol dando de lleno en el and\u00e9n. Y a 120 Hz el desplazamiento no arrastra.<\/p>\n<p class=\"v-d-p\" style=\"\">Debajo va un Snapdragon 7s Gen 4 a 2,7 GHz, un pelda\u00f1o por debajo del Dimensity del X8 Pro. <strong>Para mensajer\u00eda, redes y v\u00eddeo va sobrado<\/strong>; en juegos exigentes es donde se abre la distancia entre los dos.<\/p>\n<p class=\"v-d-p\" style=\"\">La bater\u00eda es de silicio-carbono, 6.500 mAh <strong>con la misma carga de 100 W y la misma resistencia declarada tras 1.600 ciclos<\/strong>. En la caja vienen cable y carcasa, detalle que agradece quien no quiere gastar nada el primer d\u00eda.<\/p>\n<p>\nLo que cambia hoy en la gama POCO\n<\/p>\n<p class=\"v-d-p\" style=\"\"><strong>El estreno de la serie F9 no cambia lo que hacen estos cuatro m\u00f3viles<\/strong>: cambia d\u00f3nde queda cada uno. Si ya llevas uno en el bolsillo, hoy no ha pasado nada: el m\u00f3vil hace exactamente lo mismo que ayer y lo seguir\u00e1 haciendo. La noticia es para quien todav\u00eda est\u00e1 eligiendo.<\/p>\n<p class=\"v-d-p\" style=\"\">Y el escal\u00f3n que sigue doliendo saltarse est\u00e1 abajo, en esos 4 GB de RAM. Por encima de ah\u00ed cada pelda\u00f1o compra pantalla, memoria y potencia en dosis cada vez m\u00e1s peque\u00f1as, hasta que lo que pagas de m\u00e1s se queda viviendo en la hoja de datos.<\/p>\n<p class=\"v-d-p\" style=\"\"><strong>Buen d\u00eda para mirar la gama entera con calma<\/strong>: es hoy cuando el cat\u00e1logo ense\u00f1a de golpe todos sus escalones.<\/p>\n<ul class=\"v-cmp-rld__u\">\n<li class=\"v-cmp-rld__l\">\n<p><a class=\"v-a-lnk\" href=\"http:\/\/www.abc.es\/favorito\/hogar\/pequeno-electrodomestico\/camaras-de-seguridad-interior-y-exterior-20260826083810-nt.html#vtm_modulosEngag=noticiasrelacionadas-cmp-dos:favorito:noticia:1\" data-voc-vtm-id=\"in-text-traffic\" rel=\"nofollow noopener\" target=\"_blank\"><br \/>\n<img decoding=\"async\" loading=\"lazy\" src=\"https:\/\/www.europesays.com\/es\/wp-content\/uploads\/2026\/09\/portada-20260826084534-U80850654882UAM-366x256@diario_abc.jpg\" class=\"v-a-img\" width=\"258\" height=\"180\" alt=\"C\u00e1maras de seguridad interior y exterior sin cuota mensual y que graban en su propia tarjeta\"\/><br \/>\n<\/a><\/p>\n<p>Alejandra Santisteban Guiu<\/p>\n<\/li>\n<li class=\"v-cmp-rld__l\">\n<p><a class=\"v-a-lnk\" href=\"http:\/\/www.abc.es\/favorito\/electronica\/accesorios\/no-es-anker-ni-xiaomi-la-20260826083640-nt.html#vtm_modulosEngag=noticiasrelacionadas-cmp-dos:favorito:noticia:2\" data-voc-vtm-id=\"in-text-traffic\" rel=\"nofollow noopener\" target=\"_blank\"><br \/>\n<img decoding=\"async\" loading=\"lazy\" src=\"https:\/\/www.europesays.com\/es\/wp-content\/uploads\/2026\/09\/portada-20260826083903-U05370321405MLj-366x256@diario_abc.jpg\" class=\"v-a-img\" width=\"258\" height=\"180\" alt=\"No es Anker ni Xiaomi: la bater\u00eda externa que llevo siempre en la mochila y carga el port\u00e1til\"\/><br \/>\n<\/a><\/p>\n<p>Alejandra Santisteban Guiu<\/p>\n<\/li>\n<\/ul>\n<p class=\"v-d-p\" style=\"\">En la secci\u00f3n <a href=\"https:\/\/www.abc.es\/favorito\/\" target=\"_blank\" data-voc-vtm-id=\"in-text-traffic\" class=\"monetise\" data-mrf-link=\"www.abc.es\" rel=\"nofollow noopener\">Favorito de ABC<\/a> se pueden encontrar m\u00e1s ofertas y gangas como esta para equipar tu casa o renovar tu tecnolog\u00eda con criterio y ahorro.<\/p>\n","protected":false},"excerpt":{"rendered":"01\/09\/2026 a las 06:24h. Si sigues lanzamientos, ya sabes que el d\u00eda en que una marca ense\u00f1a su&hellip;\n","protected":false},"author":2,"featured_media":741571,"comment_status":"","ping_status":"","sticky":false,"template":"","format":"standard","meta":{"footnotes":""},"categories":[81],"tags":[131586,119,123,124,18119,954,25,24,24698,315,3383,659,2782,67779,117,121,122,23,118,120],"class_list":["post-741570","post","type-post","status-publish","format-standard","has-post-thumbnail","category-ciencia-y-tecnologia","tag-chollo","tag-ciencia","tag-ciencia-y-tecnologia","tag-cienciaytecnologia","tag-convierten","tag-cuatro","tag-es","tag-espana","tag-gama","tag-hoy","tag-modelos","tag-poco","tag-presenta","tag-recoloca","tag-science","tag-science-and-technology","tag-scienceandtechnology","tag-spain","tag-technology","tag-tecnologia"],"share_on_mastodon":{"url":"https:\/\/pubeurope.com\/@es\/117194460559584572","error":""},"_links":{"self":[{"href":"https:\/\/www.europesays.com\/es\/wp-json\/wp\/v2\/posts\/741570","targetHints":{"allow":["GET"]}}],"collection":[{"href":"https:\/\/www.europesays.com\/es\/wp-json\/wp\/v2\/posts"}],"about":[{"href":"https:\/\/www.europesays.com\/es\/wp-json\/wp\/v2\/types\/post"}],"author":[{"embeddable":true,"href":"https:\/\/www.europesays.com\/es\/wp-json\/wp\/v2\/users\/2"}],"replies":[{"embeddable":true,"href":"https:\/\/www.europesays.com\/es\/wp-json\/wp\/v2\/comments?post=741570"}],"version-history":[{"count":0,"href":"https:\/\/www.europesays.com\/es\/wp-json\/wp\/v2\/posts\/741570\/revisions"}],"wp:featuredmedia":[{"embeddable":true,"href":"https:\/\/www.europesays.com\/es\/wp-json\/wp\/v2\/media\/741571"}],"wp:attachment":[{"href":"https:\/\/www.europesays.com\/es\/wp-json\/wp\/v2\/media?parent=741570"}],"wp:term":[{"taxonomy":"category","embeddable":true,"href":"https:\/\/www.europesays.com\/es\/wp-json\/wp\/v2\/categories?post=741570"},{"taxonomy":"post_tag","embeddable":true,"href":"https:\/\/www.europesays.com\/es\/wp-json\/wp\/v2\/tags?post=741570"}],"curies":[{"name":"wp","href":"https:\/\/api.w.org\/{rel}","templated":true}]}}