{"id":741638,"date":"2026-09-01T07:39:11","date_gmt":"2026-09-01T07:39:11","guid":{"rendered":"https:\/\/www.europesays.com\/es\/741638\/"},"modified":"2026-09-01T07:39:11","modified_gmt":"2026-09-01T07:39:11","slug":"crisis-migratoria-sanchez-se-ata-a-marruecos-mientras-escala-el-choque-diplomatico-con-italia-y-senala-a-rusia-e-israel-tras-la-crisis-en-ceuta","status":"publish","type":"post","link":"https:\/\/www.europesays.com\/es\/741638\/","title":{"rendered":"CRISIS MIGRATORIA | S\u00e1nchez se ata a Marruecos mientras escala el choque diplom\u00e1tico con Italia y se\u00f1ala a Rusia e Israel tras la crisis en Ceuta"},"content":{"rendered":"<p class=\"ft-text ft-helper-closenews\">La complacencia del Gobierno con Marruecos es el principal punto de uni\u00f3n de todos los grupos parlamentarios en el Congreso a la hora de cuestionar la gesti\u00f3n de Pedro S\u00e1nchez en la crisis migratoria. Desde PP y Vox hasta los socios de coalici\u00f3n de Sumar han sido incisivos durante la ronda de comparecencias de ministros en la C\u00e1mara Baja al criticar que no solo <strong>se exima a Rabat de responsabilidades <\/strong>en la entrada masiva de inmigrantes en Ceuta, sino que se resalte su supuesta colaboraci\u00f3n. A riesgo de <a class=\"ft-link ft-link--decoration\" href=\"https:\/\/www.elperiodico.com\/es\/politica\/20260829\/crisis-ceuta-sanchez-socios-psoe-133741048\" target=\"_blank\" rel=\"nofollow noopener\">profundizar esta brecha y quedarse solo en su comparecencia en el Congreso<\/a> el pr\u00f3ximo jueves, Pedro S\u00e1nchez volvi\u00f3 a exculpar a Marruecos durante una entrevista en la \u2018Cadena Ser\u2019.<\/p>\n<p class=\"ft-text\">Por el contrario, el jefe del Ejecutivo fue m\u00e1s all\u00e1 de los detalles ofrecidos por diferentes ministros para se\u00f1alar directamente a \u00abredes asociadas a Rusia e Israel\u00bb, al igual que la<strong> \u00abinternacional ultraderechista\u201d aludiendo a un informe del Servicio Europeo de Acci\u00f3n Exterior<\/strong>. Hasta ahora, se hab\u00eda puesto el foco desde el Gobierno de forma gen\u00e9rica en la \u201ctergiversaci\u00f3n\u201d y \u201cbulos\u201d en redes sociales sobre una reciente sentencia del Supremo respecto a las denominadas <a class=\"ft-link ft-link--decoration\" href=\"https:\/\/www.elperiodico.com\/es\/politica\/20260831\/pp-acusa-sanchez-conspiranoia-ceuta-133806178\" target=\"_blank\" rel=\"nofollow noopener\">devoluciones en caliente en Ceuta y Melilla<\/a> e insinuado, como hizo Jos\u00e9 Manuel Albares, la participaci\u00f3n desde otros pa\u00edses.<\/p>\n<p class=\"ft-text\">Incluso dentro del Consejo de Ministros, la ministra de Sumar, <strong>Sira Rego, puso en tela de juicio la supuesta \u00abcolaboraci\u00f3n\u00bb <\/strong>de Marruecos enarbolada por Pedro S\u00e1nchez. Solo unas horas despu\u00e9s de la entrevista radiof\u00f3nica del presidente del Gobierno, la titular de Juventud e Infancia asegur\u00f3 en sede parlamentaria que de los 600 expedientes sobre menores enviados al pa\u00eds vecino ya antes del 30 julio, la respuesta hasta ahora habr\u00eda sido el \u00absilencio\u00bb.<\/p>\n<p class=\"ft-text\">La cautela con Rabat contrasta con la firmeza que se est\u00e1 manteniendo con Roma<strong>. Moncloa tard\u00f3 apenas unos minutos en responder con la misma moneda a<\/strong> la decisi\u00f3n del gobierno italiano de <a class=\"ft-link ft-link--decoration\" href=\"https:\/\/www.elperiodico.com\/es\/politica\/20260831\/gobierno-prorrogar-controles-fronterizos-italia-133802444\" target=\"_blank\" rel=\"nofollow noopener\">prorrogar los controles fronterizos con Espa\u00f1a<\/a> por la crisis migratoria en Ceuta. Una escalada del choque diplom\u00e1tico que se justifica por la necesidad de actuar con reciprocidad y proporcionalidad y \u201cpara proteger los intereses y la dignidad\u201d de los ciudadanos espa\u00f1oles.<\/p>\n<p class=\"ft-text\">En el Ejecutivo estaban pendientes de la decisi\u00f3n que adoptase el Gobierno de Georgia Meloni para condicionar sus pr\u00f3ximos pasos y la respuesta fue inmediata. Frente al argumento de que la situaci\u00f3n en la ciudad aut\u00f3noma sigue sin mejorar lo suficiente como para levantar las restricciones, en el Gobierno espa\u00f1ol <strong>aluden al freno en seco de las entradas de migrantes irregulares<\/strong> y el despliegue para la reubicaci\u00f3n de los que todav\u00eda permanecen en Ceuta.<\/p>\n<p class=\"ft-text\">A esta crisis diplom\u00e1tica con un socio europeo se sumaron las descalificaciones del gobierno israel\u00ed contra S\u00e1nchez por implicarlo en la difusi\u00f3n de informaciones falsas que habr\u00edan alentado el asalto a la frontera. A trav\u00e9s de la red social X, el ministro israel\u00ed de Exteriores, Guideon Saar, replic\u00f3 que<strong> \u201cse trata de una mentira descarada\u201d <\/strong>el haber acusado \u201cde forma sorprendente a Israel de difundir informaci\u00f3n enga\u00f1osa sobre los acontecimientos de Ceuta\u201d. <a class=\"ft-link ft-link--decoration\" href=\"https:\/\/www.elperiodico.com\/es\/politica\/20260831\/pp-acusa-sanchez-conspiranoia-ceuta-133806178\" target=\"_blank\" rel=\"nofollow noopener\">En G\u00e9nova calificaron de \u00abconspiranoia\u00bb las explicaciones de S\u00e1nchez<\/a> sobre las causas que habr\u00edan agravado la situaci\u00f3n.<\/p>\n<p>Ferraz ratifica la \u201ccoordinaci\u00f3n con Marruecos y la UE\u201d<\/p>\n<p class=\"ft-text\">En el Gobierno y el PSOE consideran que la crisis en Ceuta se est\u00e1 utilizando partidistamente para cargar contra el jefe del Ejecutivo y alertan sobre el juego a la ultraderecha de caer en este marco. Hasta el punto de que se han generado tensiones dentro del propio partido a cuenta de una circular interna<strong> instruyendo a los cargos socialistas para no acudir a las manifestaciones<\/strong> convocadas el pr\u00f3ximo mi\u00e9rcoles por la Federaci\u00f3n Espa\u00f1ola de Municipios y Provincias (FEMP) en defensa de la ciudad aut\u00f3noma. La portavoz del PSOE, Montse M\u00ednguez, se refiri\u00f3 al alcalde socialista de Le\u00f3n, Jos\u00e9 Antonio Diez, como \u201cverso suelto\u201d ante su intenci\u00f3n de acudir estas manifestaciones, aunque lo har\u00e1 yendo a una convocada desde la sociedad civil. <\/p>\n<p class=\"ft-text\">En Ferraz cuestionan que la convocatoria unilateral por parte de su presidencia, en manos del PP, sin tratar de consensuar un texto para forzar una manifestaci\u00f3n no en solidaridad con Ceuta, sino <strong>\u201cen contra de Pedro S\u00e1nchez\u201d<\/strong>. Sin embargo, la ausencia del PSOE en las manifestaciones no est\u00e1 exenta de riesgos y puede acabar teniendo un alto coste pol\u00edtico, por lo que se ha promovido un manifiesto reclamando \u201ccooperaci\u00f3n y solidaridad a todas las administraciones, y que se cumpla la ley\u201d. \u201cSolo as\u00ed recuperaremos la normalidad cuanto antes\u201d, entienden.<\/p>\n<p class=\"ft-text\">El mismo manifiesto ratificado en la primera reuni\u00f3n de la ejecutiva tras el par\u00f3n estival y centrada en la crisis en Ceuta subraya que se est\u00e1 coordinando \u201cla gesti\u00f3n migratoria con Marruecos y con la Uni\u00f3n Europea\u201d.<\/p>\n<p data-close=\"closedContent\" class=\"subscribeHideForDisplay\">Suscr\u00edbete para seguir leyendo<\/p>\n","protected":false},"excerpt":{"rendered":"La complacencia del Gobierno con Marruecos es el principal punto de uni\u00f3n de todos los grupos parlamentarios en&hellip;\n","protected":false},"author":2,"featured_media":741639,"comment_status":"","ping_status":"","sticky":false,"template":"","format":"standard","meta":{"footnotes":""},"categories":[8],"tags":[17,18,23659,4486,17905,25,24,13,14,11,590,74,628,19,20,4485,9,10,15,16,2959,1922,1614,199,23,12,21,22],"class_list":["post-741638","post","type-post","status-publish","format-standard","has-post-thumbnail","category-espana","tag-breaking-news","tag-breakingnews","tag-bulos","tag-ceuta","tag-choque","tag-es","tag-espana","tag-featured-news","tag-featurednews","tag-headlines","tag-inmigracion","tag-israel","tag-italia","tag-latest-news","tag-latestnews","tag-marruecos","tag-news","tag-noticias","tag-noticias-destacadas","tag-noticiasdestacadas","tag-pedro-sanchez","tag-redes-sociales","tag-rusia","tag-sanchez","tag-spain","tag-titulares","tag-ultimas-noticias","tag-ultimasnoticias"],"share_on_mastodon":{"url":"https:\/\/pubeurope.com\/@es\/117194651528107652","error":""},"_links":{"self":[{"href":"https:\/\/www.europesays.com\/es\/wp-json\/wp\/v2\/posts\/741638","targetHints":{"allow":["GET"]}}],"collection":[{"href":"https:\/\/www.europesays.com\/es\/wp-json\/wp\/v2\/posts"}],"about":[{"href":"https:\/\/www.europesays.com\/es\/wp-json\/wp\/v2\/types\/post"}],"author":[{"embeddable":true,"href":"https:\/\/www.europesays.com\/es\/wp-json\/wp\/v2\/users\/2"}],"replies":[{"embeddable":true,"href":"https:\/\/www.europesays.com\/es\/wp-json\/wp\/v2\/comments?post=741638"}],"version-history":[{"count":0,"href":"https:\/\/www.europesays.com\/es\/wp-json\/wp\/v2\/posts\/741638\/revisions"}],"wp:featuredmedia":[{"embeddable":true,"href":"https:\/\/www.europesays.com\/es\/wp-json\/wp\/v2\/media\/741639"}],"wp:attachment":[{"href":"https:\/\/www.europesays.com\/es\/wp-json\/wp\/v2\/media?parent=741638"}],"wp:term":[{"taxonomy":"category","embeddable":true,"href":"https:\/\/www.europesays.com\/es\/wp-json\/wp\/v2\/categories?post=741638"},{"taxonomy":"post_tag","embeddable":true,"href":"https:\/\/www.europesays.com\/es\/wp-json\/wp\/v2\/tags?post=741638"}],"curies":[{"name":"wp","href":"https:\/\/api.w.org\/{rel}","templated":true}]}}