{"id":741646,"date":"2026-09-01T07:48:14","date_gmt":"2026-09-01T07:48:14","guid":{"rendered":"https:\/\/www.europesays.com\/es\/741646\/"},"modified":"2026-09-01T07:48:14","modified_gmt":"2026-09-01T07:48:14","slug":"trece-jugadores-para-buscar-el-play-off","status":"publish","type":"post","link":"https:\/\/www.europesays.com\/es\/741646\/","title":{"rendered":"Trece jugadores para buscar el play off"},"content":{"rendered":"<p style=\"\">Una plantilla amplia, de trece jugadores, que combina perfiles experimentados en la categor\u00eda, algunos con paso por la ACB, apuestas por el mercado internacional e  &#8230; incluso alguna joven promesa. As\u00ed prepara el Alega una nueva temporada en la que aspira a seguir creciendo despu\u00e9s de dos a\u00f1os en los que ha cumplido con el objetivo principal y ha mantenido la categor\u00eda sin sufrir, pero en los que ha estado lejos de la zona media-alta. Este a\u00f1o promete ser diferente, o al menos as\u00ed se lo ha planteado un club cuyo objetivo de m\u00ednimos ha cambiado. En este caso es ya clasificarse entre los ocho equipos que a finales de la primavera disputen el play off de ascenso a ACB. Todo un hito para la joven formaci\u00f3n, como lo ser\u00eda, como se ha marcado como meta a medio plazo, devolver a Cantabria a la \u00e9lite del baloncesto.<\/p>\n<p class=\"v-d-p\" style=\"\">Se trata de otra estructura y otro club; otra historia, al fin y al cabo, con germen en Santander, pero su filosof\u00eda es recoger el testigo del Caja Cantabria, el extinto equipo que curiosamente sigui\u00f3 una trayectoria inversa, viviendo su nacimiento y a\u00f1os felices en la capital del Besaya antes de unas \u00faltimas campa\u00f1as en Santander antes de su desaparici\u00f3n. Con ese convencimiento que demuestran los resultados de que la capital del baloncesto c\u00e1ntabro es Torrelavega y el Vicente Trueba como nexo de uni\u00f3n, los de Lolo Encinas afrontan una temporada muy ambiciosa en la que adem\u00e1s han conseguido dar un importante salto presupuestario.<\/p>\n<p>Plantilla Alega Cantabria 2026-2027Jugadores<\/p>\n<p>13<\/p>\n<p>Plantilla 2026-2027Estatura Media<\/p>\n<p>1.97 m<\/p>\n<p>Rango: 1.80m &#8211; 2.06mEdad Media<\/p>\n<p>27.6 A\u00f1os<\/p>\n<p>Rango: 19 &#8211; 33 a\u00f1osNacionalidades<\/p>\n<p>6 Pa\u00edses<\/p>\n<p>Perfil InternacionalEstatura por Jugador (Metros)Puntos por Partido (Procedencia Anterior)    <\/p>\n<p class=\"v-d-p\" style=\"\">Encinas sigue al frente, en estrecha colaboraci\u00f3n con la direcci\u00f3n deportiva, de un cuerpo t\u00e9cnico cada vez m\u00e1s nutrido. Este es otro de los s\u00edntomas de crecimiento del club, como lo fue anteriormente la ampliaci\u00f3n de su cantera y, por citar otro ejemplo, la incorporaci\u00f3n del exracinguista Felipe Llamazares como asesor externo de la directiva. Hombre de baloncesto de toda la vida, ya ha comenzado a trabajar y a buscar nuevos horizontes fuera de la cancha.<\/p>\n<p class=\"v-d-p\" style=\"\">Paralelamente el club aspira a crecer en los social, incrementando el n\u00famero de abonados en una fase en la que, con cinco a\u00f1os en la segunda categor\u00eda del baloncesto espa\u00f1ol, se considera consolidado en la antesala de la \u00e9lite. Para ello ha impulsado una campa\u00f1a con la que espera incentivar una asistencia al pabell\u00f3n que mantiene un sostenido crecimiento.<\/p>\n<p class=\"v-d-p\" style=\"\">Aunque el proyecto colectivo es el pilar sobre el que se edifica el nuevo proyecto, los torrelaveguenes pueden presumir adem\u00e1s de contar, por primera vez en muchos a\u00f1os en el baloncesto c\u00e1ntabro, con un profesional de la casa. No en el Alega en concreto, sino en el baloncesto profesional. Se trata de Beltr\u00e1n de la Llama, que toma el relevo a los David Doblas y compa\u00f1\u00eda tras haber firmado un contrato de dos a\u00f1os. El desencadenante, su buen rendimiento a finales del curso pasado, cuando ingres\u00f3 en las filas aleguistas como una joven promesa casi reci\u00e9n regresada de su estancia en Estados Unidos.<\/p>\n<p class=\"v-d-p\" style=\"\">A los c\u00e1ntabros les queda todav\u00eda cerca de un mes para su debut en competici\u00f3n oficial, el 26 de este mes de septiembre en el Vicente Trueba ante el Menorca (19.00). Una primera cita que pondr\u00e1 a prueba su rodaje y la adaptaci\u00f3n de los nuevos fichajes, que como todos los a\u00f1os constituyen un nutrido grupo, en un ambicioso camino que se prolongar\u00e1 hasta el 7 de mayo, cuando se dar\u00e1 por concluida la temporada regular con el desplazamiento a Fuenlabrada. Pero Encinas deber\u00e1 llevar a cabo una preparaci\u00f3n enfocada m\u00e1s a largo plazo, puesto que acto seguido, y siempre que se consiga el objetivo, deber\u00e1n afrontar unas exigentes eliminatorias directas en busca de una de las dos plazas en juego para ACB \u2013la otra le corresponde autom\u00e1tica al campe\u00f3n\u2013. Ser\u00e1 en ese momento, si es que se cumplen las expectativas, cuando se comprueben las verdaderas posibilidades del nuevo proyecto.<\/p>\n","protected":false},"excerpt":{"rendered":"Una plantilla amplia, de trece jugadores, que combina perfiles experimentados en la categor\u00eda, algunos con paso por la&hellip;\n","protected":false},"author":2,"featured_media":741647,"comment_status":"","ping_status":"","sticky":false,"template":"","format":"standard","meta":{"footnotes":""},"categories":[269],"tags":[123901,55285,299,298,168,622,25,24,23,167],"class_list":["post-741646","post","type-post","status-publish","format-standard","has-post-thumbnail","category-baloncesto","tag-123901","tag-alega","tag-baloncesto","tag-basketball","tag-deportes","tag-equipo","tag-es","tag-espana","tag-spain","tag-sports"],"share_on_mastodon":{"url":"https:\/\/pubeurope.com\/@es\/117194687150580054","error":""},"_links":{"self":[{"href":"https:\/\/www.europesays.com\/es\/wp-json\/wp\/v2\/posts\/741646","targetHints":{"allow":["GET"]}}],"collection":[{"href":"https:\/\/www.europesays.com\/es\/wp-json\/wp\/v2\/posts"}],"about":[{"href":"https:\/\/www.europesays.com\/es\/wp-json\/wp\/v2\/types\/post"}],"author":[{"embeddable":true,"href":"https:\/\/www.europesays.com\/es\/wp-json\/wp\/v2\/users\/2"}],"replies":[{"embeddable":true,"href":"https:\/\/www.europesays.com\/es\/wp-json\/wp\/v2\/comments?post=741646"}],"version-history":[{"count":0,"href":"https:\/\/www.europesays.com\/es\/wp-json\/wp\/v2\/posts\/741646\/revisions"}],"wp:featuredmedia":[{"embeddable":true,"href":"https:\/\/www.europesays.com\/es\/wp-json\/wp\/v2\/media\/741647"}],"wp:attachment":[{"href":"https:\/\/www.europesays.com\/es\/wp-json\/wp\/v2\/media?parent=741646"}],"wp:term":[{"taxonomy":"category","embeddable":true,"href":"https:\/\/www.europesays.com\/es\/wp-json\/wp\/v2\/categories?post=741646"},{"taxonomy":"post_tag","embeddable":true,"href":"https:\/\/www.europesays.com\/es\/wp-json\/wp\/v2\/tags?post=741646"}],"curies":[{"name":"wp","href":"https:\/\/api.w.org\/{rel}","templated":true}]}}