{"id":741662,"date":"2026-09-01T08:01:22","date_gmt":"2026-09-01T08:01:22","guid":{"rendered":"https:\/\/www.europesays.com\/es\/741662\/"},"modified":"2026-09-01T08:01:22","modified_gmt":"2026-09-01T08:01:22","slug":"shein-cae-hasta-un-10-en-su-debut-en-la-bolsa-de-hong-kong","status":"publish","type":"post","link":"https:\/\/www.europesays.com\/es\/741662\/","title":{"rendered":"Shein cae hasta un 10% en su debut en la bolsa de Hong Kong"},"content":{"rendered":"<p>Las acciones del gigante de la moda r\u00e1pida Shein llegaron a caer hasta un diez por ciento en su debut burs\u00e1til en la bolsa de Hong Kong este martes, antes de recuperar parte de las p\u00e9rdidas, tras a\u00f1os de retrasos en los planes de salida a bolsa y tropiezos regulatorios en Europa y Estados Unidos.<\/p>\n<p>          <img decoding=\"async\" class=\"c-ad__placeholder__logo\" src=\"https:\/\/static.euronews.com\/website\/images\/logos\/logo-euronews-stacked-outlined-72x72-grey-9.svg\" width=\"72\" height=\"72\" alt=\"\" loading=\"lazy\"\/><br \/>\n          PUBLICIDAD<\/p>\n<p>          <img decoding=\"async\" class=\"c-ad__placeholder__logo\" src=\"https:\/\/static.euronews.com\/website\/images\/logos\/logo-euronews-stacked-outlined-72x72-grey-9.svg\" width=\"72\" height=\"72\" alt=\"\" loading=\"lazy\"\/><br \/>\n          PUBLICIDAD<\/p>\n<p>La oferta p\u00fablica inicial (OPI) de Shein se abri\u00f3 el 24 de agosto y el precio definitivo de las acciones se fij\u00f3 una semana despu\u00e9s, el 31 de agosto. La negociaci\u00f3n comenz\u00f3 al d\u00eda siguiente, en martes.<\/p>\n<p>Ese intervalo responde al procedimiento habitual de una OPI, los inversores presentan sus \u00f3rdenes durante aproximadamente una semana, los bancos coordinadores fijan despu\u00e9s el precio final y deciden a qui\u00e9n asignan los t\u00edtulos, y la negociaci\u00f3n arranca unos d\u00edas h\u00e1biles m\u00e1s tarde, una vez que la bolsa da su visto bueno definitivo.<\/p>\n<p>La cotizaci\u00f3n pone fin a una larga b\u00fasqueda de un mercado dispuesto a acoger a Shein, despu\u00e9s de que los planes para salir en Nueva York y Londres quedaran en suspenso por el escrutinio sobre sus cadenas de suministro en China, lo que oblig\u00f3 a la compa\u00f1\u00eda a decantarse por Hong Kong.<\/p>\n<p>Los nuevos aranceles de Estados Unidos y la Uni\u00f3n Europea sobre los env\u00edos de bajo coste procedentes de China, junto con el aumento de los costes de transporte por la guerra en Ir\u00e1n, han contribuido a que Shein pase de un beneficio de 395 millones de d\u00f3lares (340 millones de euros) a unas p\u00e9rdidas de 99 millones de d\u00f3lares (85 millones de euros) en el primer trimestre de este a\u00f1o.<\/p>\n<p>Shein capt\u00f3 en torno a 1.700 millones de d\u00f3lares (1.460 millones de euros), al fijar el precio de sus acciones en 48,56 HK$ (5,33 \u20ac) cada una, en una de las mayores operaciones de venta de t\u00edtulos del a\u00f1o en la ciudad.<\/p>\n<p>\u00abLa salida a bolsa de Shein en Hong Kong marca un nuevo punto de partida\u00bb, afirm\u00f3 Leigh Gui, director financiero de Shein, en un breve discurso durante la ceremonia de estreno en el parqu\u00e9.<\/p>\n<p>Sin embargo, en los primeros compases de la negociaci\u00f3n las acciones llegaron a bajar de 44 HK$ (4,83 \u20ac) antes de recortar las p\u00e9rdidas.<\/p>\n<p>Los aranceles recortan los beneficios<\/p>\n<p>Shein ha cimentado su atractivo entre los clientes en una moda ultrarr\u00e1pida y asequible, entregada desde China a Occidente en cuesti\u00f3n de d\u00edas.<\/p>\n<p>Sin embargo, el fin de las exenciones arancelarias \u00abde minimis\u00bb en Estados Unidos y la Uni\u00f3n Europea ha elevado los grav\u00e1menes sobre los env\u00edos de bajo valor procedentes de China, incluidos los productos de Shein. El aumento de los costes log\u00edsticos, impulsado en parte por la guerra en Ir\u00e1n, tambi\u00e9n ha comprimido el modelo de negocio de precios bajos de la empresa y su rentabilidad.<\/p>\n<p>El coste de los aranceles ha obligado a Shein a subir precios, \u00ablo que erosiona su principal ventaja\u00bb, se\u00f1al\u00f3 Jacob Cooke, consejero delegado de WPIC Marketing + Technologies.<\/p>\n<p>Vuelta a sus ra\u00edces<\/p>\n<p>Shein, que se pronuncia \u00abshi-in\u00bb, estudi\u00f3 en su momento salir a bolsa en Nueva York y Londres y traslad\u00f3 su sede de China a Singapur en 2021.<\/p>\n<p>Pero el creciente escrutinio por parte de Pek\u00edn y de los reguladores de Estados Unidos y Europa la llev\u00f3 a asumir de nuevo sus ra\u00edces chinas y optar por cotizar en Hong Kong.<\/p>\n<p>Fundada en 2012 en China, gran parte de las operaciones de Shein se concentraban en la provincia meridional de Guangdong antes de que trasladara su sede corporativa fuera del pa\u00eds.<\/p>\n<p>\u00abGuangdong es la ra\u00edz de Shein y el punto de partida de nuestro viaje\u00bb, afirm\u00f3 su fundador, Sky Xu, en un discurso pronunciado en febrero.<\/p>\n<p>Reorientar de nuevo su foco hacia China tambi\u00e9n ha puesto de relieve las ventajas que Shein obtiene de un sistema de cadena de suministro que \u00absolo existe\u00bb en Guangdong, se\u00f1al\u00f3 William Ma, de GROW Investment Group, en referencia a su modelo de producci\u00f3n en peque\u00f1os lotes y respuesta r\u00e1pida.<\/p>\n<p>Shein se ha encontrado con otros obst\u00e1culos en su expansi\u00f3n en Europa. En febrero, la Uni\u00f3n Europea abri\u00f3 una investigaci\u00f3n sobre la compa\u00f1\u00eda centrada en productos \u00abilegales\u00bb, entre ellos supuestos materiales de abuso sexual infantil.<\/p>\n<p>En mayo, Shein adquiri\u00f3 la marca de ropa sostenible Everlane, con sede en San Francisco, una operaci\u00f3n que algunos analistas consideran que no encaja del todo con el grupo.<\/p>\n<p>El impulso de las OPIs en Hong Kong<\/p>\n<p>El valor burs\u00e1til de la compa\u00f1\u00eda rondaba los 27.000 millones de d\u00f3lares (23.200 millones de euros) al debutar en Hong Kong, una fracci\u00f3n de la valoraci\u00f3n m\u00e1xima que alcanz\u00f3 hace unos a\u00f1os.<\/p>\n<p>\u00abShein probablemente ha perdido su ventana dorada de salida a bolsa por el cambio de impulso hacia la inteligencia artificial y por los aranceles, factores que pueden afectar a las valoraciones y la rentabilidad\u00bb, apunt\u00f3 Gary Ng, economista s\u00e9nior para Asia Pac\u00edfico en el banco franc\u00e9s Natixis.<\/p>\n<p>Aun as\u00ed, la salida a bolsa de Shein es una buena noticia para Hong Kong, cuando el territorio chino redobla sus esfuerzos por mantener su papel como centro financiero global tras la desaceleraci\u00f3n de 2023.<\/p>\n<p>La bolsa de Hong Kong vive un a\u00f1o s\u00f3lido en materia de OPIs y ha logrado captar hasta ahora m\u00e1s de 40.000 millones de d\u00f3lares (34.400 millones de euros).<\/p>\n<p>Tambi\u00e9n existe una acumulaci\u00f3n de compa\u00f1\u00edas que buscan salir a bolsa all\u00ed, se\u00f1al\u00f3 Lorraine Tan, de la firma de an\u00e1lisis de inversiones Morningstar.<\/p>\n","protected":false},"excerpt":{"rendered":"Las acciones del gigante de la moda r\u00e1pida Shein llegaron a caer hasta un diez por ciento en&hellip;\n","protected":false},"author":2,"featured_media":741663,"comment_status":"","ping_status":"","sticky":false,"template":"","format":"standard","meta":{"footnotes":""},"categories":[80],"tags":[53852,82,1615,95,94,25,24,15720,15674,114,23],"class_list":["post-741662","post","type-post","status-publish","format-standard","has-post-thumbnail","category-economia","tag-bolsas-mundiales","tag-business","tag-china","tag-economia","tag-economy","tag-es","tag-espana","tag-fast-fashion","tag-hong-kong","tag-mercados","tag-spain"],"share_on_mastodon":{"url":"https:\/\/pubeurope.com\/@es\/117194738221274354","error":""},"_links":{"self":[{"href":"https:\/\/www.europesays.com\/es\/wp-json\/wp\/v2\/posts\/741662","targetHints":{"allow":["GET"]}}],"collection":[{"href":"https:\/\/www.europesays.com\/es\/wp-json\/wp\/v2\/posts"}],"about":[{"href":"https:\/\/www.europesays.com\/es\/wp-json\/wp\/v2\/types\/post"}],"author":[{"embeddable":true,"href":"https:\/\/www.europesays.com\/es\/wp-json\/wp\/v2\/users\/2"}],"replies":[{"embeddable":true,"href":"https:\/\/www.europesays.com\/es\/wp-json\/wp\/v2\/comments?post=741662"}],"version-history":[{"count":0,"href":"https:\/\/www.europesays.com\/es\/wp-json\/wp\/v2\/posts\/741662\/revisions"}],"wp:featuredmedia":[{"embeddable":true,"href":"https:\/\/www.europesays.com\/es\/wp-json\/wp\/v2\/media\/741663"}],"wp:attachment":[{"href":"https:\/\/www.europesays.com\/es\/wp-json\/wp\/v2\/media?parent=741662"}],"wp:term":[{"taxonomy":"category","embeddable":true,"href":"https:\/\/www.europesays.com\/es\/wp-json\/wp\/v2\/categories?post=741662"},{"taxonomy":"post_tag","embeddable":true,"href":"https:\/\/www.europesays.com\/es\/wp-json\/wp\/v2\/tags?post=741662"}],"curies":[{"name":"wp","href":"https:\/\/api.w.org\/{rel}","templated":true}]}}