{"id":741666,"date":"2026-09-01T08:03:15","date_gmt":"2026-09-01T08:03:15","guid":{"rendered":"https:\/\/www.europesays.com\/es\/741666\/"},"modified":"2026-09-01T08:03:15","modified_gmt":"2026-09-01T08:03:15","slug":"es-imposible-que-el-sector-productivo-pueda-mantenerse","status":"publish","type":"post","link":"https:\/\/www.europesays.com\/es\/741666\/","title":{"rendered":"Es imposible que el sector productivo pueda mantenerse"},"content":{"rendered":"<p>              <strong>TP<\/strong><\/p>\n<p><strong>Karim Bulaix<\/strong>, presidente de la <strong>C\u00e1mara de Comercio de Ceuta<\/strong>, asegura en RNE que <a href=\"https:\/\/www.rtve.es\/noticias\/20260901\/crisis-ceuta-hoy-directo-ultima-hora-video-cronica\/17207730.shtml\" target=\"_blank\" rel=\"nofollow noopener\">la situaci\u00f3n econ\u00f3mica en Ceuta<\/a> es de \u00abdescalabro\u00bb en estos momentos. \u00abNos hemos encontrado con un panorama terror\u00edfico\u00bb, a\u00f1ade Bulaix, que explica que seg\u00fan sus c\u00e1lculos, la previsi\u00f3n de p\u00e9rdida total en agosto para la ciudad aut\u00f3noma puede ser de 33 millones de euros. El presidente de la C\u00e1mara de Comercio de Ceuta explica que la situaci\u00f3n no se puede paliar \u00fanicamente con dinero y pide la expulsi\u00f3n \u00abde quienes han ocupado Ceuta\u00bb. <\/p>\n<p>Denuncia que la fisionom\u00eda de la ciudad ha cambiado \u00abradicalmente\u00bb por lo que la gente \u00abno quiere consumir\u00bb: <strong>\u00abEs imposible que el comercio, que la restauraci\u00f3n&#8230; que el sector productivo de la ciudad pueda mantenerse\u00bb<\/strong>. Lamenta Bulaix falta de informaci\u00f3n y opacidad acerca del n\u00famero total de personas que han entrado a la ciudad, algo que genera mucha desconfianza e incertidumbre.<\/p>\n<p>Escucha la entrevista completa con Juan Ram\u00f3n Lucas en <strong>RNE Audio<\/strong>.<\/p>\n","protected":false},"excerpt":{"rendered":"TP Karim Bulaix, presidente de la C\u00e1mara de Comercio de Ceuta, asegura en RNE que la situaci\u00f3n econ\u00f3mica&hellip;\n","protected":false},"author":2,"featured_media":741667,"comment_status":"","ping_status":"","sticky":false,"template":"","format":"standard","meta":{"footnotes":""},"categories":[8],"tags":[131594,17,18,25,24,13,14,11,33005,19,20,9,10,15,16,133,1448,1986,1987,23,12,21,22],"class_list":["post-741666","post","type-post","status-publish","format-standard","has-post-thumbnail","category-espana","tag-es-imposible-que-el-sector-productivo-de-ceuta-pueda-mantenerse","tag-breaking-news","tag-breakingnews","tag-es","tag-espana","tag-featured-news","tag-featurednews","tag-headlines","tag-las-mananas-de-rne","tag-latest-news","tag-latestnews","tag-news","tag-noticias","tag-noticias-destacadas","tag-noticiasdestacadas","tag-online","tag-radio","tag-rne","tag-rtve-play","tag-spain","tag-titulares","tag-ultimas-noticias","tag-ultimasnoticias"],"share_on_mastodon":{"url":"https:\/\/pubeurope.com\/@es\/117194746314605622","error":""},"_links":{"self":[{"href":"https:\/\/www.europesays.com\/es\/wp-json\/wp\/v2\/posts\/741666","targetHints":{"allow":["GET"]}}],"collection":[{"href":"https:\/\/www.europesays.com\/es\/wp-json\/wp\/v2\/posts"}],"about":[{"href":"https:\/\/www.europesays.com\/es\/wp-json\/wp\/v2\/types\/post"}],"author":[{"embeddable":true,"href":"https:\/\/www.europesays.com\/es\/wp-json\/wp\/v2\/users\/2"}],"replies":[{"embeddable":true,"href":"https:\/\/www.europesays.com\/es\/wp-json\/wp\/v2\/comments?post=741666"}],"version-history":[{"count":0,"href":"https:\/\/www.europesays.com\/es\/wp-json\/wp\/v2\/posts\/741666\/revisions"}],"wp:featuredmedia":[{"embeddable":true,"href":"https:\/\/www.europesays.com\/es\/wp-json\/wp\/v2\/media\/741667"}],"wp:attachment":[{"href":"https:\/\/www.europesays.com\/es\/wp-json\/wp\/v2\/media?parent=741666"}],"wp:term":[{"taxonomy":"category","embeddable":true,"href":"https:\/\/www.europesays.com\/es\/wp-json\/wp\/v2\/categories?post=741666"},{"taxonomy":"post_tag","embeddable":true,"href":"https:\/\/www.europesays.com\/es\/wp-json\/wp\/v2\/tags?post=741666"}],"curies":[{"name":"wp","href":"https:\/\/api.w.org\/{rel}","templated":true}]}}