{"id":741670,"date":"2026-09-01T08:08:17","date_gmt":"2026-09-01T08:08:17","guid":{"rendered":"https:\/\/www.europesays.com\/es\/741670\/"},"modified":"2026-09-01T08:08:17","modified_gmt":"2026-09-01T08:08:17","slug":"mcilroy-aplaude-el-apoyo-del-pga-tour-al-dp-world-tour","status":"publish","type":"post","link":"https:\/\/www.europesays.com\/es\/741670\/","title":{"rendered":"McIlroy aplaude el apoyo del PGA Tour al DP World Tour"},"content":{"rendered":"<p>Rory McIlroy destaca su buena relaci\u00f3n con Brian Rolapp y celebra los planes para reforzar el DP World Tour y sus grandes torneos<img fetchpriority=\"high\" decoding=\"async\" class=\"size-full wp-image-333948\" src=\"https:\/\/www.europesays.com\/es\/wp-content\/uploads\/2026\/09\/Rory-McIlroy-Genesis-2026-1.jpeg\" alt=\"Declaraciones Rory McIlroy, Rory McIlroy, DP World Tour, PGA Tour, Brian Rolapp,\" width=\"1500\" height=\"1000\"  \/>McIlroy agradeci\u00f3 que Rolapp le mantenga informado de las principales decisiones y de su compromiso con el DP World Tour<\/p>\n<p style=\"text-align: justify;\">Rory McIlroy ha valorado de forma muy positiva la relaci\u00f3n actual entre el PGA Tour y el DP World Tour.\u00a0El norirland\u00e9s tambi\u00e9n destac\u00f3 su sinton\u00eda con Brian Rolapp, m\u00e1ximo responsable ejecutivo del circuito estadounidense.<\/p>\n<p style=\"text-align: justify;\">McIlroy abord\u00f3 estas cuestiones tras la tercera jornada del Tour Championship, donde <a style=\"color: #008000;\" href=\"https:\/\/x.com\/TOURChamp\/status\/2093821274971660324\/photo\/1\" rel=\"nofollow\"><strong>firm\u00f3 una espectacular vuelta de 63 golpes<\/strong><\/a>.<\/p>\n<p style=\"text-align: justify;\">Sin embargo, una de sus reflexiones m\u00e1s interesantes lleg\u00f3 cuando fue preguntado por el futuro del golf profesional.\u00a0\u00abCreo que he construido una relaci\u00f3n realmente buena con Brian\u00bb, explic\u00f3 McIlroy sobre Rolapp.<\/p>\n<p style=\"text-align: justify;\">Adem\u00e1s, el cuatro veces ganador del Tour Championship agradeci\u00f3 que Rolapp le mantenga informado de las principales decisiones.<\/p>\n<p style=\"text-align: justify;\">Todo ello sucede sin la carga que McIlroy asumi\u00f3 anteriormente desde diferentes \u00f3rganos de gesti\u00f3n del PGA Tour.\u00a0\u00abAprecio mucho que me mantenga informado de todo\u00bb, se\u00f1al\u00f3 el norirland\u00e9s.<\/p>\n<p style=\"text-align: justify;\">McIlroy record\u00f3 que durante este a\u00f1o tambi\u00e9n han hablado sobre membres\u00edas, m\u00ednimos de participaci\u00f3n y otras cuestiones del calendario.\u00a0No obstante, asegur\u00f3 que esos asuntos se han resuelto satisfactoriamente.<\/p>\n<p>El DP World Tour, clave para el europeo<\/p>\n<p style=\"text-align: justify;\">La parte m\u00e1s significativa de sus declaraciones estuvo relacionada con el DP World Tour.\u00a0\u00abEl compromiso del PGA Tour con el DP World Tour es fant\u00e1stico\u00bb, afirm\u00f3 McIlroy.<\/p>\n<p style=\"text-align: justify;\">Adem\u00e1s, mostr\u00f3 especial entusiasmo por algunos de los torneos que ambas organizaciones pretenden desarrollar al final de la temporada.<\/p>\n<p style=\"text-align: justify;\">Para McIlroy, esos planes tienen un valor especial por su condici\u00f3n de miembro de ambos circuitos.<\/p>\n<p style=\"text-align: justify;\">Tambi\u00e9n record\u00f3 sus ra\u00edces dentro del antiguo European Tour, circuito donde comenz\u00f3 a construir su carrera profesional.\u00a0\u00abEstoy orgulloso de venir de lo que antes era el European Tour\u00bb, declar\u00f3.<\/p>\n<p style=\"text-align: justify;\">Por ello, McIlroy considera fundamental potenciar los grandes abiertos nacionales y reforzar el golf internacional.<\/p>\n<p style=\"text-align: justify;\">El norirland\u00e9s entiende que esos campeonatos pueden adquirir una dimensi\u00f3n todav\u00eda mayor dentro de la estructura mundial.\u00a0\u00abSe trata de intentar elevar algunos de estos abiertos nacionales y tambi\u00e9n el golf internacional\u00bb, explic\u00f3.<\/p>\n<p style=\"text-align: justify;\">Adem\u00e1s, McIlroy agradeci\u00f3 directamente la actitud de Rolapp y del equipo directivo del PGA Tour .\u00a0\u00abAprecio la disposici\u00f3n de Brian y de todo el equipo del PGA Tour para ayudar a elevar esos torneos\u00bb, a\u00f1adi\u00f3.<\/p>\n<p style=\"text-align: justify;\">El objetivo, seg\u00fan el norirland\u00e9s, pasa por convertirlos en acontecimientos m\u00e1s grandes y mejores.<\/p>\n<p style=\"text-align: justify;\">Sus palabras refuerzan as\u00ed la idea de una cooperaci\u00f3n m\u00e1s profunda entre el PGA Tour y el DP World Tour.\u00a0Y, adem\u00e1s, sit\u00faan los grandes torneos europeos e internacionales como una pieza importante de esa futura estrategia.<\/p>\n<p><a style=\"color: #008000;\" href=\"https:\/\/opengolf.es\/category\/rory-mcilroy\/\" rel=\"nofollow noopener\" target=\"_blank\"><strong>Ver M\u00c1S de Rory McIlroy<\/strong><\/a><\/p>\n","protected":false},"excerpt":{"rendered":"Rory McIlroy destaca su buena relaci\u00f3n con Brian Rolapp y celebra los planes para reforzar el DP World&hellip;\n","protected":false},"author":2,"featured_media":741671,"comment_status":"","ping_status":"","sticky":false,"template":"","format":"standard","meta":{"footnotes":""},"categories":[275],"tags":[25781,33963,168,7316,25,24,329,1960,606,23,167],"class_list":["post-741670","post","type-post","status-publish","format-standard","has-post-thumbnail","category-golf","tag-brian-rolapp","tag-declaraciones-rory-mcilroy","tag-deportes","tag-dp-world-tour","tag-es","tag-espana","tag-golf","tag-pga-tour","tag-rory-mcilroy","tag-spain","tag-sports"],"share_on_mastodon":{"url":"https:\/\/pubeurope.com\/@es\/117194767040707979","error":""},"_links":{"self":[{"href":"https:\/\/www.europesays.com\/es\/wp-json\/wp\/v2\/posts\/741670","targetHints":{"allow":["GET"]}}],"collection":[{"href":"https:\/\/www.europesays.com\/es\/wp-json\/wp\/v2\/posts"}],"about":[{"href":"https:\/\/www.europesays.com\/es\/wp-json\/wp\/v2\/types\/post"}],"author":[{"embeddable":true,"href":"https:\/\/www.europesays.com\/es\/wp-json\/wp\/v2\/users\/2"}],"replies":[{"embeddable":true,"href":"https:\/\/www.europesays.com\/es\/wp-json\/wp\/v2\/comments?post=741670"}],"version-history":[{"count":0,"href":"https:\/\/www.europesays.com\/es\/wp-json\/wp\/v2\/posts\/741670\/revisions"}],"wp:featuredmedia":[{"embeddable":true,"href":"https:\/\/www.europesays.com\/es\/wp-json\/wp\/v2\/media\/741671"}],"wp:attachment":[{"href":"https:\/\/www.europesays.com\/es\/wp-json\/wp\/v2\/media?parent=741670"}],"wp:term":[{"taxonomy":"category","embeddable":true,"href":"https:\/\/www.europesays.com\/es\/wp-json\/wp\/v2\/categories?post=741670"},{"taxonomy":"post_tag","embeddable":true,"href":"https:\/\/www.europesays.com\/es\/wp-json\/wp\/v2\/tags?post=741670"}],"curies":[{"name":"wp","href":"https:\/\/api.w.org\/{rel}","templated":true}]}}