{"id":741698,"date":"2026-09-01T08:26:31","date_gmt":"2026-09-01T08:26:31","guid":{"rendered":"https:\/\/www.europesays.com\/es\/741698\/"},"modified":"2026-09-01T08:26:31","modified_gmt":"2026-09-01T08:26:31","slug":"el-ministerio-de-agricultura-pesca-y-alimentacion-aporta-6-millones-de-euros-mas-al-programa-agroinnpulso-para-fomentar-la-innovacion-agroalimentaria-noticias-fhalmeria-fh-almeria","status":"publish","type":"post","link":"https:\/\/www.europesays.com\/es\/741698\/","title":{"rendered":"El Ministerio de Agricultura, Pesca y Alimentaci\u00f3n aporta 6 millones de euros m\u00e1s al programa Agroinnpulso para fomentar la innovaci\u00f3n agroalimentaria &#8211; Noticias &#8211; fhalmer\u00eda &#8211; FH Almer\u00eda"},"content":{"rendered":"<ol>\n<li><a href=\"https:\/\/news.google.com\/rss\/articles\/CBMingJBVV95cUxNUzV3VF9WUUtZZDE3XzZySXl1MUtWdmNRX0pVR2h6bzgwcDR4NWdYRzRxLU44WGlWZWxRaktLeWpha0hONXJLcl9IbVJrLUxYUzBkSTZFd2dfYWRIOWNZYVVjWHZZalVDaXVJLUNWWGFwQl8zS2hjamV6Wl9WRmNrWDFFZ04tWUkxTXpLM19WLWhxcTRMUHF4a2VuX1JtVFZtRlFZMGUxYjhWWEx0Ml94Rk1RRnlKWURLaFpEdWhYbXZQMGwxOHNaQ0t2Z1VnLS1MU3BOX3FuRHk1b0padTlDcXl3N3F6SnNxd1dhYVRoR1pleFBJNjlCOXd4SEdkaW9HMFVIOFF4ZkJkbi16NkNIdzlyMy0ySWhObG9BNk5B?oc=5\" target=\"_blank\" rel=\"nofollow noopener\">El Ministerio de Agricultura, Pesca y Alimentaci\u00f3n aporta 6 millones de euros m\u00e1s al programa Agroinnpulso para fomentar la innovaci\u00f3n agroalimentaria &#8211; Noticias &#8211; fhalmer\u00eda<\/a>&nbsp;&nbsp;FH Almer\u00eda<\/li>\n<li><a href=\"https:\/\/news.google.com\/rss\/articles\/CBMi7gFBVV95cUxPbnY3SWcxYjZWUHMtclRrejJ2ZUVfSFY0TmxUc1lHSEp6NlpmVU9EbzN5YkZ4VUM3UVQ1ZDJCVjB5YTZqRWFSRlFpZFl2bmpQZHp4UFVmdHNvNHZMMXVsUE1vdTRKZG90UUpqbGZIMW1ZQkc1aThDMUxTMnNSSFZCRDNtREdwZXFQRGVpRGRXc1MzOVJxb29NeE9pVVlCWkxZS0xaRU94bTdKMV9QVWtCdFZrUVkwOXVwejF5QmxBaWdTNXVCXy13WU9QNURDTE5qTmZoY3VKZ0lTbjVkMHVxbEcwTHh5ZHk1WnVtM09R?oc=5\" target=\"_blank\" rel=\"nofollow noopener\">El Ministerio de Agricultura aporta 6 millones de euros m\u00e1s al programa Agroinnpulso para fomentar la innovaci\u00f3n agroalimentaria<\/a>&nbsp;&nbsp;Agroinformacion<\/li>\n<li><a href=\"https:\/\/news.google.com\/rss\/articles\/CBMivgFBVV95cUxQSzJCaVI4SlhIQlExeTF2NWN4eTVaTnZITlg2N0dXdC1CSW1nYjhJd3R4cXBjbkhjSEtEdDdqTUtfUElrQXI5cWNEbF9zd19ad0ZBbGJEbzRkRFlsT0g1cDRndFJjOFNsNndwRkowcXdYZk4wejhjMWdXakRXNGJIVGNwVHVtdWdCX0ZnT09iZXhtSmhnc2hsaVczLXpOSXExeDRrRlhEd2ViY1Uya004MWVVc3Uwc1FjUVI3el9B?oc=5\" target=\"_blank\" rel=\"nofollow noopener\">El Ministerio de Agricultura aporta seis millones de euros m\u00e1s al programa Agroinnpulso<\/a>&nbsp;&nbsp;servimedia.es<\/li>\n<li><a href=\"https:\/\/news.google.com\/rss\/articles\/CBMiTkFVX3lxTFBlSHB1NzdoRmtVRC1fRkdrdmxmNXloMTlvR2pyS0lMZ2FRUllwSnlSajBEX0hkbGNMQmxuOUlDb3diU09GbHMxSHJDU0Vqdw?oc=5\" target=\"_blank\" rel=\"nofollow noopener\">Agroinnpulso contar\u00e1 con 6 millones adicionales para financiar empresas innovadoras del sector agroalimentario<\/a>&nbsp;&nbsp;Interempresas.net<\/li>\n<\/ol>\n","protected":false},"excerpt":{"rendered":"El Ministerio de Agricultura, Pesca y Alimentaci\u00f3n aporta 6 millones de euros m\u00e1s al programa Agroinnpulso para fomentar&hellip;\n","protected":false},"author":2,"featured_media":741699,"comment_status":"","ping_status":"","sticky":false,"template":"","format":"standard","meta":{"footnotes":""},"categories":[8],"tags":[6832,2077,46938,131596,380,3214,18595,17,18,3008,158,25,24,1557,13,14,2081,22091,11,1816,1783,19,20,1179,4724,583,9,10,15,16,2078,4770,2145,23,12,21,22,1511],"class_list":["post-741698","post","type-post","status-publish","format-standard","has-post-thumbnail","category-espana","tag-6832","tag-agricultura","tag-agroalimentaria","tag-agroinnpulso","tag-al","tag-alimentacion","tag-aporta","tag-breaking-news","tag-breakingnews","tag-de","tag-el","tag-es","tag-espana","tag-euros","tag-featured-news","tag-featurednews","tag-fhalmeria","tag-fomentar","tag-headlines","tag-innovacion","tag-la","tag-latest-news","tag-latestnews","tag-mas","tag-millones","tag-ministerio","tag-news","tag-noticias","tag-noticias-destacadas","tag-noticiasdestacadas","tag-para","tag-pesca","tag-programa","tag-spain","tag-titulares","tag-ultimas-noticias","tag-ultimasnoticias","tag-y"],"share_on_mastodon":{"url":"","error":"Validation failed: Text character limit of 500 exceeded"},"_links":{"self":[{"href":"https:\/\/www.europesays.com\/es\/wp-json\/wp\/v2\/posts\/741698","targetHints":{"allow":["GET"]}}],"collection":[{"href":"https:\/\/www.europesays.com\/es\/wp-json\/wp\/v2\/posts"}],"about":[{"href":"https:\/\/www.europesays.com\/es\/wp-json\/wp\/v2\/types\/post"}],"author":[{"embeddable":true,"href":"https:\/\/www.europesays.com\/es\/wp-json\/wp\/v2\/users\/2"}],"replies":[{"embeddable":true,"href":"https:\/\/www.europesays.com\/es\/wp-json\/wp\/v2\/comments?post=741698"}],"version-history":[{"count":0,"href":"https:\/\/www.europesays.com\/es\/wp-json\/wp\/v2\/posts\/741698\/revisions"}],"wp:featuredmedia":[{"embeddable":true,"href":"https:\/\/www.europesays.com\/es\/wp-json\/wp\/v2\/media\/741699"}],"wp:attachment":[{"href":"https:\/\/www.europesays.com\/es\/wp-json\/wp\/v2\/media?parent=741698"}],"wp:term":[{"taxonomy":"category","embeddable":true,"href":"https:\/\/www.europesays.com\/es\/wp-json\/wp\/v2\/categories?post=741698"},{"taxonomy":"post_tag","embeddable":true,"href":"https:\/\/www.europesays.com\/es\/wp-json\/wp\/v2\/tags?post=741698"}],"curies":[{"name":"wp","href":"https:\/\/api.w.org\/{rel}","templated":true}]}}