{"id":741712,"date":"2026-09-01T08:37:12","date_gmt":"2026-09-01T08:37:12","guid":{"rendered":"https:\/\/www.europesays.com\/es\/741712\/"},"modified":"2026-09-01T08:37:12","modified_gmt":"2026-09-01T08:37:12","slug":"haya-paz-el-periodico","status":"publish","type":"post","link":"https:\/\/www.europesays.com\/es\/741712\/","title":{"rendered":"Haya Paz &#8211; El Peri\u00f3dico"},"content":{"rendered":"<ol>\n<li><a href=\"https:\/\/news.google.com\/rss\/articles\/CBMicEFVX3lxTFB2Q3F0SmlUSE9nbDJPWjIxbUFzTkZ0b1hYN01nZHQ0X1pOYjV1cUlhVktjTmZUNEhGMEZYZDRvMURkT1BqR29HUXpWVnVJZmlXcTdrMjRaSmItYktKd0c1am0zZEN3d2h4ZVZxY0hfVHfSAXBBVV95cUxPTjFXSHpONW9Sc29aQ0x0UlJXb19xQmUxdlQxTnJVYTVpMTcwb2liRzNUOHoyTG44WGJuUUc3VHViTmVWTVU4ZVBsQk1pVmZmb3RWVk5ldmltbEdFZmQ4TkRxNWlTY215Q1QtX1ZfcWpf?oc=5\" target=\"_blank\" rel=\"nofollow noopener\">Haya Paz<\/a>&nbsp;&nbsp;El Peri\u00f3dico<\/li>\n<li><a href=\"https:\/\/news.google.com\/rss\/articles\/CBMif0FVX3lxTE82Y2NVWGlmWk9yRUNKODRMdS1NMXU4cWlIMHBsSWhTOW44aE9wa0luVjlMbkIxOEpZNDdQa2xCMnVBVzVkb1pIZHB6V2wyTTdyeWVTVmctV01JNGdKUGZxalZZR2lPekxhWjdKeHFVR0F3VXZoVmFOMFlmckg2Y2M?oc=5\" target=\"_blank\" rel=\"nofollow noopener\">Paz Padilla lanza un mensaje a sus cr\u00edticos en el adi\u00f3s de El show de Paz: \u00abAntes de juzgar a una persona, debemos caminar una milla con sus zapatos\u00bb<\/a>&nbsp;&nbsp;El Mundo<\/li>\n<li><a href=\"https:\/\/news.google.com\/rss\/articles\/CBMisAFBVV95cUxQcjJjQVZQS2t6RG9xVzlhZUIyM3NNaFI3cUJIWDFoYkJNdThUendqcmtFLXhSR3lfdUttZk0zNjM0ZkZDVHpKcUxvR0pHcEtMRldyYUpPcmtzY2hXcUp4TkVSNG9pMDh2bldjam5XaTBXa2tzek9lZ0RRWVNndUxQZ0w3UHFKUEJSY1BZZXRqUTRVLWl6Qlhmelg5NlVDQU82YzNvQVJwd19JLUp1OXhwNw?oc=5\" target=\"_blank\" rel=\"nofollow noopener\">La emotiva despedida de Paz Padilla y &#8216;El show de Paz&#8217; en Telecinco: \u00abSeguramente no lo habr\u00e9 hecho todo bien\u00bb<\/a>&nbsp;&nbsp;El Confidencial<\/li>\n<li><a href=\"https:\/\/news.google.com\/rss\/articles\/CBMi-AFBVV95cUxQTzBYcURTMTUxMUNPN3ZURDRKUDAzOWcyOEctbmFfaFBhYzhIbE44SkZQUzlnUEw3MHRkaldTVkd6R0ozY3J0bWhzQzB3MGdST0o0N0pqS19xLXV6QWJBbEdoRkNZMzR1S29RWWdWbmlSS0FvYV9xRWo1Nmw0bW9rYWdvYnU3d3dvcmpENlE3bGhFVjktRTB0VW01TlZLZWlHeEJUMlNxM2xSRW9PSXBhYmFYcVdwQ194VDVOS1M0VFF0NGtNNzE5ZDhfQTEwN29EWm9FcGVjbTJrZlFFRFhZNktGMXFCR3hvWjhaNHNTbUo5b1dmTEtzTg?oc=5\" target=\"_blank\" rel=\"nofollow noopener\">&#8216;El show de Paz&#8217; (5.7%) acaba con poco consuelo en Telecinco y La Vuelta (13.5%) lidera en La 1 con el triunfo de Enric Mas<\/a>&nbsp;&nbsp;elDiario.es<\/li>\n<li><a href=\"https:\/\/news.google.com\/rss\/articles\/CBMivgFBVV95cUxNTHFRZjdtNGlSZXlJeGZoVkhHWUgzbnJjRDBoVC1nV1lhSWdFSnhFSno0OVJnaHZ2bmZhdVFZN1BsYVROcVlwSE1rZ0JNWndVYzdYcTRVRUhNWl9CYnNpU1M5TU9tWlE1eXFHTDhtaVRMd19Ld2RwdVpyUnp1TVN2LTZMVDkxNTVWdUFqakU2WFVBRmk4QjIyVTFnLWxhbXNyRFBXRllBd0NkXy1sSmNIWlJTcjhGWmpYY1hyUmNR?oc=5\" target=\"_blank\" rel=\"nofollow noopener\">Paz Padilla lanza un mensaje a la audiencia, tras la cancelaci\u00f3n de &#8216;El Show de Paz&#8217;<\/a>&nbsp;&nbsp;elnortedecastilla.es<\/li>\n<\/ol>\n","protected":false},"excerpt":{"rendered":"Haya Paz&nbsp;&nbsp;El Peri\u00f3dico Paz Padilla lanza un mensaje a sus cr\u00edticos en el adi\u00f3s de El show de&hellip;\n","protected":false},"author":2,"featured_media":741713,"comment_status":"","ping_status":"","sticky":false,"template":"","format":"standard","meta":{"footnotes":""},"categories":[174],"tags":[255,146,147,25,24,256,21768,11506,23,692,7135],"class_list":["post-741712","post","type-post","status-publish","format-standard","has-post-thumbnail","category-famosos","tag-celebrities","tag-entertainment","tag-entretenimiento","tag-es","tag-espana","tag-famosos","tag-haya","tag-paz","tag-spain","tag-telecinco","tag-television-y-mas"],"share_on_mastodon":{"url":"https:\/\/pubeurope.com\/@es\/117194879372825939","error":""},"_links":{"self":[{"href":"https:\/\/www.europesays.com\/es\/wp-json\/wp\/v2\/posts\/741712","targetHints":{"allow":["GET"]}}],"collection":[{"href":"https:\/\/www.europesays.com\/es\/wp-json\/wp\/v2\/posts"}],"about":[{"href":"https:\/\/www.europesays.com\/es\/wp-json\/wp\/v2\/types\/post"}],"author":[{"embeddable":true,"href":"https:\/\/www.europesays.com\/es\/wp-json\/wp\/v2\/users\/2"}],"replies":[{"embeddable":true,"href":"https:\/\/www.europesays.com\/es\/wp-json\/wp\/v2\/comments?post=741712"}],"version-history":[{"count":0,"href":"https:\/\/www.europesays.com\/es\/wp-json\/wp\/v2\/posts\/741712\/revisions"}],"wp:featuredmedia":[{"embeddable":true,"href":"https:\/\/www.europesays.com\/es\/wp-json\/wp\/v2\/media\/741713"}],"wp:attachment":[{"href":"https:\/\/www.europesays.com\/es\/wp-json\/wp\/v2\/media?parent=741712"}],"wp:term":[{"taxonomy":"category","embeddable":true,"href":"https:\/\/www.europesays.com\/es\/wp-json\/wp\/v2\/categories?post=741712"},{"taxonomy":"post_tag","embeddable":true,"href":"https:\/\/www.europesays.com\/es\/wp-json\/wp\/v2\/tags?post=741712"}],"curies":[{"name":"wp","href":"https:\/\/api.w.org\/{rel}","templated":true}]}}