{"id":741732,"date":"2026-09-01T08:51:20","date_gmt":"2026-09-01T08:51:20","guid":{"rendered":"https:\/\/www.europesays.com\/es\/741732\/"},"modified":"2026-09-01T08:51:20","modified_gmt":"2026-09-01T08:51:20","slug":"alcaraz-vuelve-gana-y-apuntala-su-record-de-victorias-en-el-us-open","status":"publish","type":"post","link":"https:\/\/www.europesays.com\/es\/741732\/","title":{"rendered":"Alcaraz vuelve, gana y apuntala su r\u00e9cord de victorias en el US Open"},"content":{"rendered":"<p class=\"article-text\">\n        <a href=\"https:\/\/www.eldiario.es\/temas\/carlos-alcaraz\/\" target=\"_blank\" data-mrf-recirculation=\"links-noticia\" class=\"link\" rel=\"nofollow noopener\">Carlos Alcaraz<\/a> est\u00e1 de vuelta. El tenista murciano, tras un par\u00f3n de m\u00e1s de cuatro meses debido a una lesi\u00f3n de mu\u00f1eca, <strong>debut\u00f3 con victoria<\/strong> este lunes en primera ronda del US Open, torneo donde defiende t\u00edtulo. El espa\u00f1ol, que no disputaba un partido oficial desde el Trofeo Conde de God\u00f3 de Barcelona, se impuso al ruso Roman Safiullin (6-4, 6-4 y 6-4), n\u00famero 99 del <a href=\"https:\/\/www.eldiario.es\/spin\/deportes\/ahora-clasificacion-mundial-tenis-dias-arranque-us-open-si-veremos-alcaraz-pm_1_13463099.html\" target=\"_blank\" data-mrf-recirculation=\"links-noticia\" class=\"link\" rel=\"nofollow noopener\">r\u00e1nking mundial<\/a>.\n    <\/p>\n<p>    <a href=\"https:\/\/www.eldiario.es\/spin\/deportes\/leo-messi-retira-seleccion-argentina-vacie-no-dar-pm_1_13477749.html\" data-mrf-recirculation=\"saber-mas\" data-dl-event=\"saber-mas\" rel=\"nofollow noopener\" target=\"_blank\"><\/p>\n<p class=\"know-more__title\">Leo Messi se retira de la selecci\u00f3n argentina: \u201cMe vaci\u00e9, ya no tengo m\u00e1s para dar\u201d<\/p>\n<p>            <img decoding=\"async\" class=\"lazy\" loading=\"lazy\" data-src=\"https:\/\/static.eldiario.es\/clip\/e17749ef-5a18-43b5-a6b6-0f1caf3d2711_16-9-aspect-ratio_default_0_x987y391.jpg\" src=\"data:image\/svg+xml,%3Csvg xmlns=\" http:=\"\" viewbox=\"0 0 880 495\" alt=\"Leo Messi se retira de la selecci\u00f3n argentina: \u201cMe vaci\u00e9, ya no tengo m\u00e1s para dar\u201d\"\/><\/p>\n<p>                        <\/a><\/p>\n<p class=\"article-text\">\n        \u201cHan sido<strong> cinco meses muy duros para<\/strong> m\u00ed, as\u00ed que poder saltar a la Arthur Ashe y poder competir de nuevo. Como dije antes del torneo, no pod\u00eda haber elegido volver en un torneo mejor, aqu\u00ed en el US Open, aqu\u00ed en Nueva York\u201d, confes\u00f3 el tenista murciano tras la victoria. Y remach\u00f3: \u201cEs un lugar muy especial para m\u00ed, un torneo muy especial\u201d.\n    <\/p>\n<blockquote class=\"instagram-media\" data-instgrm-version=\"14\" data-instgrm-permalink=\"https:\/\/www.instagram.com\/p\/Dct9DGfGQ5c\/\" data-instgrm-captioned=\"\"\/>\n<p class=\"article-text\">\n        Alcaraz ha vuelto <strong>a lo grande <\/strong>y en un escenario que se le da como nadie. El tenista murciano tiene el mejor porcentaje de victorias en este Grand Slam (89,2 %). Eso se traduce en 28 partidos, 25 triunfos y solo tres derrotas en seis participaciones, consiguiendo la corona en 2022 y 2025. El primer t\u00edtulo fue realmente especial, porque supuso la consecuci\u00f3n de su primer major.\n    <\/p>\n<p class=\"article-text\">\n        Ese porcentaje en Nueva York lo convierte en el <strong>jugador con mejor registro<\/strong> por delante del estadounidense Pete Sampras (88,8 %), el suizo Roger Federer (86,4 %) y el serbio Novak Djokovic (85,6 %), aunque estas tres leyendas acumulan mayor n\u00famero de partidos jugados.\n    <\/p>\n<p class=\"article-text\">\n        Casi nadie ha podido con Alcaraz en el US Open, al que regresa tras la incertidumbre de la lesi\u00f3n, aunque la primera prueba la ha superado con nota. <strong>Solo tres jugadores<\/strong> le han ganado en el major estadounidense: Felix Auger-Aliassime en 2021, cuando el espa\u00f1ol abandon\u00f3; Daniil Medvedev en 2023; y Botic van de Zandschulp en 2024.\n    <\/p>\n<blockquote class=\"twitter-tweet\" data-lang=\"es\" data-conversation=\"none\"><p><a href=\"https:\/\/twitter.com\/X\/status\/2094522514126881142?ref_src=twsrc%5Etfw\" rel=\"nofollow noopener\" target=\"_blank\"><\/p><\/blockquote>\n<p class=\"article-text\">\n        Alcaraz ha cantado victoria en Nueva York <strong>en 25 ocasiones<\/strong>, las ocho m\u00e1s recientes de manera consecutiva, incluyendo las victorias frente a Jannik Sinner en la final del pasado a\u00f1o y Djokovic, en semifinales. De seguir avanzando en la competici\u00f3n, el espa\u00f1ol podr\u00eda reeditar una marca que nadie logra desde Federer en 2008: enlazar dos t\u00edtulos consecutivos.\n    <\/p>\n<p>    <a href=\"https:\/\/www.eldiario.es\/spin\/deportes\/vuelta-adios-pogacar-viste-lider-tres-corredores-pelea-12-etapas-delante-pm_1_13476948.html\" data-mrf-recirculation=\"saber-mas-abajo\" data-dl-event=\"saber-mas-abajo\" rel=\"nofollow noopener\" target=\"_blank\"><\/p>\n<p class=\"know-more__title\">La Vuelta, tras el adi\u00f3s de Pogacar: Mas se viste de l\u00edder, tres corredores en la pelea y 12 etapas por delante\n<\/p>\n<p>            <img decoding=\"async\" class=\"lazy\" loading=\"lazy\" data-src=\"https:\/\/static.eldiario.es\/clip\/3ba92d44-0189-42c1-ab44-82996168064b_16-9-aspect-ratio_default_0.jpg\" src=\"data:image\/svg+xml,%3Csvg xmlns=\" http:=\"\" viewbox=\"0 0 880 495\" alt=\"La Vuelta, tras el adi\u00f3s de Pogacar: Mas se viste de l\u00edder, tres corredores en la pelea y 12 etapas por delante\"\/><\/p>\n<p>                        <\/a><\/p>\n<p>    <strong>Sin Djokovic ni Sinner<\/strong><\/p>\n<p class=\"article-text\">\n        El siguiente rival para el murciano, actual n\u00famero 3 del ranking ATP, ser\u00e1 el portugu\u00e9s Jaime Faria, que tuvo que trabajar en tres horas y 44 minutos para superar al favorito local Jenson Brooksby en cinco mangas (6-3, 7-6, 4-6, 1-6, 6-2). Ser\u00e1 la primera vez que se enfrente al portugu\u00e9s y lo har\u00e1 en <strong>segunda ronda<\/strong>, partido que se disputar\u00e1 este mi\u00e9rcoles, 2 de septiembre. De avanzar en el torneo, en ning\u00fan caso se encontrar\u00eda con Sinner, actual n\u00famero 1 del mundo, que renunci\u00f3 a participar para recuperarse de una lesi\u00f3n en su rodilla derecha. Tampoco con Djokovic, que qued\u00f3 <a href=\"https:\/\/www.eldiario.es\/spin\/deportes\/djokovic-despide-us-open-lagrimas-primera-ronda-pm_1_13476043.html\" target=\"_blank\" data-mrf-recirculation=\"links-noticia\" class=\"link\" rel=\"nofollow noopener\">eliminado en primera ronda<\/a>.\n    <\/p>\n<p>                                        <script async src=\"https:\/\/platform.twitter.com\/widgets.js\" charset=\"utf-8\"><\/script><script async src=\"\/\/www.instagram.com\/embed.js\"><\/script><\/p>\n","protected":false},"excerpt":{"rendered":"Carlos Alcaraz est\u00e1 de vuelta. El tenista murciano, tras un par\u00f3n de m\u00e1s de cuatro meses debido a&hellip;\n","protected":false},"author":2,"featured_media":741733,"comment_status":"","ping_status":"","sticky":false,"template":"","format":"standard","meta":{"footnotes":""},"categories":[5],"tags":[4736,67445,17,18,25,24,13,14,4355,11,19,20,9,10,15,16,5829,2678,4722,23,12,21,22,1559,13472,739],"class_list":["post-741732","post","type-post","status-publish","format-standard","has-post-thumbnail","category-titulares","tag-alcaraz","tag-apuntala","tag-breaking-news","tag-breakingnews","tag-es","tag-espana","tag-featured-news","tag-featurednews","tag-gana","tag-headlines","tag-latest-news","tag-latestnews","tag-news","tag-noticias","tag-noticias-destacadas","tag-noticiasdestacadas","tag-open","tag-pm","tag-record","tag-spain","tag-titulares","tag-ultimas-noticias","tag-ultimasnoticias","tag-us","tag-victorias","tag-vuelve"],"share_on_mastodon":{"url":"https:\/\/pubeurope.com\/@es\/117194934636367963","error":""},"_links":{"self":[{"href":"https:\/\/www.europesays.com\/es\/wp-json\/wp\/v2\/posts\/741732","targetHints":{"allow":["GET"]}}],"collection":[{"href":"https:\/\/www.europesays.com\/es\/wp-json\/wp\/v2\/posts"}],"about":[{"href":"https:\/\/www.europesays.com\/es\/wp-json\/wp\/v2\/types\/post"}],"author":[{"embeddable":true,"href":"https:\/\/www.europesays.com\/es\/wp-json\/wp\/v2\/users\/2"}],"replies":[{"embeddable":true,"href":"https:\/\/www.europesays.com\/es\/wp-json\/wp\/v2\/comments?post=741732"}],"version-history":[{"count":0,"href":"https:\/\/www.europesays.com\/es\/wp-json\/wp\/v2\/posts\/741732\/revisions"}],"wp:featuredmedia":[{"embeddable":true,"href":"https:\/\/www.europesays.com\/es\/wp-json\/wp\/v2\/media\/741733"}],"wp:attachment":[{"href":"https:\/\/www.europesays.com\/es\/wp-json\/wp\/v2\/media?parent=741732"}],"wp:term":[{"taxonomy":"category","embeddable":true,"href":"https:\/\/www.europesays.com\/es\/wp-json\/wp\/v2\/categories?post=741732"},{"taxonomy":"post_tag","embeddable":true,"href":"https:\/\/www.europesays.com\/es\/wp-json\/wp\/v2\/tags?post=741732"}],"curies":[{"name":"wp","href":"https:\/\/api.w.org\/{rel}","templated":true}]}}