{"id":741744,"date":"2026-09-01T09:02:46","date_gmt":"2026-09-01T09:02:46","guid":{"rendered":"https:\/\/www.europesays.com\/es\/741744\/"},"modified":"2026-09-01T09:02:46","modified_gmt":"2026-09-01T09:02:46","slug":"sara-carbonero-se-adelanta-al-otono-con-la-falda-de-flecos-que-sera-una-de-las-grandes-tendencias-de-la-temporada","status":"publish","type":"post","link":"https:\/\/www.europesays.com\/es\/741744\/","title":{"rendered":"Sara Carbonero se adelanta al oto\u00f1o con la falda de flecos que ser\u00e1 una de las grandes tendencias de la temporada"},"content":{"rendered":"<p><a title=\"Sara Carbonero\" href=\"https:\/\/www.larazon.es\/lifestyle\/moda\/looks-sara-carbonero-recorrer-amazonia-botas-agua-panuelo-cuello-camisa-blanca_202608146a7eb93da046ad6ebcb07b9a.html\" target=\"_blank\" rel=\"nofollow noopener\">Sara Carbonero<\/a><b> lleva a\u00f1os haciendo del estilo bohemio una de sus se\u00f1as de identidad.<\/b> Vestidos fluidos, prendas de inspiraci\u00f3n artesanal, botas, chalecos o tejidos naturales aparecen una y otra vez en un armario que, adem\u00e1s, suele adelantarnos algunas de las tendencias que despu\u00e9s terminamos viendo por todas partes. Y su \u00faltimo look vuelve a ser un buen ejemplo.<\/p>\n<p>La periodista ha compartido una nueva imagen en la que todas las miradas se dirigen hacia su <b>falda larga de ante en color marr\u00f3n y cubierta de fleco<\/b>s, una prenda de Slowlove, la firma que fund\u00f3 junto a Isabel Jim\u00e9nez, que encaja de lleno con la est\u00e9tica que promete conquistar el <a title=\"oto\u00f1o de 2026\" href=\"https:\/\/www.larazon.es\/lifestyle\/moda\/tana-rivera-apoya-roca-rey-bilbao-top-rebajado-que-confirma-color-tendencia-otono-2026_202608286a915fe8d16f763504a362a6.html\" target=\"_blank\" rel=\"nofollow noopener\">oto\u00f1o de 2026<\/a><b>.<\/b><\/p>\n<p>Porque si durante los \u00faltimos meses hemos hablado del regreso del boho, este oto\u00f1o ser\u00e1n los flecos los encargados de llevarlo un paso m\u00e1s all\u00e1. Aparecen en faldas, chaquetas, bolsos e incluso zapatos y Sara Carbonero ya los incorpora a su particular uniforme para estrenar la nueva temporada.<\/p>\n<p>La falda de flecos de Sara Carbonero que re\u00fane las tendencias del oto\u00f1o 2026<\/p>\n<p>La elecci\u00f3n de Sara Carbonero tiene pr\u00e1cticamente todos los ingredientes para convertirse en inspiraci\u00f3n de cara a septiembre. Se trata de una falda larga de ante marr\u00f3n, con una gran pieza asim\u00e9trica en la parte superior y largos <b>flecos<\/b> que aportan movimiento al dise\u00f1o.<\/p>\n<p><img decoding=\"async\" loading=\"lazy\" src=\"https:\/\/www.europesays.com\/es\/wp-content\/uploads\/2026\/09\/look-tendencia-sara-carbonero_123.jpg\" alt=\"El look tendencia de Sara Carbonero. \" width=\"1320\" height=\"2319\"\/><b>El look tendencia de Sara Carbonero. <\/b> Instagram @saracarbonero<\/p>\n<p>Precisamente el marr\u00f3n seguir\u00e1 teniendo un enorme protagonismo durante los pr\u00f3ximos meses, especialmente en sus versiones chocolate, camel y tierra. Unido al ante y a los flecos, el resultado recupera esa est\u00e9tica setentera y bohemia que vuelve a hacerse hueco entre las tendencias del oto\u00f1o.<\/p>\n<p>La periodista, adem\u00e1s, evita llevarla de una forma demasiado literal. En lugar de construir un estilismo completamente boho, la combina con una camiseta b\u00e1sica blanca de tirantes y una chaqueta vaquera oversize decorada con peque\u00f1os detalles brillantes. Una mezcla que rebaja el efecto de la falda y demuestra que una pieza tan especial tambi\u00e9n puede funcionar en looks mucho m\u00e1s cotidianos.<\/p>\n<p><b>Los complementos terminan de darle ese sello tan reconocible de Sara Carbonero:<\/b> pendientes XXL de inspiraci\u00f3n artesanal, varios collares superpuestos, anillos y pulseras convierten un conjunto construido a partir de b\u00e1sicos en un estilismo con mucha personalidad.<\/p>\n<p>Los flecos vuelven este oto\u00f1o y Sara Carbononero ya sabe c\u00f3mo llevarlos<\/p>\n<p>Despu\u00e9s de varias temporadas en las que el minimalismo ha ocupado buena parte del armario, los flecos regresan con fuerza en oto\u00f1o de 2026 y lo hacen m\u00e1s all\u00e1 de los vestidos de fiesta. Chaquetas, faldas midi y largas, bolsos y prendas de ante los incorporan para aportar textura y movimiento.<\/p>\n<p><a title=\"La falda de Sara Carbonero\" href=\"https:\/\/www.larazon.es\/lifestyle\/moda\/sara-carbonero-recorre-quito-sombrero-mansa-que-convertido-accesorio-verano_202608176a82aa25a5690f04737e3369.html\" target=\"_blank\" rel=\"nofollow noopener\">La falda de Sara Carbonero<\/a> resulta especialmente interesante porque permite trasladar la tendencia al d\u00eda a d\u00eda. Con una camiseta blanca y una cazadora vaquera funciona durante las primeras semanas de entretiempo, mientras que cuando bajen las temperaturas puede combinarse con un jersey de punto, una americana o unas botas altas.<\/p>\n<p>El modelo exacto que lleva la periodista ya no se encuentra disponible actualmente en la web de Slowlove, pero su look deja clara una de las f\u00f3rmulas que m\u00e1s veremos durante los pr\u00f3ximos meses: flecos, ante y tonos tierra. <b>Tres tendencias que Sara Carbonero re\u00fane en una sola prenda y que confirman que el esp\u00edritu boho seguir\u00e1 teniendo mucho que decir este oto\u00f1o.<\/b><\/p>\n","protected":false},"excerpt":{"rendered":"Sara Carbonero lleva a\u00f1os haciendo del estilo bohemio una de sus se\u00f1as de identidad. Vestidos fluidos, prendas de&hellip;\n","protected":false},"author":2,"featured_media":741745,"comment_status":"","ping_status":"","sticky":false,"template":"","format":"standard","meta":{"footnotes":""},"categories":[174],"tags":[255,146,147,25,24,256,1023,2461,12190,15968,23,2922],"class_list":["post-741744","post","type-post","status-publish","format-standard","has-post-thumbnail","category-famosos","tag-celebrities","tag-entertainment","tag-entretenimiento","tag-es","tag-espana","tag-famosos","tag-moda","tag-mujer","tag-otono","tag-sara-carbonero","tag-spain","tag-tendencias"],"share_on_mastodon":{"url":"https:\/\/pubeurope.com\/@es\/117194979009637793","error":""},"_links":{"self":[{"href":"https:\/\/www.europesays.com\/es\/wp-json\/wp\/v2\/posts\/741744","targetHints":{"allow":["GET"]}}],"collection":[{"href":"https:\/\/www.europesays.com\/es\/wp-json\/wp\/v2\/posts"}],"about":[{"href":"https:\/\/www.europesays.com\/es\/wp-json\/wp\/v2\/types\/post"}],"author":[{"embeddable":true,"href":"https:\/\/www.europesays.com\/es\/wp-json\/wp\/v2\/users\/2"}],"replies":[{"embeddable":true,"href":"https:\/\/www.europesays.com\/es\/wp-json\/wp\/v2\/comments?post=741744"}],"version-history":[{"count":0,"href":"https:\/\/www.europesays.com\/es\/wp-json\/wp\/v2\/posts\/741744\/revisions"}],"wp:featuredmedia":[{"embeddable":true,"href":"https:\/\/www.europesays.com\/es\/wp-json\/wp\/v2\/media\/741745"}],"wp:attachment":[{"href":"https:\/\/www.europesays.com\/es\/wp-json\/wp\/v2\/media?parent=741744"}],"wp:term":[{"taxonomy":"category","embeddable":true,"href":"https:\/\/www.europesays.com\/es\/wp-json\/wp\/v2\/categories?post=741744"},{"taxonomy":"post_tag","embeddable":true,"href":"https:\/\/www.europesays.com\/es\/wp-json\/wp\/v2\/tags?post=741744"}],"curies":[{"name":"wp","href":"https:\/\/api.w.org\/{rel}","templated":true}]}}