{"id":741750,"date":"2026-09-01T09:09:31","date_gmt":"2026-09-01T09:09:31","guid":{"rendered":"https:\/\/www.europesays.com\/es\/741750\/"},"modified":"2026-09-01T09:09:31","modified_gmt":"2026-09-01T09:09:31","slug":"ultima-hora-del-mercado-de-fichajes-en-directo-altas-y-bajas-en-el-fc-barcelona-real-madrid-y-cuando-acaba","status":"publish","type":"post","link":"https:\/\/www.europesays.com\/es\/741750\/","title":{"rendered":"\u00daltima hora del mercado de fichajes, en directo: altas y bajas en el FC Barcelona, Real Madrid y cu\u00e1ndo acaba"},"content":{"rendered":"<p class=\"ft-text\">Un Real Madrid renovado y con un viejo conocido en su banquillo, pretende romper con la hegemon\u00eda del Bar\u00e7a de Flick en Espa\u00f1a. Estas son las altas y bajas del conjunto blanco, con <strong>Jose Mourinho<\/strong> al mando.<\/p>\n<p class=\"ft-text\"><strong>Altas:<\/strong> Mourinho (entrenador, Benfica), Cucurella (Chelsea), Bernardo Silva (libre, Manchester City), Konat\u00e9 (libre, Liverpool), Dumfries (Inter), Carlos Esp\u00ed (Levante), Diomande (Leipzig) y Sergio Mart\u00ednez (Racing).<\/p>\n<p class=\"ft-text\"><strong>Bajas: <\/strong>Mario Mart\u00edn (Getafe), Carvajal, Alaba, Ceballos, Fran Gonz\u00e1lez (Sevilla), Gonzalo y C\u00e9sar Palacios (Fulham) y Mastantuono (cedido a la Fiorentina).<\/p>\n","protected":false},"excerpt":{"rendered":"Un Real Madrid renovado y con un viejo conocido en su banquillo, pretende romper con la hegemon\u00eda del&hellip;\n","protected":false},"author":2,"featured_media":741751,"comment_status":"","ping_status":"","sticky":false,"template":"","format":"standard","meta":{"footnotes":""},"categories":[93],"tags":[168,2125,25,24,285,1458,1239,23,167,1885],"class_list":["post-741750","post","type-post","status-publish","format-standard","has-post-thumbnail","category-deportes","tag-deportes","tag-directo","tag-es","tag-espana","tag-fichajes","tag-hora","tag-mercado","tag-spain","tag-sports","tag-ultima"],"share_on_mastodon":{"url":"https:\/\/pubeurope.com\/@es\/117195005396843698","error":""},"_links":{"self":[{"href":"https:\/\/www.europesays.com\/es\/wp-json\/wp\/v2\/posts\/741750","targetHints":{"allow":["GET"]}}],"collection":[{"href":"https:\/\/www.europesays.com\/es\/wp-json\/wp\/v2\/posts"}],"about":[{"href":"https:\/\/www.europesays.com\/es\/wp-json\/wp\/v2\/types\/post"}],"author":[{"embeddable":true,"href":"https:\/\/www.europesays.com\/es\/wp-json\/wp\/v2\/users\/2"}],"replies":[{"embeddable":true,"href":"https:\/\/www.europesays.com\/es\/wp-json\/wp\/v2\/comments?post=741750"}],"version-history":[{"count":0,"href":"https:\/\/www.europesays.com\/es\/wp-json\/wp\/v2\/posts\/741750\/revisions"}],"wp:featuredmedia":[{"embeddable":true,"href":"https:\/\/www.europesays.com\/es\/wp-json\/wp\/v2\/media\/741751"}],"wp:attachment":[{"href":"https:\/\/www.europesays.com\/es\/wp-json\/wp\/v2\/media?parent=741750"}],"wp:term":[{"taxonomy":"category","embeddable":true,"href":"https:\/\/www.europesays.com\/es\/wp-json\/wp\/v2\/categories?post=741750"},{"taxonomy":"post_tag","embeddable":true,"href":"https:\/\/www.europesays.com\/es\/wp-json\/wp\/v2\/tags?post=741750"}],"curies":[{"name":"wp","href":"https:\/\/api.w.org\/{rel}","templated":true}]}}