{"id":741792,"date":"2026-09-01T09:37:35","date_gmt":"2026-09-01T09:37:35","guid":{"rendered":"https:\/\/www.europesays.com\/es\/741792\/"},"modified":"2026-09-01T09:37:35","modified_gmt":"2026-09-01T09:37:35","slug":"el-secretario-del-ejercito-de-ee-uu-dan-driscoll-presento-su-dimision-tras-las-tensiones-con-hegseth","status":"publish","type":"post","link":"https:\/\/www.europesays.com\/es\/741792\/","title":{"rendered":"El secretario del Ej\u00e9rcito de EE.UU., Dan Driscoll, present\u00f3 su dimisi\u00f3n tras las tensiones con Hegseth"},"content":{"rendered":"<p>      CNN\u00a0\u2014\u00a0\n    <\/p>\n<p class=\"paragraph inline-placeholder vossi-paragraph\" data-uri=\"es.cms.cnn.com\/_components\/paragraph\/instances\/cmti64hlg000r2ep7gnyf6xx8@published\" data-editable=\"text\" data-component-name=\"paragraph\" data-article-gutter=\"true\">\n            El secretario del Ej\u00e9rcito de las Fuerzas Armadas de EE.UU., Dan Driscoll, present\u00f3 su dimisi\u00f3n al presidente Donald Trump, informaron a CNN varias fuentes familiarizadas con el asunto.\n    <\/p>\n<p class=\"paragraph inline-placeholder vossi-paragraph\" data-uri=\"es.cms.cnn.com\/_components\/paragraph\/instances\/cmti66imm0005356rebivykit@published\" data-editable=\"text\" data-component-name=\"paragraph\" data-article-gutter=\"true\">\n            Seg\u00fan una fuente, la decisi\u00f3n no era sorprendente <a href=\"https:\/\/www.cnn.com\/2025\/09\/12\/politics\/secretary-of-war-hegseth-wields-power-pentagon\" rel=\"nofollow noopener\" target=\"_blank\">dada la tensi\u00f3n existente<\/a> entre Driscoll y el secretario de Defensa, <a href=\"https:\/\/www.cnn.com\/2026\/06\/09\/politics\/hegseth-pentagon-suspicion\" rel=\"nofollow noopener\" target=\"_blank\">Pete Hegseth<\/a>.\n    <\/p>\n<p class=\"paragraph inline-placeholder vossi-paragraph\" data-uri=\"es.cms.cnn.com\/_components\/paragraph\/instances\/cmti66imm0006356rx3xlx6w8@published\" data-editable=\"text\" data-component-name=\"paragraph\" data-article-gutter=\"true\">\n            Una segunda fuente cercana a la situaci\u00f3n afirm\u00f3 que, en su renuncia, Driscoll \u201cplante\u00f3 sus preocupaciones con la administraci\u00f3n en torno a la transformaci\u00f3n y la preparaci\u00f3n del Ej\u00e9rcito, y el bloqueo de esos esfuerzos por parte de Hegseth, espec\u00edficamente al despedir a los generales responsables\u201d.\n    <\/p>\n<p class=\"paragraph inline-placeholder vossi-paragraph\" data-uri=\"es.cms.cnn.com\/_components\/paragraph\/instances\/cmti66imm0007356rbbw86ysd@published\" data-editable=\"text\" data-component-name=\"paragraph\" data-article-gutter=\"true\">\n            Un funcionario del Ej\u00e9rcito declar\u00f3 que Driscoll \u201chabl\u00f3 con el presidente sobre la situaci\u00f3n actual del Ej\u00e9rcito y present\u00f3 su dimisi\u00f3n\u201d.\n    <\/p>\n<p class=\"paragraph inline-placeholder vossi-paragraph\" data-uri=\"es.cms.cnn.com\/_components\/paragraph\/instances\/cmti66imm0008356roci145ic@published\" data-editable=\"text\" data-component-name=\"paragraph\" data-article-gutter=\"true\">\n            La salida de Driscoll, veterano y amigo de toda la vida del vicepresidente J.D. Vance, era un rumor que circulaba desde hac\u00eda tiempo y se produce tras meses de fricciones con Hegseth.\n    <\/p>\n<p class=\"paragraph inline-placeholder vossi-paragraph\" data-uri=\"es.cms.cnn.com\/_components\/paragraph\/instances\/cmti6911d0012356rupqz39j2@published\" data-editable=\"text\" data-component-name=\"paragraph\" data-article-gutter=\"true\">\n            Adem\u00e1s, coincide con el sexto mes de la guerra con Ir\u00e1n, que <a href=\"https:\/\/www.cnn.com\/2026\/08\/30\/politics\/us-iran-strikes-larak-island\" rel=\"nofollow noopener\" target=\"_blank\">no da se\u00f1ales de terminar.<\/a>\n    <\/p>\n<p class=\"paragraph inline-placeholder vossi-paragraph\" data-uri=\"es.cms.cnn.com\/_components\/paragraph\/instances\/cmti66imm0009356r75ccvbq9@published\" data-editable=\"text\" data-component-name=\"paragraph\" data-article-gutter=\"true\">\n            No est\u00e1 claro cu\u00e1ndo Driscoll dejar\u00e1 oficialmente el cargo. Normalmente, el subsecretario del Ej\u00e9rcito asumir\u00eda el puesto de secretario interino. El actual subsecretario es Mike Obadal, coronel retirado y aviador de operaciones especiales.\n    <\/p>\n<p class=\"paragraph inline-placeholder vossi-paragraph\" data-uri=\"es.cms.cnn.com\/_components\/paragraph\/instances\/cmti66imm000a356r2jignpck@published\" data-editable=\"text\" data-component-name=\"paragraph\" data-article-gutter=\"true\">\n            \u201cEl secretario Driscoll ha sido sumamente eficaz a la hora de impulsar la agenda del presidente Trump para hacer que Estados Unidos vuelva a ser fuerte en el Departamento del Ej\u00e9rcito, proporcionando un liderazgo excepcional durante operaciones militares hist\u00f3ricas, restableciendo el \u00e9nfasis en la preparaci\u00f3n y la letalidad, ayudando en las negociaciones entre Rusia y Ucrania, y mucho m\u00e1s\u201d, declar\u00f3 la portavoz de la Casa Blanca, Anna Kelly, en un comunicado.\n    <\/p>\n<p class=\"paragraph inline-placeholder vossi-paragraph\" data-uri=\"es.cms.cnn.com\/_components\/paragraph\/instances\/cmti66imn000b356r23w60oti@published\" data-editable=\"text\" data-component-name=\"paragraph\" data-article-gutter=\"true\">\n            CNN se ha puesto en contacto con el Ej\u00e9rcito para obtener m\u00e1s comentarios. El Wall Street Journal <a href=\"https:\/\/www.wsj.com\/politics\/national-security\/army-secretary-resigns-after-months-of-friction-with-hegseth-9c124207?eafs_enabled=false\" target=\"_blank\" rel=\"nofollow noopener\">fue el primero en informar<\/a> sobre la salida de Driscoll.\n    <\/p>\n<p class=\"paragraph inline-placeholder vossi-paragraph\" data-uri=\"es.cms.cnn.com\/_components\/paragraph\/instances\/cmti66imn000c356rlmjo8b8v@published\" data-editable=\"text\" data-component-name=\"paragraph\" data-article-gutter=\"true\">\n            A principios de este a\u00f1o, Hegseth destituy\u00f3 al jefe del Estado Mayor del Ej\u00e9rcito, <a href=\"https:\/\/www.cnn.com\/2026\/04\/02\/politics\/hegseth-removes-randy-george-army-chief-of-staff\" rel=\"nofollow noopener\" target=\"_blank\">el general Randy George<\/a>, y a otros dos generales. George y Driscoll trabajaban en estrecha colaboraci\u00f3n.\n    <\/p>\n<p class=\"paragraph inline-placeholder vossi-paragraph\" data-uri=\"es.cms.cnn.com\/_components\/paragraph\/instances\/cmti66imn000d356rb3865nan@published\" data-editable=\"text\" data-component-name=\"paragraph\" data-article-gutter=\"true\">\n            Legisladores de ambos partidos interrogaron repetidamente a Hegseth sobre el despido y expresaron su admiraci\u00f3n por el general. Y <a href=\"https:\/\/www.cnn.com\/2026\/04\/16\/politics\/army-secretary-praises-general-fired-by-hegseth\" rel=\"nofollow noopener\" target=\"_blank\">ante el Congreso en abril<\/a>, Driscoll se uni\u00f3 a ellos al afirmar que \u201cno hay nadie que tenga m\u00e1s respeto por el general George y sus 42 a\u00f1os de servicio, su Coraz\u00f3n P\u00farpura, su esposa Patty, sus nietos y sus hijos\u201d.\n    <\/p>\n<p class=\"paragraph inline-placeholder vossi-paragraph\" data-uri=\"es.cms.cnn.com\/_components\/paragraph\/instances\/cmti66imn000e356rt8etne8u@published\" data-editable=\"text\" data-component-name=\"paragraph\" data-article-gutter=\"true\">\n            \u201cLos adoro\u201d, dijo Driscoll en aquel entonces. \u201cY \u00e9l era un l\u00edder extraordinario y transformador\u201d.\n    <\/p>\n<p class=\"paragraph inline-placeholder vossi-paragraph\" data-uri=\"es.cms.cnn.com\/_components\/paragraph\/instances\/cmti66imn000f356rq1f8ugsw@published\" data-editable=\"text\" data-component-name=\"paragraph\" data-article-gutter=\"true\">\n            Seg\u00fan informaron previamente varias fuentes a CNN, pr\u00e1cticamente desde el comienzo del mandato de Hegseth, el secretario ha desconfiado de los funcionarios que lo rodean, tanto civiles como militares, y ha sospechado de su lealtad.\n    <\/p>\n<p class=\"paragraph inline-placeholder vossi-paragraph\" data-uri=\"es.cms.cnn.com\/_components\/paragraph\/instances\/cmti66imn000g356r7th50x1v@published\" data-editable=\"text\" data-component-name=\"paragraph\" data-article-gutter=\"true\">\n            Uno de los ejemplos m\u00e1s destacados de luchas internas durante el mandato de Hegseth ha sido con Driscoll, a menudo debido a la estrecha relaci\u00f3n entre Driscoll y Vance. CNN ha informado que Hegseth ha interpretado la relaci\u00f3n de Driscoll con la Casa Blanca como un intento de eludirlo.\n    <\/p>\n<p>       <img loading=\"lazy\" decoding=\"async\" src=\"https:\/\/www.europesays.com\/es\/wp-content\/uploads\/2026\/09\/gettyimages-2286276238.jpg\" alt=\"GettyImages-2286276238.jpg\" class=\"image__dam-img image__dam-img--loading\" onload=\"this.classList.remove('image__dam-img--loading')\" onerror=\"imageLoadError(this)\" height=\"1465\" width=\"2120\"\/><\/p>\n<p>Secretario de Defensa anuncia programa para detectar deficiencia de testosterona en militares\n                <\/p>\n<p>Secretario de Defensa anuncia programa para detectar deficiencia de testosterona en militares<\/p>\n<p>        01:43<\/p>\n<p class=\"paragraph inline-placeholder vossi-paragraph\" data-uri=\"es.cms.cnn.com\/_components\/paragraph\/instances\/cmti66imn000h356rv7airylm@published\" data-editable=\"text\" data-component-name=\"paragraph\" data-article-gutter=\"true\">\n            Driscoll y Vance fueron compa\u00f1eros de clase en la Facultad de Derecho de Yale y han mantenido una estrecha amistad.\n    <\/p>\n<p class=\"paragraph inline-placeholder vossi-paragraph\" data-uri=\"es.cms.cnn.com\/_components\/paragraph\/instances\/cmti6cv7r001a356rigv6i4z6@published\" data-editable=\"text\" data-component-name=\"paragraph\" data-article-gutter=\"true\">\n            El joven secretario del Ej\u00e9rcito tambi\u00e9n forj\u00f3 una relaci\u00f3n con Trump, lo cual qued\u00f3 patente cuando <a href=\"https:\/\/www.cnn.com\/2025\/11\/25\/politics\/dan-driscoll-trump-ukraine-russia-war\" rel=\"nofollow noopener\" target=\"_blank\">el presidente lo design\u00f3<\/a> el a\u00f1o pasado para ayudar a persuadir a Ucrania de que volviera a la mesa de negociaciones con Rusia.\n    <\/p>\n<p class=\"paragraph inline-placeholder vossi-paragraph\" data-uri=\"es.cms.cnn.com\/_components\/paragraph\/instances\/cmti66imn000i356rt17yq0th@published\" data-editable=\"text\" data-component-name=\"paragraph\" data-article-gutter=\"true\">\n            Mientras que el mandato de Hegseth se ha caracterizado hasta ahora por su postura agresiva en los llamados <a href=\"https:\/\/www.cnn.com\/2025\/09\/12\/politics\/secretary-of-war-hegseth-wields-power-pentagon\" rel=\"nofollow noopener\" target=\"_blank\">temas de la guerra cultural<\/a>, Driscoll y George se mostraron p\u00fablicamente centrados principalmente en la modernizaci\u00f3n de las fuerzas y el equipamiento del Ej\u00e9rcito.\n    <\/p>\n<p class=\"paragraph inline-placeholder vossi-paragraph\" data-uri=\"es.cms.cnn.com\/_components\/paragraph\/instances\/cmti6di70001d356rfi6rz78w@published\" data-editable=\"text\" data-component-name=\"paragraph\" data-article-gutter=\"true\">\n            Trump incluso lleg\u00f3 a referirse a Driscoll como <a href=\"https:\/\/www.cnn.com\/2025\/11\/25\/politics\/dan-driscoll-trump-ukraine-russia-war\" rel=\"nofollow noopener\" target=\"_blank\">el \u201cexperto en drones\u201d<\/a> debido a su extenso trabajo en esta tecnolog\u00eda.\n    <\/p>\n<p class=\"paragraph inline-placeholder vossi-paragraph\" data-uri=\"es.cms.cnn.com\/_components\/paragraph\/instances\/cmti66imn000j356rsddtuhgb@published\" data-editable=\"text\" data-component-name=\"paragraph\" data-article-gutter=\"true\">\n            Hegseth, quien sirvi\u00f3 en la Guardia Nacional del Ej\u00e9rcito durante casi 20 a\u00f1os, ha mostrado un inter\u00e9s particular en el Ej\u00e9rcito y su liderazgo. Ha despedido o forzado la salida de varios l\u00edderes clave del servicio, entre ellos George, el exsubjefe del Estado Mayor del Ej\u00e9rcito, el general James Mingus, el jefe del Comando de Transformaci\u00f3n y Entrenamiento del Ej\u00e9rcito, el general David Hodne, el jefe de capellanes, el mayor general William Green Jr., y el director del Estado Mayor Conjunto, el teniente general Douglas Sims.\n    <\/p>\n<p class=\"paragraph inline-placeholder vossi-paragraph\" data-uri=\"es.cms.cnn.com\/_components\/paragraph\/instances\/cmti66imn000k356rm00aztjj@published\" data-editable=\"text\" data-component-name=\"paragraph\" data-article-gutter=\"true\">\n            Recientemente, el general Christopher Donahue, el respetado comandante de las fuerzas de Estados Unidos en Europa y \u00c1frica, <a href=\"https:\/\/www.cnn.com\/2026\/06\/24\/politics\/donahue-hegseth-europe-retirement\" rel=\"nofollow noopener\" target=\"_blank\">renunci\u00f3 a su cargo,<\/a> ya que Hegseth a\u00fan no lo hab\u00eda propuesto para un nuevo puesto.\n    <\/p>\n<p class=\"paragraph inline-placeholder vossi-paragraph\" data-uri=\"es.cms.cnn.com\/_components\/paragraph\/instances\/cmti6eym6001g356r6arqt75p@published\" data-editable=\"text\" data-component-name=\"paragraph\" data-article-gutter=\"true\">\n            Varias fuentes informaron a CNN que exist\u00eda tensi\u00f3n entre las oficinas de Hegseth y Donahue, aunque no necesariamente entre ambos. Donahue se retir\u00f3 oficialmente la semana pasada.\n    <\/p>\n<p class=\"paragraph inline-placeholder vossi-paragraph\" data-uri=\"es.cms.cnn.com\/_components\/paragraph\/instances\/cmti66imo000l356reeno62i2@published\" data-editable=\"text\" data-component-name=\"paragraph\" data-article-gutter=\"true\">\n            Esta noticia ha sido actualizada con informaci\u00f3n adicional.\n    <\/p>\n","protected":false},"excerpt":{"rendered":"CNN\u00a0\u2014\u00a0 El secretario del Ej\u00e9rcito de las Fuerzas Armadas de EE.UU., Dan Driscoll, present\u00f3 su dimisi\u00f3n al presidente&hellip;\n","protected":false},"author":2,"featured_media":741793,"comment_status":"","ping_status":"","sticky":false,"template":"","format":"standard","meta":{"footnotes":""},"categories":[42],"tags":[17,18,61860,352,131601,13,14,11,61,62,63,64,19,20,9,10,15,16,17921,33201,12,21,22,65,66,67],"class_list":["post-741792","post","type-post","status-publish","format-standard","has-post-thumbnail","category-internacional","tag-breaking-news","tag-breakingnews","tag-dan-driscoll","tag-donald-trump","tag-ejercito-ee-uu","tag-featured-news","tag-featurednews","tag-headlines","tag-internacional","tag-international","tag-international-news","tag-internationalnews","tag-latest-news","tag-latestnews","tag-news","tag-noticias","tag-noticias-destacadas","tag-noticiasdestacadas","tag-pentagono","tag-pete-hegseth","tag-titulares","tag-ultimas-noticias","tag-ultimasnoticias","tag-world","tag-world-news","tag-worldnews"],"share_on_mastodon":{"url":"https:\/\/pubeurope.com\/@es\/117195116882251720","error":""},"_links":{"self":[{"href":"https:\/\/www.europesays.com\/es\/wp-json\/wp\/v2\/posts\/741792","targetHints":{"allow":["GET"]}}],"collection":[{"href":"https:\/\/www.europesays.com\/es\/wp-json\/wp\/v2\/posts"}],"about":[{"href":"https:\/\/www.europesays.com\/es\/wp-json\/wp\/v2\/types\/post"}],"author":[{"embeddable":true,"href":"https:\/\/www.europesays.com\/es\/wp-json\/wp\/v2\/users\/2"}],"replies":[{"embeddable":true,"href":"https:\/\/www.europesays.com\/es\/wp-json\/wp\/v2\/comments?post=741792"}],"version-history":[{"count":0,"href":"https:\/\/www.europesays.com\/es\/wp-json\/wp\/v2\/posts\/741792\/revisions"}],"wp:featuredmedia":[{"embeddable":true,"href":"https:\/\/www.europesays.com\/es\/wp-json\/wp\/v2\/media\/741793"}],"wp:attachment":[{"href":"https:\/\/www.europesays.com\/es\/wp-json\/wp\/v2\/media?parent=741792"}],"wp:term":[{"taxonomy":"category","embeddable":true,"href":"https:\/\/www.europesays.com\/es\/wp-json\/wp\/v2\/categories?post=741792"},{"taxonomy":"post_tag","embeddable":true,"href":"https:\/\/www.europesays.com\/es\/wp-json\/wp\/v2\/tags?post=741792"}],"curies":[{"name":"wp","href":"https:\/\/api.w.org\/{rel}","templated":true}]}}