{"id":741806,"date":"2026-09-01T09:49:10","date_gmt":"2026-09-01T09:49:10","guid":{"rendered":"https:\/\/www.europesays.com\/es\/741806\/"},"modified":"2026-09-01T09:49:10","modified_gmt":"2026-09-01T09:49:10","slug":"lucas-gonzalez-ex-de-andy-y-lucas-sorprende-tras-su-complicada-operacion-de-nariz-por-fin-ha-recuperado-su-forma","status":"publish","type":"post","link":"https:\/\/www.europesays.com\/es\/741806\/","title":{"rendered":"Lucas Gonz\u00e1lez, ex de &#8216;Andy y Lucas&#8217;, sorprende tras su complicada operaci\u00f3n de nariz: \u00abPor fin ha recuperado su forma\u00bb"},"content":{"rendered":"<p>\n        La <strong>recuperaci\u00f3n <\/strong>de<a href=\"https:\/\/www.noticiasdenavarra.com\/gente\/2026\/05\/05\/andy-andy-lucas-problemas-salud-mental-tratamiento-2007-11024308.html\" title=\"Lucas Gonz\u00e1lez\" rel=\"nofollow noopener\" target=\"_blank\" class=\"link copy\"><strong> Lucas Gonz\u00e1lez<\/strong><\/a><strong>, <\/strong>exintegrante de &#8216;<strong>Andy y Lucas&#8217;<\/strong>,<strong> tras su esperada <\/strong><a href=\"https:\/\/www.noticiasdenavarra.com\/belleza-y-cuidados\/2026\/08\/31\/cremas-operaciones-esteticas-experto-longevidad-desvela-piel-joven-11487807.html\" title=\"operaci\u00f3n de nariz\" rel=\"nofollow noopener\" target=\"_blank\" class=\"link copy\">operaci\u00f3n de nariz<\/a> ya ha comenzado. El cantante <strong>se ha sometido a <\/strong><strong>una compleja intervenci\u00f3n<\/strong> con la que busca <strong>recuperar la forma original de su <\/strong><a href=\"https:\/\/www.noticiasdenavarra.com\/tags\/nariz\/\" title=\"nariz\" rel=\"nofollow noopener\" target=\"_blank\" class=\"link copy\">nariz<\/a>, y ha trasladado sus primeras sensaciones al periodista Carlos Garc\u00eda, tal y como se ha contado en el programa de <a href=\"https:\/\/www.noticiasdenavarra.com\/tags\/antena-3\/\" title=\"Antena 3\" rel=\"nofollow noopener\" target=\"_blank\" class=\"link copy\">Antena 3<\/a> Y ahora Sonsoles.\n<\/p>\n<p class=\"article-body__text \">\n        <strong>\u00abPor fin mi nariz ha recuperado su forma\u00bb<\/strong>, ha expresado el artista, seg\u00fan las declaraciones recogidas por Garc\u00eda. El resultado de la <a href=\"https:\/\/www.noticiasdenavarra.com\/tags\/cirugia-plastica\/\" title=\"intervenci\u00f3n\" rel=\"nofollow noopener\" target=\"_blank\" class=\"link copy\">intervenci\u00f3n<\/a> ha despertado <strong>una gran expectaci\u00f3n<\/strong> entre sus seguidores, aunque el propio entorno del cantante insiste en que <strong>todav\u00eda es demasiado pronto para valorar el aspecto definitivo de la nariz<\/strong>.\n<\/p>\n<p class=\"article-photo__footer\">\n            La intervenci\u00f3n, como se puede ver en las im\u00e1genes, ha sido todo un \u00e9xito.            Antena 3 (captura)        <\/p>\n<p>  Una recuperaci\u00f3n que durar\u00e1 meses<\/p>\n<p class=\"article-body__text \">\n        La intervenci\u00f3n <strong>no ha sido sencilla<\/strong> y Lucas tiene por delante <strong>un largo proceso de recuperaci\u00f3n<\/strong>. Seg\u00fan explic\u00f3 Carlos Garc\u00eda en el programa, el cantante<strong> deber\u00e1 permanecer con la escayola<\/strong> durante un periodo prolongado y seguir distintas <a href=\"https:\/\/www.noticiasdenavarra.com\/salud\/2026\/08\/31\/advertencia-medico-salvarte-la-vida-11488114.html\" title=\"pautas m\u00e9dicas\" rel=\"nofollow noopener\" target=\"_blank\" class=\"link copy\">pautas m\u00e9dicas<\/a>.\n<\/p>\n<p class=\"article-body__text \">\n        \u00abTiene que estar <strong>dos o tres meses con la escayola puesta, analg\u00e9sicos y ocho semanas de antibi\u00f3ticos<\/strong>\u00ab, detall\u00f3 el periodista, poniendo de manifiesto la<strong> complejidad del postoperatorio<\/strong> al que se enfrenta el artista.\n<\/p>\n<p class=\"article-body__text \">\n        Por ello, cualquier <strong>valoraci\u00f3n <\/strong>sobre el resultado final tendr\u00e1 que esperar. <strong>La <\/strong><a href=\"https:\/\/www.noticiasdenavarra.com\/salud\/2026\/06\/20\/inflamacion-picos-glucosa-cinco-razones-11226989.html\" title=\"inflamaci\u00f3n\" rel=\"nofollow noopener\" target=\"_blank\" class=\"link copy\"><strong>inflamaci\u00f3n<\/strong><\/a><strong> y el proceso de cicatrizaci\u00f3n hacen que la apariencia de la nariz pueda cambiar durante los primeros meses<\/strong> despu\u00e9s de una intervenci\u00f3n de estas caracter\u00edsticas.\n<\/p>\n<p class=\"article-photo__footer\">\n            El cantante se ha sometido a una compleja intervenci\u00f3n con la que busca recuperar la forma original de su nariz.            Antena 3 (captura)        <\/p>\n<p>  Sin noticias de Andy<\/p>\n<p class=\"article-body__text \">\n        Durante esta etapa, Lucas est\u00e1 contando especialmente con el <strong>apoyo de su mujer, Mar\u00eda Jos\u00e9<\/strong>, que <strong>viaj\u00f3 con \u00e9l a Turqu\u00eda<\/strong> para acompa\u00f1arle durante la intervenci\u00f3n y los primeros d\u00edas de recuperaci\u00f3n.\n<\/p>\n<p class=\"article-body__text \">\n        Seg\u00fan explic\u00f3 Garc\u00eda, ella est\u00e1 muy pendiente de los cuidados del cantante y \u00able est\u00e1 poniendo las cremitas\u00bb. El entorno del artista tambi\u00e9n destaca su <strong>implicaci\u00f3n <\/strong>con el proceso: <strong>est\u00e1 cuidando la alimentaci\u00f3n, el descanso y el ejercicio<\/strong> para favorecer su recuperaci\u00f3n.\n<\/p>\n<p class=\"article-body__text \">\n        \u00abLucas no puede estar m\u00e1s comprometido con su recuperaci\u00f3n. La semana pasada estaba <a href=\"https:\/\/www.noticiasdenavarra.com\/gastronomia\/2026\/08\/21\/recetas-patatas-recetas-baratas-11458005.html\" title=\"comiendo bien\" rel=\"nofollow noopener\" target=\"_blank\" class=\"link copy\">comiendo bien<\/a>, <a href=\"https:\/\/www.noticiasdenavarra.com\/salud\/2026\/05\/03\/entrenar-musica-aumentar-resistencia-20-ejercicio-intenso-11015563.html\" title=\"entrenando\" rel=\"nofollow noopener\" target=\"_blank\" class=\"link copy\">entrenando <\/a>bien y <a href=\"https:\/\/www.noticiasdenavarra.com\/mundo\/2025\/03\/04\/papa-dormido-noche-sigue-descansando-9350700.html\" title=\"descansando\" rel=\"nofollow noopener\" target=\"_blank\" class=\"link copy\">descansando<\/a> para que no quede duda alguna de que no <strong>pone todo de su parte para que sea un \u00e9xito<\/strong>\u00ab, asegur\u00f3 el periodista.\n<\/p>\n<p class=\"article-body__text \">\n        Por el momento, se desconoce si su ex compa\u00f1ero, <strong>Andy<\/strong>, ha contactado con \u00e9l para interesarse por su estado.\n<\/p>\n<p class=\"article-photo__footer\">\n            Lucas, en 2024.            EP        <\/p>\n<p>  Una operaci\u00f3n de nariz especialmente compleja<\/p>\n<p class=\"article-body__text \">\n        La elecci\u00f3n de Turqu\u00eda para realizar la intervenci\u00f3n responde a la <strong>elevada complejidad de la<\/strong><a href=\"https:\/\/www.noticiasdenavarra.com\/sociedad\/2026\/06\/08\/cirugia-pionera-europa-busca-frenar-11174747.html\" title=\"cirug\u00eda reconstructiva\" rel=\"nofollow noopener\" target=\"_blank\" class=\"link copy\"> cirug\u00eda reconstructiva<\/a>. Aunque <strong>el m\u00e9dico que supervisa el problema de Lucas se encuentra en <\/strong><a href=\"https:\/\/www.noticiasdenavarra.com\/tags\/barcelona\/\" title=\"Barcelona\" rel=\"nofollow noopener\" target=\"_blank\" class=\"link copy\">Barcelona<\/a>, finalmente <strong>fue necesario contar con otro especialista <\/strong>para abordar la <strong>reconstrucci\u00f3n del <\/strong>cart\u00edlago nasal.\n<\/p>\n<p class=\"article-body__text \">\n        \u00abSe iba a operar en Barcelona, pero como <strong>era tan complicada<\/strong> decidieron que fueran dos m\u00e9dicos los que se la hicieran\u00bb, explicaron en el programa.\n<\/p>\n<blockquote class=\"tiktok-embed\" cite=\"https:\/\/www.tiktok.com\/@yahorasonsoles\/video\/7680235489483312406\" data-video-id=\"7680235489483312406\" data-embed-from=\"oembed\" style=\"max-width:605px; min-width:325px;\" wp_automatic_readability=\"4.7684210526316\"><p>  <a target=\"_blank\" title=\"@yahorasonsoles\" href=\"https:\/\/www.tiktok.com\/@yahorasonsoles?refer=embed\" rel=\"nofollow noopener\">@yahorasonsoles<\/a> <\/p>\n<p>La imagen de la nueva nariz de Lucas, de Andy y Lucas: as\u00ed es el rostro renovado del cantante tras su operaci\u00f3n. \ud83d\udcf2 Contenido disponible al completo en atresplayer. \ud83d\udcfa <a title=\"yahorasonsoles\" target=\"_blank\" href=\"https:\/\/www.tiktok.com\/tag\/yahorasonsoles?refer=embed\" rel=\"nofollow noopener\">#YAhoraSonsoles<\/a> cada tarde a las 17:00h en Antena 3 y al completo en atresplayer. \ud83d\udc49 WhatsApp del programa en la descripci\u00f3n del perfil. <a title=\"nariz\" target=\"_blank\" href=\"https:\/\/www.tiktok.com\/tag\/nariz?refer=embed\" rel=\"nofollow noopener\">#Nariz<\/a> <a title=\"lucas\" target=\"_blank\" href=\"https:\/\/www.tiktok.com\/tag\/lucas?refer=embed\" rel=\"nofollow noopener\">#Lucas<\/a> <\/p>\n<p> <a target=\"_blank\" title=\"\u266c sonido original - Yahorasonsoles\" href=\"https:\/\/www.tiktok.com\/music\/sonido-original-7680235502041123606?refer=embed\" rel=\"nofollow noopener\">\u266c sonido original &#8211; Yahorasonsoles<\/a>  <\/p><\/blockquote>\n<p class=\"article-body__text \">\n        De esta forma, la operaci\u00f3n ha requerido la intervenci\u00f3n conjunta de <strong>dos especialistas<\/strong>, una decisi\u00f3n vinculada a las caracter\u00edsticas de la cirug\u00eda y a la necesidad de reconstruir el cart\u00edlago nasal.\n<\/p>\n<p class=\"article-body__text \">\n        La <strong>rinoplastia <\/strong>es una<strong> cirug\u00eda segura <\/strong>en manos expertas, pero conlleva <strong>riesgos <\/strong>generales y espec\u00edficos, pues ninguna intervenci\u00f3n est\u00e1 exenta de complicaciones. Es importante hablar con el especialista antes de someterse a la operaci\u00f3n, pues es posible la aparici\u00f3n posterior de <strong>infecciones<\/strong>, <strong>reacciones al\u00e9rgicas<\/strong>, <strong>problemas respiratorios o cardiacos, problemas de cicatrizaci\u00f3n, cambios en el olfato, resultados est\u00e9ticos no deseados, lesiones temporales de tipo nervioso<\/strong>, por la presi\u00f3n ejercida durante la anestesia;\u00a0 e incluso <strong>problemas psicol\u00f3gicos<\/strong>, por el cambio de la apariencia y la imagen corporal.\n<\/p>\n<p class=\"article-body__text \">\n        Ahora, Lucas afronta varios meses de recuperaci\u00f3n antes de poder comprobar<strong> cu\u00e1l ser\u00e1 el resultado definitivo <\/strong>de esta esperada intervenci\u00f3n.\n<\/p>\n<p>            <script async src=\"\/\/www.tiktok.com\/embed.js\"><\/script><\/p>\n","protected":false},"excerpt":{"rendered":"La recuperaci\u00f3n de Lucas Gonz\u00e1lez, exintegrante de &#8216;Andy y Lucas&#8217;, tras su esperada operaci\u00f3n de nariz ya ha&hellip;\n","protected":false},"author":2,"featured_media":741807,"comment_status":"","ping_status":"","sticky":false,"template":"","format":"standard","meta":{"footnotes":""},"categories":[174],"tags":[16221,255,22699,146,147,25,24,8196,256,1142,5976,7357,14840,2885,6924,23],"class_list":["post-741806","post","type-post","status-publish","format-standard","has-post-thumbnail","category-famosos","tag-andy","tag-celebrities","tag-complicada","tag-entertainment","tag-entretenimiento","tag-es","tag-espana","tag-ex","tag-famosos","tag-forma","tag-gonzalez","tag-lucas","tag-nariz","tag-operacion","tag-sorprende","tag-spain"],"share_on_mastodon":{"url":"https:\/\/pubeurope.com\/@es\/117195162676549725","error":""},"_links":{"self":[{"href":"https:\/\/www.europesays.com\/es\/wp-json\/wp\/v2\/posts\/741806","targetHints":{"allow":["GET"]}}],"collection":[{"href":"https:\/\/www.europesays.com\/es\/wp-json\/wp\/v2\/posts"}],"about":[{"href":"https:\/\/www.europesays.com\/es\/wp-json\/wp\/v2\/types\/post"}],"author":[{"embeddable":true,"href":"https:\/\/www.europesays.com\/es\/wp-json\/wp\/v2\/users\/2"}],"replies":[{"embeddable":true,"href":"https:\/\/www.europesays.com\/es\/wp-json\/wp\/v2\/comments?post=741806"}],"version-history":[{"count":0,"href":"https:\/\/www.europesays.com\/es\/wp-json\/wp\/v2\/posts\/741806\/revisions"}],"wp:featuredmedia":[{"embeddable":true,"href":"https:\/\/www.europesays.com\/es\/wp-json\/wp\/v2\/media\/741807"}],"wp:attachment":[{"href":"https:\/\/www.europesays.com\/es\/wp-json\/wp\/v2\/media?parent=741806"}],"wp:term":[{"taxonomy":"category","embeddable":true,"href":"https:\/\/www.europesays.com\/es\/wp-json\/wp\/v2\/categories?post=741806"},{"taxonomy":"post_tag","embeddable":true,"href":"https:\/\/www.europesays.com\/es\/wp-json\/wp\/v2\/tags?post=741806"}],"curies":[{"name":"wp","href":"https:\/\/api.w.org\/{rel}","templated":true}]}}