{"id":741836,"date":"2026-09-01T10:13:12","date_gmt":"2026-09-01T10:13:12","guid":{"rendered":"https:\/\/www.europesays.com\/es\/741836\/"},"modified":"2026-09-01T10:13:12","modified_gmt":"2026-09-01T10:13:12","slug":"ultimo-dia-del-mercado-de-fichajes-hoy-en-directo-ultima-hora-de-fc-barcelona-real-madrid-y-todas-las-altas-y-bajas-de-las-grandes-ligas","status":"publish","type":"post","link":"https:\/\/www.europesays.com\/es\/741836\/","title":{"rendered":"\u00daltimo d\u00eda del mercado de fichajes, hoy, en directo: \u00faltima hora de FC Barcelona, Real Madrid y todas las altas y bajas de las grandes ligas"},"content":{"rendered":"<p class=\"ft-text\">El regreso de <strong>Dani Ceballos <\/strong>al <strong>Real Betis Balompi\u00e9 <\/strong>est\u00e1 cada vez m\u00e1s cerca. A poco m\u00e1s de catorce horas para el cierre del mercado de fichajes, las conversaciones entre el club verdiblanco y el futbolista utrerano han entrado en su fase definitiva y ambas partes trabajan para dejar perfilado un acuerdo que unir\u00eda sus caminos durante las pr\u00f3ximas tres temporadas, hasta <strong>junio de 2029<\/strong>.<\/p>\n<p class=\"ft-text\">El Betis ha acelerado en las \u00faltimas horas despu\u00e9s de considerar que tiene <strong>garant\u00edas suficientes para liberar el espacio necesario<\/strong> en su plantilla y afrontar la incorporaci\u00f3n del centrocampista como adelant\u00f3 Diario de Sevilla. La operaci\u00f3n, que ha tenido diferentes idas y venidas durante las \u00faltimas semanas, ha pasado ya al terreno de las propuestas formales.<\/p>\n<p class=\"ft-text\"><a class=\"ft-link ft-link--decoration\" href=\"https:\/\/www.sport.es\/es\/noticias\/betis\/acuerdo-betis-dani-ceballos-entra-133830047\" rel=\"nofollow noopener\" target=\"_blank\">TODA LA INFORMACI\u00d3N, AQU\u00cd<\/a><\/p>\n<p><img decoding=\"async\" src=\"https:\/\/www.europesays.com\/es\/wp-content\/uploads\/2026\/09\/8daa97a4-7ff2-45c7-a65d-0534fe0f353c_alta-libre-aspect-ratio_default_0_x1000y358.jpg\" width=\"1200\" height=\"645\" alt=\"Ceballos, en su etapa como jugador del Betis.\" class=\"ft-helper-img-rd\" loading=\"lazy\" fetchpriority=\"auto\"\/><\/p>\n<p class=\"ft-helper-fontColor-quaternary ft-helper-fontSize-body-S ft-helper-spacer-t-xxs\">Ceballos, en su etapa como jugador del Betis  \/ Jos\u00e9 Manuel Vidal. \/ EFE<\/p>\n","protected":false},"excerpt":{"rendered":"El regreso de Dani Ceballos al Real Betis Balompi\u00e9 est\u00e1 cada vez m\u00e1s cerca. A poco m\u00e1s de&hellip;\n","protected":false},"author":2,"featured_media":741837,"comment_status":"","ping_status":"","sticky":false,"template":"","format":"standard","meta":{"footnotes":""},"categories":[268],"tags":[168,978,25,24,285,280,282,315,1239,9890,281,23,167,3667],"class_list":["post-741836","post","type-post","status-publish","format-standard","has-post-thumbnail","category-futbol","tag-deportes","tag-dia","tag-es","tag-espana","tag-fichajes","tag-football","tag-futbol","tag-hoy","tag-mercado","tag-mercado-fichajes","tag-soccer","tag-spain","tag-sports","tag-ultimo"],"share_on_mastodon":{"url":"https:\/\/pubeurope.com\/@es\/117195257377220881","error":""},"_links":{"self":[{"href":"https:\/\/www.europesays.com\/es\/wp-json\/wp\/v2\/posts\/741836","targetHints":{"allow":["GET"]}}],"collection":[{"href":"https:\/\/www.europesays.com\/es\/wp-json\/wp\/v2\/posts"}],"about":[{"href":"https:\/\/www.europesays.com\/es\/wp-json\/wp\/v2\/types\/post"}],"author":[{"embeddable":true,"href":"https:\/\/www.europesays.com\/es\/wp-json\/wp\/v2\/users\/2"}],"replies":[{"embeddable":true,"href":"https:\/\/www.europesays.com\/es\/wp-json\/wp\/v2\/comments?post=741836"}],"version-history":[{"count":0,"href":"https:\/\/www.europesays.com\/es\/wp-json\/wp\/v2\/posts\/741836\/revisions"}],"wp:featuredmedia":[{"embeddable":true,"href":"https:\/\/www.europesays.com\/es\/wp-json\/wp\/v2\/media\/741837"}],"wp:attachment":[{"href":"https:\/\/www.europesays.com\/es\/wp-json\/wp\/v2\/media?parent=741836"}],"wp:term":[{"taxonomy":"category","embeddable":true,"href":"https:\/\/www.europesays.com\/es\/wp-json\/wp\/v2\/categories?post=741836"},{"taxonomy":"post_tag","embeddable":true,"href":"https:\/\/www.europesays.com\/es\/wp-json\/wp\/v2\/tags?post=741836"}],"curies":[{"name":"wp","href":"https:\/\/api.w.org\/{rel}","templated":true}]}}