{"id":741848,"date":"2026-09-01T10:20:23","date_gmt":"2026-09-01T10:20:23","guid":{"rendered":"https:\/\/www.europesays.com\/es\/741848\/"},"modified":"2026-09-01T10:20:23","modified_gmt":"2026-09-01T10:20:23","slug":"marc-casado-prefiere-el-bayer-leverkusen","status":"publish","type":"post","link":"https:\/\/www.europesays.com\/es\/741848\/","title":{"rendered":"Marc Casad\u00f3 prefiere el Bayer Leverkusen"},"content":{"rendered":"<p class=\"ft-text\"><a class=\"ft-link ft-link--decoration\" href=\"https:\/\/www.sport.es\/es\/noticias\/barca\/futuro-casado-decidira-bocina-133744534\" rel=\"nofollow noopener\" target=\"_blank\">Marc Casad\u00f3 ha recibido el inter\u00e9s de numerosos clubes durante las \u00faltimas semanas<\/a>. Algunos de ellos incluso han trasladado ofertas formales al FC Barcelona para hacerse con los servicios del centrocampista. Entre los equipos que han mostrado inter\u00e9s figuran clubes de <strong>Arabia Saud\u00ed<\/strong> y Turqu\u00eda, aunque estas opciones no son prioritarias para el jugador, que siempre ha tenido como primera preferencia continuar su carrera en Europa.<\/p>\n<p><img decoding=\"async\" src=\"https:\/\/www.europesays.com\/es\/wp-content\/uploads\/2026\/09\/40e7e6a9-46aa-4740-bc1b-f9478ff938b8_alta-libre-aspect-ratio_default_0_x600y225.png\" width=\"1200\" height=\"675\" alt=\"Casad\u00f3 se entrena en solitario a la espera de cristalice alguna propuesta\" class=\"ft-helper-img-rd\" loading=\"lazy\" fetchpriority=\"auto\"\/><\/p>\n<p class=\"ft-helper-fontColor-quaternary ft-helper-fontSize-body-S ft-helper-spacer-t-xxs\">Casad\u00f3 se entrena en solitario a la espera de cristalice alguna propuesta  \/ Sport<\/p>\n<p class=\"ft-text\">En este escenario, Casad\u00f3 ha recibido propuestas e inter\u00e9s procedentes de Inglaterra, Italia y Alemania. En el mercado alem\u00e1n aparece, entre otros, el <strong>RB Leipzig<\/strong>. En las \u00faltimas horas tambi\u00e9n se ha sumado el inter\u00e9s del Betis, <a class=\"ft-link ft-link--decoration\" href=\"https:\/\/www.sport.es\/es\/noticias\/barca\/betis-desesperada-casado-133813051\" rel=\"nofollow noopener\" target=\"_blank\">tal y como ha publicado SPORT<\/a>. El club verdiblanco valora al centrocampista y Casad\u00f3 mantiene el m\u00e1ximo respeto por la opci\u00f3n de regresar a LaLiga. Pero, entre las alternativas que tiene actualmente sobre la mesa, hay una que parte con ventaja: el Bayer Leverkusen. <strong>Por cierto, el mercado de fichajes en la Bundesliga cierra este martes a las 20 horas<\/strong>.<\/p>\n<p class=\"ft-text\"><a class=\"ft-link ft-link--decoration\" href=\"https:\/\/www.sport.es\/es\/noticias\/futbol-internacional\/hecho-masia-carles-martinez-entrenador-131031665\" rel=\"nofollow noopener\" target=\"_blank\">La raz\u00f3n principal tiene nombre y apellidos: Carles Mart\u00ednez<\/a>. El t\u00e9cnico catal\u00e1n es, desde este verano, el entrenador del conjunto alem\u00e1n, despu\u00e9s de su etapa en el Toulouse. Antes de dar el salto al f\u00fatbol profesional, Mart\u00ednez trabaj\u00f3 durante cuatro a\u00f1os en <strong>La Masia<\/strong>. Y su relaci\u00f3n con Casad\u00f3 viene de mucho antes. Mart\u00ednez fue precisamente el primer entrenador que tuvo el centrocampista en el f\u00fatbol base del Bar\u00e7a. Desde entonces, el v\u00ednculo entre ambos se ha mantenido y tambi\u00e9n se ha prolongado a nivel familiar. Es una relaci\u00f3n construida durante a\u00f1os, desde las primeras etapas de formaci\u00f3n del futbolista, y que ahora adquiere una nueva dimensi\u00f3n con Mart\u00ednez al frente del Bayer.<\/p>\n<p class=\"ft-text\">Para Casad\u00f3, la posibilidad de reencontrarse con su primer entrenador en una nueva etapa de su carrera es uno de los principales argumentos de la propuesta del <strong>Leverkusen<\/strong>. El proyecto alem\u00e1n le permitir\u00eda, adem\u00e1s, disputar la <strong>Bundesliga<\/strong> y hacerlo bajo las \u00f3rdenes de un t\u00e9cnico que conoce de primera mano sus caracter\u00edsticas y su evoluci\u00f3n desde que era ni\u00f1o.<\/p>\n<p>Debe haber salidas<\/p>\n<p class=\"ft-text\">El Bayer, por su parte, est\u00e1 pendiente de movimientos en su centro del campo. Uno de los nombres que condicionan la operaci\u00f3n es Robert Andrich. El centrocampista alem\u00e1n, capit\u00e1n del equipo hasta este verano y con contrato hasta 2028, ha perdido la capitan\u00eda despu\u00e9s de la llegada de Mart\u00ednez. El nuevo entrenador confirm\u00f3 que Edmond Tapsoba asumir\u00e1 ahora el brazalete. <\/p>\n<p><img decoding=\"async\" src=\"https:\/\/www.europesays.com\/es\/wp-content\/uploads\/2026\/09\/5ebfd034-fba2-4f43-ae42-6712cc4632b4_alta-libre-aspect-ratio_default_0_x1000y444.jpg\" width=\"1200\" height=\"800\" alt=\"Robert Andrich, del Bayer Leverkusen, marca de c\u00f3rner ante el Arsenal\" class=\"ft-helper-img-rd\" loading=\"lazy\" fetchpriority=\"auto\"\/><\/p>\n<p class=\"ft-helper-fontColor-quaternary ft-helper-fontSize-body-S ft-helper-spacer-t-xxs\">Robert Andrich, del Bayer Leverkusen, marca de c\u00f3rner ante el Arsenal  \/ CHRISTOPHER NEUNDORF \/ EFE<\/p>\n<p class=\"ft-text\">La situaci\u00f3n de <strong>Andrich <\/strong>ha abierto la puerta a una posible salida. El propio jugador hab\u00eda se\u00f1alado que no buscar\u00eda marcharse mientras siguiera sinti\u00e9ndose importante para el equipo, aunque la direcci\u00f3n deportiva le ha trasladado que tendr\u00e1 dificultades para disponer de minutos con regularidad. <\/p>\n<p><img decoding=\"async\" src=\"https:\/\/www.europesays.com\/es\/wp-content\/uploads\/2026\/09\/9f5f5b3f-6824-43a9-9556-00fa038da8d5_alta-libre-aspect-ratio_default_0_x600y225.jpg\" width=\"1200\" height=\"675\" alt=\"Flick habla claro sobre Casad\u00f3 y Roony: \u201cNo es f\u00e1cil para m\u00ed\u201d\" class=\"ft-helper-img-rd\" loading=\"lazy\" fetchpriority=\"auto\"\/><\/p>\n<p class=\"ft-helper-fontColor-quaternary ft-helper-fontSize-body-S ft-helper-spacer-t-xxs\">Marc Casad\u00f3, canterano y futbolista del FC Barcelona  \/ Sergi Capdevila<\/p>\n<p class=\"ft-text\">Su salida facilitar\u00eda la llegada de <strong>Casad\u00f3<\/strong>. El centrocampista del Bar\u00e7a aparece as\u00ed como una de las opciones para reforzar una posici\u00f3n que podr\u00eda quedar liberada en el Bayer si finalmente Andrich abandona el club. La opci\u00f3n de Arabia Saud\u00ed no es prioritaria para Casad\u00f3. Tampoco la de <strong>Turqu\u00eda<\/strong>. El Betis cuenta con su consideraci\u00f3n y el jugador valora la posibilidad de continuar en Espa\u00f1a, pero la propuesta que actualmente m\u00e1s encaja con sus preferencias es la del Bayer Leverkusen: Bundesliga, un proyecto competitivo y, sobre todo, el reencuentro con <strong>Carles Mart\u00ednez<\/strong>, el entrenador que estuvo al frente de sus primeros pasos en La Masia. Mart\u00ednez ha firmado con el Bayer Leverkusen hasta junio de 2028.<\/p>\n","protected":false},"excerpt":{"rendered":"Marc Casad\u00f3 ha recibido el inter\u00e9s de numerosos clubes durante las \u00faltimas semanas. Algunos de ellos incluso han&hellip;\n","protected":false},"author":2,"featured_media":741849,"comment_status":"","ping_status":"","sticky":false,"template":"","format":"standard","meta":{"footnotes":""},"categories":[93],"tags":[25958,12691,168,25,24,881,22732,6489,20218,14026,23,167],"class_list":["post-741848","post","type-post","status-publish","format-standard","has-post-thumbnail","category-deportes","tag-bayer","tag-casado","tag-deportes","tag-es","tag-espana","tag-fc-barcelona","tag-leverkusen","tag-marc","tag-marc-casado","tag-prefiere","tag-spain","tag-sports"],"share_on_mastodon":{"url":"https:\/\/pubeurope.com\/@es\/117195285887106911","error":""},"_links":{"self":[{"href":"https:\/\/www.europesays.com\/es\/wp-json\/wp\/v2\/posts\/741848","targetHints":{"allow":["GET"]}}],"collection":[{"href":"https:\/\/www.europesays.com\/es\/wp-json\/wp\/v2\/posts"}],"about":[{"href":"https:\/\/www.europesays.com\/es\/wp-json\/wp\/v2\/types\/post"}],"author":[{"embeddable":true,"href":"https:\/\/www.europesays.com\/es\/wp-json\/wp\/v2\/users\/2"}],"replies":[{"embeddable":true,"href":"https:\/\/www.europesays.com\/es\/wp-json\/wp\/v2\/comments?post=741848"}],"version-history":[{"count":0,"href":"https:\/\/www.europesays.com\/es\/wp-json\/wp\/v2\/posts\/741848\/revisions"}],"wp:featuredmedia":[{"embeddable":true,"href":"https:\/\/www.europesays.com\/es\/wp-json\/wp\/v2\/media\/741849"}],"wp:attachment":[{"href":"https:\/\/www.europesays.com\/es\/wp-json\/wp\/v2\/media?parent=741848"}],"wp:term":[{"taxonomy":"category","embeddable":true,"href":"https:\/\/www.europesays.com\/es\/wp-json\/wp\/v2\/categories?post=741848"},{"taxonomy":"post_tag","embeddable":true,"href":"https:\/\/www.europesays.com\/es\/wp-json\/wp\/v2\/tags?post=741848"}],"curies":[{"name":"wp","href":"https:\/\/api.w.org\/{rel}","templated":true}]}}