{"id":74187,"date":"2025-08-26T20:03:08","date_gmt":"2025-08-26T20:03:08","guid":{"rendered":"https:\/\/www.europesays.com\/es\/74187\/"},"modified":"2025-08-26T20:03:08","modified_gmt":"2025-08-26T20:03:08","slug":"valle-salvaje-hace-el-ultimo-brindis-y-deja-sentenciada-su-tragica-muerte-para-cerrar-temporada-en-rtve","status":"publish","type":"post","link":"https:\/\/www.europesays.com\/es\/74187\/","title":{"rendered":"&#8216;Valle Salvaje&#8217; hace el \u00faltimo brindis y deja sentenciada su \u00abtr\u00e1gica muerte\u00bb para cerrar temporada en RTVE"},"content":{"rendered":"<p class=\"article-text\">\n        <strong>RTVE <\/strong>hab\u00eda logrado crear mucha expectaci\u00f3n en torno al cap\u00edtulo de este martes de su serie <strong>Valle Salvaje<\/strong>. Primero a nivel de trama, con el en\u00e9simo plant\u00f3n del personaje de Rafael a \u00darsula y sobre todo con el esperado <a href=\"https:\/\/www.eldiario.es\/vertele\/series\/valle-salvaje-salta-aires-desvelar-gran-secreto-indecible-mundo-sepa-video-adriana-jose-luis_1_12544455.html\" data-mrf-recirculation=\"links-noticia\" class=\"link\" rel=\"nofollow noopener\" target=\"_blank\">&#8216;cara a cara&#8217; entre Adriana y Jos\u00e9 Luis G\u00e1lvez<\/a> despu\u00e9s de que ella descubriese la verdad y amenazase al se\u00f1or con hacerlo p\u00fablico. Y segundo promocionando <a href=\"https:\/\/www.eldiario.es\/vertele\/series\/valle-salvaje-la-1-rtve-avanza-vivira-ultimo-brindis-semana-viene-cerrar-temporada-video_1_12550663.html\" data-mrf-recirculation=\"links-noticia\" class=\"link\" rel=\"nofollow noopener\" target=\"_blank\">\u201cun \u00faltimo brindis\u201d<\/a> que parec\u00eda afectar precisamente a Adriana o a Rafael.\n    <\/p>\n<p>    <a href=\"https:\/\/www.eldiario.es\/noticias\/valle-salvaje-adelanta-avance-semanal-tragica-muerte-dara-paso-inicio-tercera-temporada_1_12554950.html\" data-mrf-recirculation=\"saber-mas\" data-dl-event=\"saber-mas\" rel=\"nofollow noopener\" target=\"_blank\"><\/p>\n<p class=\"know-more__title\">&#8216;Valle Salvaje&#8217; adelanta en su avance semanal \u00abuna tr\u00e1gica muerte\u00bb que dar\u00e1 paso al inicio de la tercera temporada<\/p>\n<p>            <img decoding=\"async\" class=\"lazy\" loading=\"lazy\" data-src=\"https:\/\/static.eldiario.es\/clip\/e6c52f17-413b-4b47-8b6a-bcd4d70bf17c_16-9-aspect-ratio_default_0.jpg\" src=\"data:image\/svg+xml,%3Csvg xmlns=\" http:=\"\" viewbox=\"0 0 880 495\" alt=\"'Valle Salvaje' adelanta en su avance semanal &quot;una tr\u00e1gica muerte&quot; que dar\u00e1 paso al inicio de la tercera temporada\"\/><\/p>\n<p>                        <\/a><\/p>\n<p class=\"article-text\">\n        Este lunes, al lanzar el <a href=\"https:\/\/www.eldiario.es\/vertele\/noticias\/valle-salvaje-adelanta-avance-semanal-tragica-muerte-dara-paso-inicio-tercera-temporada_1_12554950.html\" data-mrf-recirculation=\"links-noticia\" class=\"link\" rel=\"nofollow noopener\" target=\"_blank\">adelanto semanal<\/a> de su serie diaria producida por Studiocanal y Bamb\u00fa Producciones, <strong>La 1<\/strong> habl\u00f3 directamente de <strong>\u201cuna tr\u00e1gica muerte\u201d<\/strong>. La raz\u00f3n es que el cap\u00edtulo de este martes supon\u00eda el \u00faltimo de la segunda temporada de la ficci\u00f3n, aunque los espectadores ni se enterar\u00e1n porque su emisi\u00f3n tendr\u00e1 continuidad y este mi\u00e9rcoles ser\u00e1 el estreno de la tercera. Pero s\u00ed, ha habido \u201cuna tr\u00e1gica muerte\u201d.\n    <\/p>\n<p class=\"article-text\">\n        (Aviso: Spoilers)\n    <\/p>\n<p class=\"article-text\">\n        Por empezar por el final, en esa reuni\u00f3n para brindar con una copa envenenada que tienen \u00darsula, Julio, Adriana y Rafael; <strong>quien acaba bebiendo es Julio<\/strong>, el marido de Adriana. El cap\u00edtulo no llega a mostrar que muera, lo deja en el aire, pero todo apunta a que acabar\u00e1 falleciendo por ese veneno servido en la copa. De hecho, en el adelanto de la pr\u00f3xima entrega se ve c\u00f3mo un m\u00e9dico se apresura a atenderle para intentar salvarle.\n    <\/p>\n<blockquote class=\"twitter-tweet\" data-lang=\"es\"><p><a href=\"https:\/\/twitter.com\/X\/status\/1960378187709284718?ref_src=twsrc%5Etfw\" rel=\"nofollow noopener\" target=\"_blank\"><\/p><\/blockquote>\n<p class=\"article-text\">\n        Durante el cap\u00edtulo se muestra c\u00f3mo \u00darsula sigue obsesionada con Rafael, pese a que \u00e9l ha declarado incluso a su padre Jos\u00e9 Luis su amor por Adriana, prima de \u00darsula y que pese a su amor \u201csecreto\u201d con el hijo de los se\u00f1ores ya est\u00e1 casada con Julio, el personaje interpretado por <strong>Nacho Olaizola<\/strong> y que es hermano de Rafael.\n    <\/p>\n<p class=\"article-text\">\n        Antes, durante el cap\u00edtulo, Julio se hab\u00eda reunido con su hermano Rafael y con su mujer Adriana no s\u00f3lo para darles su benepl\u00e1cito para que vivan su amor, sino directamente para <a href=\"https:\/\/x.com\/La1_tve\/status\/1960365212332106018\" target=\"_blank\" data-mrf-recirculation=\"links-noticia\" class=\"link\" rel=\"nofollow\">contarles el plan de huida<\/a> que hab\u00eda trazado con ellos. Pero comete un error de c\u00e1lculo: por otro lado, le hab\u00eda dicho a \u00darsula que estaba convencido en dar carta blanca al amor de su hermano Rafael y su esposa Adriana: <strong>\u201cSu amor es tan fuerte que debe triunfar\u201d<\/strong>. Eso es lo que ha hecho a \u00darsula ver que era su principal enemigo. Tambi\u00e9n le hab\u00eda plantado cara a su padre, Jos\u00e9 Luis, que hab\u00eda acabado <a href=\"https:\/\/x.com\/ValleSalvajeTVE\/status\/1960370479597760627\" target=\"_blank\" data-mrf-recirculation=\"links-noticia\" class=\"link\" rel=\"nofollow\">abofete\u00e1ndole<\/a>.\n    <\/p>\n<blockquote class=\"twitter-tweet\" data-lang=\"es\"><p><a href=\"https:\/\/twitter.com\/X\/status\/1960369189429916053?ref_src=twsrc%5Etfw\" rel=\"nofollow noopener\" target=\"_blank\"><\/p><\/blockquote>\n<p class=\"article-text\">\n        Con la diana puesta en Adriana tanto por ese motivo como por plantarse ante Jos\u00e9 Luis, \u00darsula toma una decisi\u00f3n dr\u00e1stica: le <a href=\"https:\/\/x.com\/La1_tve\/status\/1960371463384432733\" target=\"_blank\" data-mrf-recirculation=\"links-noticia\" class=\"link\" rel=\"nofollow\">pide a una de sus doncellas<\/a> que prepare una merienda para los cuatro (ella, Julio, Adriana y Rafael) diciendo que ella misma dar\u00e1 \u201cel toque especial en la copa de mi prima\u201d, apuntando a Adriana, y exigi\u00e9ndole su absoluta discreci\u00f3n. Preparan cuatro copas, y en una de ellas echa el veneno.\n    <\/p>\n<p class=\"article-text\">\n        En la reuni\u00f3n, \u00darsula se disculpa con Rafael y Adriana y propone el brindis para dar el visto bueno a su amor. Los cuatro beben, y al llegar Jos\u00e9 Luis su hijo Julio le anuncia que ha retomado sus planes de viajar al sur de Francia con su mujer Adriana. En realidad, la \u201cexcusa\u201d para activar el plan de huida de ella y Rafael.\n    <\/p>\n<p class=\"article-text\">\n        Al final del cap\u00edtulo Julio empieza a sentirse mareado y <strong>acaba desplom\u00e1ndose en el suelo<\/strong>. El episodio ha acabado sin aclarar cu\u00e1l es su destino, pero dejando claro que quien ha tomado el veneno es Julio, y como decimos avanzando que en el pr\u00f3ximo cap\u00edtulo el m\u00e9dico tendr\u00e1 que intentar salvarle. Tambi\u00e9n queda en el aire si ha habido un error y el veneno era para Adriana, o realmente quer\u00eda envenenar a Julio por haber dado luz verde al amor de Rafael y su prima.\n    <\/p>\n<p class=\"article-text\">\n        <strong>La serie deja para su pr\u00f3ximo episodio<\/strong>, o en plural para sus pr\u00f3ximos episodios con los que inicia su tercera temporada en RTVE, cu\u00e1l ser\u00e1 el desenlace de Julio. Pero cabe recordar que en su avance semanal oficial, la cadena habla de \u201cuna tr\u00e1gica muerte\u201d, por lo que se espera que el personaje acabe muriendo envenenado.\n    <\/p>\n<blockquote class=\"twitter-tweet\" data-lang=\"es\"><p><a href=\"https:\/\/twitter.com\/X\/status\/1960376810467668397?ref_src=twsrc%5Etfw\" rel=\"nofollow noopener\" target=\"_blank\"><\/p><\/blockquote>\n<ul>\n<li><strong>El adelanto de RTVE del cap\u00edtulo 241 del mi\u00e9rcoles 27 de agosto, estreno de la tercera temporada:<\/strong><\/li>\n<\/ul>\n<p class=\"article-text\">\n        El dolor se apodera de Valle Salvaje tras la inesperada muerte. B\u00e1rbara tiene un acercamiento con su amiga Irene, adem\u00e1s de con Leonardo. Por otro lado, una confundida Ana se debate entre guardar silencio o revelar lo que sabe de todo lo ocurrido.\n    <\/p>\n<ul>\n<li><strong>El adelanto de RTVE del cap\u00edtulo 242 del jueves 28 de agosto:<\/strong><\/li>\n<\/ul>\n<p class=\"article-text\">\n        Jos\u00e9 Luis proh\u00edbe a Alejo y Mercedes acudir al funeral que se celebra en la Casa Grande. Adem\u00e1s, el duque culpa de todo a quienes no son culpables. Por otra parte, do\u00f1a Amanda anuncia que abandonar\u00e1 Valle Salvaje. En cuanto a Francisco, el joven intenta ganar puntos con Pepa a costa del trabajo de Mart\u00edn.\n    <\/p>\n<p>    <a href=\"https:\/\/www.eldiario.es\/vertele\/noticias\/grand-prix-corono-campeon-2025-igualada-final-alcalde-emocion-ramon-garcia-san-sebastian-de-la-gomera-cubas-de-la-sagra-la-1-rtve-videos_1_12556393.html\" data-mrf-recirculation=\"saber-mas-abajo\" data-dl-event=\"saber-mas-abajo\" rel=\"nofollow noopener\" target=\"_blank\"><\/p>\n<p class=\"know-more__title\">El &#8216;Grand Prix&#8217; coron\u00f3 a su campe\u00f3n del 2025 en una igualada final sin alcalde y con emoci\u00f3n de Ram\u00f3n Garc\u00eda<\/p>\n<p>            <img decoding=\"async\" class=\"lazy\" loading=\"lazy\" data-src=\"https:\/\/static.eldiario.es\/clip\/787abec4-bd37-4d49-998c-02c970cd588c_16-9-aspect-ratio_default_0.jpg\" src=\"data:image\/svg+xml,%3Csvg xmlns=\" http:=\"\" viewbox=\"0 0 880 495\" alt=\"El 'Grand Prix' coron\u00f3 a su campe\u00f3n del 2025 en una igualada final sin alcalde y con emoci\u00f3n de Ram\u00f3n Garc\u00eda\"\/><\/p>\n<p>                        <\/a><\/p>\n<ul>\n<li><strong>El adelanto de RTVE del cap\u00edtulo 243 del viernes 29 de agosto:<\/strong><\/li>\n<\/ul>\n<p class=\"article-text\">\n        Amanda expresa a Leonardo sus reservas respecto a B\u00e1rbara y \u00e9l, termina confes\u00e1ndole a su madre que golpe\u00f3 violentamente a don Hernando. A su vez, el duque recibe una gran acusaci\u00f3n contra su nombre.\n    <\/p>\n<p>                                    <script async src=\"https:\/\/platform.twitter.com\/widgets.js\" charset=\"utf-8\"><\/script><\/p>\n","protected":false},"excerpt":{"rendered":"RTVE hab\u00eda logrado crear mucha expectaci\u00f3n en torno al cap\u00edtulo de este martes de su serie Valle Salvaje.&hellip;\n","protected":false},"author":2,"featured_media":74188,"comment_status":"","ping_status":"","sticky":false,"template":"","format":"standard","meta":{"footnotes":""},"categories":[171],"tags":[26482,5417,51,146,147,25,24,888,4920,29017,518,10527,29016,23,1152,12130,214,3667,2123,2338],"class_list":{"0":"post-74187","1":"post","2":"type-post","3":"status-publish","4":"format-standard","5":"has-post-thumbnail","7":"category-tv","8":"tag-brindis","9":"tag-cerrar","10":"tag-deja","11":"tag-entertainment","12":"tag-entretenimiento","13":"tag-es","14":"tag-espana","15":"tag-julio","16":"tag-muerte","17":"tag-nacho-olaizola","18":"tag-rtve","19":"tag-salvaje","20":"tag-sentenciada","21":"tag-spain","22":"tag-temporada","23":"tag-tragica","24":"tag-tv","25":"tag-ultimo","26":"tag-valle","27":"tag-video"},"share_on_mastodon":{"url":"","error":""},"_links":{"self":[{"href":"https:\/\/www.europesays.com\/es\/wp-json\/wp\/v2\/posts\/74187","targetHints":{"allow":["GET"]}}],"collection":[{"href":"https:\/\/www.europesays.com\/es\/wp-json\/wp\/v2\/posts"}],"about":[{"href":"https:\/\/www.europesays.com\/es\/wp-json\/wp\/v2\/types\/post"}],"author":[{"embeddable":true,"href":"https:\/\/www.europesays.com\/es\/wp-json\/wp\/v2\/users\/2"}],"replies":[{"embeddable":true,"href":"https:\/\/www.europesays.com\/es\/wp-json\/wp\/v2\/comments?post=74187"}],"version-history":[{"count":0,"href":"https:\/\/www.europesays.com\/es\/wp-json\/wp\/v2\/posts\/74187\/revisions"}],"wp:featuredmedia":[{"embeddable":true,"href":"https:\/\/www.europesays.com\/es\/wp-json\/wp\/v2\/media\/74188"}],"wp:attachment":[{"href":"https:\/\/www.europesays.com\/es\/wp-json\/wp\/v2\/media?parent=74187"}],"wp:term":[{"taxonomy":"category","embeddable":true,"href":"https:\/\/www.europesays.com\/es\/wp-json\/wp\/v2\/categories?post=74187"},{"taxonomy":"post_tag","embeddable":true,"href":"https:\/\/www.europesays.com\/es\/wp-json\/wp\/v2\/tags?post=74187"}],"curies":[{"name":"wp","href":"https:\/\/api.w.org\/{rel}","templated":true}]}}