{"id":741870,"date":"2026-09-01T10:36:19","date_gmt":"2026-09-01T10:36:19","guid":{"rendered":"https:\/\/www.europesays.com\/es\/741870\/"},"modified":"2026-09-01T10:36:19","modified_gmt":"2026-09-01T10:36:19","slug":"el-sevilla-fc-activa-la-salida-de-manu-bueno-y-negocia-por-melayro-bogarde-como-sustituto","status":"publish","type":"post","link":"https:\/\/www.europesays.com\/es\/741870\/","title":{"rendered":"El Sevilla FC activa la salida de Manu Bueno y negocia por Melayro Bogarde como sustituto"},"content":{"rendered":"<p><img decoding=\"async\" class=\"v-ath__i\" loading=\"lazy\" src=\"https:\/\/www.europesays.com\/es\/wp-content\/uploads\/2026\/09\/1788258979_699_autor-4184-foto-8.jpeg\" alt=\"Candela V\u00e1zquez\"\/><\/p>\n<p>01\/09\/2026<\/p>\n<p>Actualizado a las 11:25h.<\/p>\n<p class=\"v-d-p\" style=\"\">El <strong>Sevilla FC<\/strong> se encuentra trabajando en varias operaciones tanto de entradas como de salidas para terminar de configurar su nueva plantilla para esta temporada. <strong>Uno de los nombres que coge fuerza para salir en este \u00faltimo d\u00eda de mercado es Manu Bueno.<\/strong>  &#8230; El canterano, que ha jugado en este inicio de temporada, perder\u00eda protagonismo con el primer equipo con la llegada de otro centrocampista. Adem\u00e1s, <strong>Nico Guill\u00e9n<\/strong> ha tenido m\u00e1s minutos que \u00e9l y ahora se ve empujado a buscar una salida del club sevillista. Ha tenido ofertas durante todo el verano, pero tras una llamada del director deportivo a sus agentes, se ve en la necesidad de encontrar destino en las \u00faltimas horas de mercado. <\/p>\n<p class=\"v-d-p\" style=\"\">Seg\u00fan ha podido conocer este medio, <strong>el Sevilla estar\u00eda interesado en hacerse con los servicios de Melayro Bogarde<\/strong>. El pivote del LASK, equipo que milita en la Bundesliga austriaca, es una de las <strong>opciones en las que trabaja Jos\u00e9 Ignacio Navarro para reforzar su centro del campo<\/strong>. La direcci\u00f3n deportiva prefiere optar por un perfil m\u00e1s defensivo, en lugar de incorporar a un mediocentro m\u00e1s pelotero para apuntalar al conjunto hispalense. Bogarde es un jugador polivalente que bien puede ejercer de central, como de lateral derecho. Por lo que ser\u00eda un hombre comod\u00edn para Garc\u00eda Plaza.<\/p>\n<p class=\"v-d-p\" style=\"\">El jugador se ha formado en el Hoffenheim y en los \u00faltimos a\u00f1os ha encadenado varias cesiones hasta que hace dos a\u00f1os lleg\u00f3 gratis al LASK. <strong>Con un valor de mercado de cuatro millones de euros<\/strong>, el futbolista de Pa\u00edses Bajos ha atra\u00eddo el inter\u00e9s de la Fiorentina este verano por su buen desempe\u00f1o en la \u00faltima temporada. El a\u00f1o pasado, firm\u00f3 un gol y cinco asistencias, mientras que en los 4 partidos que ha disputado este curso, ya ha dado dos asistencias de gol.  <\/p>\n","protected":false},"excerpt":{"rendered":"01\/09\/2026 Actualizado a las 11:25h. El Sevilla FC se encuentra trabajando en varias operaciones tanto de entradas como&hellip;\n","protected":false},"author":2,"featured_media":741871,"comment_status":"","ping_status":"","sticky":false,"template":"","format":"standard","meta":{"footnotes":""},"categories":[268],"tags":[131619,5133,168,8194,25,24,280,282,7565,131618,12684,1965,1171,281,23,167,10579],"class_list":["post-741870","post","type-post","status-publish","format-standard","has-post-thumbnail","category-futbol","tag-bogarde","tag-bueno","tag-deportes","tag-elige","tag-es","tag-espana","tag-football","tag-futbol","tag-manu","tag-melayro","tag-negocia","tag-salida","tag-sevilla","tag-soccer","tag-spain","tag-sports","tag-sustituto"],"share_on_mastodon":{"url":"https:\/\/pubeurope.com\/@es\/117195347439015256","error":""},"_links":{"self":[{"href":"https:\/\/www.europesays.com\/es\/wp-json\/wp\/v2\/posts\/741870","targetHints":{"allow":["GET"]}}],"collection":[{"href":"https:\/\/www.europesays.com\/es\/wp-json\/wp\/v2\/posts"}],"about":[{"href":"https:\/\/www.europesays.com\/es\/wp-json\/wp\/v2\/types\/post"}],"author":[{"embeddable":true,"href":"https:\/\/www.europesays.com\/es\/wp-json\/wp\/v2\/users\/2"}],"replies":[{"embeddable":true,"href":"https:\/\/www.europesays.com\/es\/wp-json\/wp\/v2\/comments?post=741870"}],"version-history":[{"count":0,"href":"https:\/\/www.europesays.com\/es\/wp-json\/wp\/v2\/posts\/741870\/revisions"}],"wp:featuredmedia":[{"embeddable":true,"href":"https:\/\/www.europesays.com\/es\/wp-json\/wp\/v2\/media\/741871"}],"wp:attachment":[{"href":"https:\/\/www.europesays.com\/es\/wp-json\/wp\/v2\/media?parent=741870"}],"wp:term":[{"taxonomy":"category","embeddable":true,"href":"https:\/\/www.europesays.com\/es\/wp-json\/wp\/v2\/categories?post=741870"},{"taxonomy":"post_tag","embeddable":true,"href":"https:\/\/www.europesays.com\/es\/wp-json\/wp\/v2\/tags?post=741870"}],"curies":[{"name":"wp","href":"https:\/\/api.w.org\/{rel}","templated":true}]}}