{"id":741876,"date":"2026-09-01T10:40:10","date_gmt":"2026-09-01T10:40:10","guid":{"rendered":"https:\/\/www.europesays.com\/es\/741876\/"},"modified":"2026-09-01T10:40:10","modified_gmt":"2026-09-01T10:40:10","slug":"el-hormiguero-anuncia-su-fecha-de-vuelta-a-antena-3-con-pablo-motos-como-rajoy-luchando-contra-el-cunadismo","status":"publish","type":"post","link":"https:\/\/www.europesays.com\/es\/741876\/","title":{"rendered":"&#8216;El Hormiguero&#8217; anuncia su fecha de vuelta a Antena 3, con Pablo Motos como Rajoy luchando contra el \u00abcu\u00f1adismo\u00bb"},"content":{"rendered":"<p class=\"article-text\">\n        La vigesimoprimera temporada de <strong>El Hormiguero<\/strong><strong> <\/strong>ya tiene fecha de estreno en<strong> Antena 3<\/strong>, poniendo fin al habitual par\u00f3n veraniego. <strong>Pablo Motos <\/strong>volver\u00e1 a ponerse al frente del programa, con el enorme reto de mantener un liderazgo en audiencias vital para la cadena. El<strong> regreso del programa<\/strong> llega acompa\u00f1ado de un avance de su <strong>tradicional pel\u00edcula<\/strong> con la que arranca cada a\u00f1o las emisiones, con el presentador buscando un <strong>ant\u00eddoto <\/strong>contra el \u201c<strong>cu\u00f1adismo<\/strong>\u201d: destaca la participaci\u00f3n de <strong>Mariano Rajoy <\/strong>y otros perfiles famosos.\n    <\/p>\n<p>    <a href=\"https:\/\/www.eldiario.es\/vertele\/noticias\/antena-3-recupera-sorpresa-ahora-caigo-arturo-valls-5-anos-despues-adios-nueva-franja_1_13476949.html\" data-mrf-recirculation=\"saber-mas\" data-dl-event=\"saber-mas\" rel=\"nofollow noopener\" target=\"_blank\"><\/p>\n<p class=\"know-more__title\">Antena 3 recupera por sorpresa &#8216;\u00a1Ahora caigo!&#8217; con Arturo Valls, 5 a\u00f1os despu\u00e9s de su adi\u00f3s, para una nueva franja<\/p>\n<p>            <img decoding=\"async\" class=\"lazy\" loading=\"lazy\" data-src=\"https:\/\/static.eldiario.es\/clip\/30a17f0d-fd99-4ba9-8e75-fc672f366a3b_16-9-aspect-ratio_default_0.jpg\" src=\"data:image\/svg+xml,%3Csvg xmlns=\" http:=\"\" viewbox=\"0 0 880 495\" alt=\"Antena 3 recupera por sorpresa '\u00a1Ahora caigo!' con Arturo Valls, 5 a\u00f1os despu\u00e9s de su adi\u00f3s, para una nueva franja\"\/><\/p>\n<p>                        <\/a><\/p>\n<p class=\"article-text\">\n        Ser\u00e1 el pr\u00f3ximo<strong> lunes, 7 de septiembre<\/strong>, cuando los espectadores podr\u00e1n disfrutar de su primera entrega in\u00e9dita tras el periodo estival. Concretamente, a partir de las <strong>21:45 horas<\/strong>. El formato se ver\u00e1 las caras de nuevo con <strong>La Revuelta<\/strong> \u2014cuyo regreso se anunci\u00f3 <a href=\"https:\/\/www.eldiario.es\/vertele\/noticias\/revuelta-fecha-regreso-1-nuevo-teatro-novedades-vt_1_13476218.html\" target=\"_blank\" data-mrf-recirculation=\"links-noticia\" class=\"link\" rel=\"nofollow noopener\">con iron\u00eda<\/a> en una autopromoci\u00f3n\u2014, con una nueva entrega de <strong>First Dates<\/strong>, adem\u00e1s del <strong>Horizonte <\/strong>de Iker Jim\u00e9nez. Todav\u00eda es una inc\u00f3gnita si <strong>El Intermedio <\/strong>volver\u00e1 a laSexta en la citada jornada o se mantienen los especiales de <strong>El Objetivo<\/strong> sobre Ceuta.\n    <\/p>\n<p class=\"article-text\">\n        El actor <strong>Jos\u00e9 Sacrist\u00e1n <\/strong>aparece en escena al principio de la citada pel\u00edcula, dirigi\u00e9ndose abiertamente al maestro de ceremonias: \u201cSe\u00f1or Motos, <strong>el virus del cu\u00f1adismo se est\u00e1 extendiendo por todo el mundo<\/strong>. Su misi\u00f3n, si decide aceptarla, ser\u00e1 localizar el laboratorio y <strong>recuperar el ant\u00eddoto<\/strong>. Este mensaje se autodestruir\u00e1 en cinco segundos\u201d. Justo despu\u00e9s, el int\u00e9rprete &#8216;abandona&#8217; la pantalla para romper las gafas que porta el presentador: \u201c\u00a1Trae ac\u00e1!\u201d. La pieza audiovisual podr\u00e1 verse \u00edntegramente en su jornada de estreno.\n    <\/p>\n<p>    <a href=\"https:\/\/www.eldiario.es\/vertele\/audiencias-tv\/mensuales-agosto-2026-antena-3-recupera-liderato-agosto-la-1-acecha-ya-sin-mundial-telecinco-sigue-minimos_1_13473568.html\" data-mrf-recirculation=\"saber-mas-abajo\" data-dl-event=\"saber-mas-abajo\" rel=\"nofollow noopener\" target=\"_blank\"><\/p>\n<p class=\"know-more__title\">Antena 3 (11.9%) recupera el liderato en agosto, La 1 (11.5%) acecha ya sin el Mundial y Telecinco sigue bajo m\u00ednimos<\/p>\n<p>            <img decoding=\"async\" class=\"lazy\" loading=\"lazy\" data-src=\"https:\/\/static.eldiario.es\/clip\/d3c9f0e1-5b25-44da-a64a-e48115414511_16-9-aspect-ratio_default_0.jpg\" src=\"data:image\/svg+xml,%3Csvg xmlns=\" http:=\"\" viewbox=\"0 0 880 495\" alt=\"Antena 3 (11.9%) recupera el liderato en agosto, La 1 (11.5%) acecha ya sin el Mundial y Telecinco sigue bajo m\u00ednimos\"\/><\/p>\n<p>                        <\/a><\/p>\n<p>    Los famosos que participan en la nueva pel\u00edcula de &#8216;El Hormiguero&#8217;<\/p>\n<p class=\"article-text\">\n        En esta ocasi\u00f3n, el programa cuenta con la participaci\u00f3n de distintos rostros de lo m\u00e1s conocidos por la audiencia. <strong>Mariano Rajoy<\/strong>, expresidente del Gobierno, se convierte en uno de los protagonistas. Tambi\u00e9n otros perfiles como el citado Jos\u00e9 Sacrist\u00e1n, el piloto <strong>Marc M\u00e1rquez<\/strong>, el humorista <strong>Josema Yuste<\/strong>, adem\u00e1s de los actores <strong>Tom Holland <\/strong>y <strong>Zendaya<\/strong>. Sea como fuere, El Hormiguero ya lo tiene todo listo para inaugurar una nueva temporada en Antena 3 con la \u201c<strong>importante misi\u00f3n \u00bfimposible?<\/strong>\u201d de Pablo Motos.\n    <\/p>\n<blockquote class=\"twitter-tweet\" data-lang=\"es\"><p><a href=\"https:\/\/twitter.com\/X\/status\/2094704311494152403?ref_src=twsrc%5Etfw\" rel=\"nofollow noopener\" target=\"_blank\"><\/p><\/blockquote>\n<p>            <script async src=\"https:\/\/platform.twitter.com\/widgets.js\" charset=\"utf-8\"><\/script><\/p>\n","protected":false},"excerpt":{"rendered":"La vigesimoprimera temporada de El Hormiguero ya tiene fecha de estreno en Antena 3, poniendo fin al habitual&hellip;\n","protected":false},"author":2,"featured_media":741877,"comment_status":"","ping_status":"","sticky":false,"template":"","format":"standard","meta":{"footnotes":""},"categories":[171],"tags":[1554,9692,4187,131620,158,146,147,25,24,1151,17775,75331,13882,618,15178,23,214,1357],"class_list":["post-741876","post","type-post","status-publish","format-standard","has-post-thumbnail","category-tv","tag-1554","tag-antena","tag-anuncia","tag-cunadismo","tag-el","tag-entertainment","tag-entretenimiento","tag-es","tag-espana","tag-fecha","tag-hormiguero","tag-luchando","tag-motos","tag-pablo","tag-rajoy","tag-spain","tag-tv","tag-vuelta"],"share_on_mastodon":{"url":"https:\/\/pubeurope.com\/@es\/117195363131336265","error":""},"_links":{"self":[{"href":"https:\/\/www.europesays.com\/es\/wp-json\/wp\/v2\/posts\/741876","targetHints":{"allow":["GET"]}}],"collection":[{"href":"https:\/\/www.europesays.com\/es\/wp-json\/wp\/v2\/posts"}],"about":[{"href":"https:\/\/www.europesays.com\/es\/wp-json\/wp\/v2\/types\/post"}],"author":[{"embeddable":true,"href":"https:\/\/www.europesays.com\/es\/wp-json\/wp\/v2\/users\/2"}],"replies":[{"embeddable":true,"href":"https:\/\/www.europesays.com\/es\/wp-json\/wp\/v2\/comments?post=741876"}],"version-history":[{"count":0,"href":"https:\/\/www.europesays.com\/es\/wp-json\/wp\/v2\/posts\/741876\/revisions"}],"wp:featuredmedia":[{"embeddable":true,"href":"https:\/\/www.europesays.com\/es\/wp-json\/wp\/v2\/media\/741877"}],"wp:attachment":[{"href":"https:\/\/www.europesays.com\/es\/wp-json\/wp\/v2\/media?parent=741876"}],"wp:term":[{"taxonomy":"category","embeddable":true,"href":"https:\/\/www.europesays.com\/es\/wp-json\/wp\/v2\/categories?post=741876"},{"taxonomy":"post_tag","embeddable":true,"href":"https:\/\/www.europesays.com\/es\/wp-json\/wp\/v2\/tags?post=741876"}],"curies":[{"name":"wp","href":"https:\/\/api.w.org\/{rel}","templated":true}]}}