{"id":741882,"date":"2026-09-01T10:45:15","date_gmt":"2026-09-01T10:45:15","guid":{"rendered":"https:\/\/www.europesays.com\/es\/741882\/"},"modified":"2026-09-01T10:45:15","modified_gmt":"2026-09-01T10:45:15","slug":"definidos-los-horarios-de-juego-de-la-supercopa-lf-endesa-de-torrejon-de-ardoz","status":"publish","type":"post","link":"https:\/\/www.europesays.com\/es\/741882\/","title":{"rendered":"Definidos los horarios de juego de la Supercopa LF Endesa de Torrej\u00f3n de Ardoz"},"content":{"rendered":"<p>La Supercopa LF Endesa ha definido en el d\u00eda de hoy sus horarios de competici\u00f3n para una cita que disputar\u00e1 sus dos encuentros de semifinales a las 17:15 y 20:00h del s\u00e1bado 26 y que dar\u00e1 comienzo a su final a las 17:00h del domingo 27. Las entradas para poder disfrutar en directo del primer t\u00edtulo del a\u00f1o, a la venta en FEB.es.<\/p>\n<p>\u00c1REA DE COMUNICACI\u00d3N FEB<br \/>&#13;<br \/>\n<br \/>\nSer\u00e1 el primer t\u00edtulo en juego en el baloncesto nacional durante la pr\u00f3xima temporada 2026\/27 y se disputar\u00e1 sobre la pista del Pabell\u00f3n Jorge Garbajosa de Torrej\u00f3n de Ardoz.<\/p>\n<p>Una Supercopa LF Endesa que tiene ya horarios de juego confirmados y que dar\u00e1 comienzo en la tarde del s\u00e1bado 26, con el Casademont Zaragoza defendiendo su condici\u00f3n de vigente campe\u00f3n ante el campe\u00f3n de Liga\/Copa del pasado curso, un Valencia Basket al que se medir\u00e1n a partir de las 17:15h. De este modo, se pondr\u00e1 en juego el primer billete a una Final cuyo segundo protagonista se conocer\u00e1 unas horas despu\u00e9s, en una segunda semifinal que enfrentar\u00e1 al Innova-tsn Legan\u00e9s, el conjunto \u00ablocal\u00bb de la cita, con un Hozono Global Jairis que buscar\u00e1 su primer t\u00edtulo.\u00a0<\/p>\n<p>Los dos equipos que accedan a la Final, luchar\u00e1n por la victoria final en un encuentro que se celebrar\u00e1 el domingo 27 a las 17:00h, una cita cuyas entradas se encuentran ya a la venta en FEB.es.<\/p>\n<p>ABONOS: <a href=\"https:\/\/feb.entradas.plus\/entradas\/es\/entradas-deporte-supercopa-lf-endesa-2026-torrejon-de-ardoz\" target=\"_self\" rel=\"nofollow noopener\">Disponibles en FEB.es<\/a><\/p>\n<p>XXIII SUPERCOPA LF ENDESA:<br \/>&#13;<br \/>\n<br \/>&#13;<br \/>\nFecha: S\u00e1bado 26 y domingo 27 de septiembre<br \/>&#13;<br \/>\nPabell\u00f3n: Jorge Garbajosa (Torrej\u00f3n de Ardoz)<br \/>&#13;<br \/>\nTV: Teledeporte \/ RTVE Play<\/p>\n<p>Semifinal 1: <br \/>&#13;<br \/>\nS\u00e1bado 26: Casademont Zaragoza vs Valencia Basket (17:15h)<\/p>\n<p>Semifinal 2: <br \/>&#13;<br \/>\nS\u00e1bado 26: Innova-tsn Legan\u00e9s vs Hozono Global Jairis (20:00h)<br \/>&#13;<br \/>\n<br \/>&#13;<br \/>\nFinal: <br \/>&#13;<br \/>\nDomingo: Vencedor S1 vs Vencedor S1 (17:00h)<\/p>\n<p>PALMAR\u00c9S:<\/p>\n<p>9 t\u00edtulos: Perfumer\u00edas Avenida<br \/>&#13;<br \/>\n6 t\u00edtulos: Ros Casares Valencia<br \/>&#13;<br \/>\n3 t\u00edtulos: Spar Girona<br \/>&#13;<br \/>\n3 t\u00edtulos: Valencia Basket<br \/>&#13;<br \/>\n1 t\u00edtulo: Casademont Zaragoza<br \/>&#13;<br \/>\n1 t\u00edtulo: UB FC Barcelona<\/p>\n<p>\u00daLTIMOS CAMPEONES:<br \/>&#13;<br \/>\n<br \/>&#13;<br \/>\n2020 Bilbao: Perfumer\u00edas Avenida<br \/>&#13;<br \/>\n2021 Tenerife: Valencia<br \/>&#13;<br \/>\n2022 Vitoria: Spar Girona<br \/>&#13;<br \/>\n2023 Las Palmas: Valencia Basket<br \/>&#13;<br \/>\n2024 Alcantarilla: Valencia Basket<br \/>&#13;<br \/>\n2025 Huesca: Casademont Zaragoza<\/p>\n","protected":false},"excerpt":{"rendered":"La Supercopa LF Endesa ha definido en el d\u00eda de hoy sus horarios de competici\u00f3n para una cita&hellip;\n","protected":false},"author":2,"featured_media":741883,"comment_status":"","ping_status":"","sticky":false,"template":"","format":"standard","meta":{"footnotes":""},"categories":[93],"tags":[4605,299,1918,4597,4613,4616,4609,4608,4610,168,4603,4606,25,24,4120,4598,4614,2713,4601,830,4599,4600,4602,4615,4617,4607,4604,23,167,4611,4612],"class_list":["post-741882","post","type-post","status-publish","format-standard","has-post-thumbnail","category-deportes","tag-arbitros-baloncesto","tag-baloncesto","tag-basket","tag-basquet","tag-canalfeb","tag-clasificacion","tag-copa-princesa","tag-copa-principe","tag-copa-reina","tag-deportes","tag-eba","tag-entrenadores-baloncesto","tag-es","tag-espana","tag-estadisticas","tag-federacion-baloncesto","tag-jornada-virtual","tag-jugadores","tag-laeb-plata","tag-leb-oro","tag-liga-espana","tag-liga-espanola-baloncesto","tag-liga-femenina","tag-marcadores-baloncesto","tag-rankings","tag-reglas-baloncesto","tag-seleccion-baloncesto","tag-spain","tag-sports","tag-supercopa","tag-television-baloncesto"],"share_on_mastodon":{"url":"","error":"Validation failed: Text character limit of 500 exceeded"},"_links":{"self":[{"href":"https:\/\/www.europesays.com\/es\/wp-json\/wp\/v2\/posts\/741882","targetHints":{"allow":["GET"]}}],"collection":[{"href":"https:\/\/www.europesays.com\/es\/wp-json\/wp\/v2\/posts"}],"about":[{"href":"https:\/\/www.europesays.com\/es\/wp-json\/wp\/v2\/types\/post"}],"author":[{"embeddable":true,"href":"https:\/\/www.europesays.com\/es\/wp-json\/wp\/v2\/users\/2"}],"replies":[{"embeddable":true,"href":"https:\/\/www.europesays.com\/es\/wp-json\/wp\/v2\/comments?post=741882"}],"version-history":[{"count":0,"href":"https:\/\/www.europesays.com\/es\/wp-json\/wp\/v2\/posts\/741882\/revisions"}],"wp:featuredmedia":[{"embeddable":true,"href":"https:\/\/www.europesays.com\/es\/wp-json\/wp\/v2\/media\/741883"}],"wp:attachment":[{"href":"https:\/\/www.europesays.com\/es\/wp-json\/wp\/v2\/media?parent=741882"}],"wp:term":[{"taxonomy":"category","embeddable":true,"href":"https:\/\/www.europesays.com\/es\/wp-json\/wp\/v2\/categories?post=741882"},{"taxonomy":"post_tag","embeddable":true,"href":"https:\/\/www.europesays.com\/es\/wp-json\/wp\/v2\/tags?post=741882"}],"curies":[{"name":"wp","href":"https:\/\/api.w.org\/{rel}","templated":true}]}}