{"id":741890,"date":"2026-09-01T10:49:12","date_gmt":"2026-09-01T10:49:12","guid":{"rendered":"https:\/\/www.europesays.com\/es\/741890\/"},"modified":"2026-09-01T10:49:12","modified_gmt":"2026-09-01T10:49:12","slug":"el-gigante-de-la-moda-rapida-shein-se-desploma-un-10-en-su-debut-bursatil-en-hong-kong","status":"publish","type":"post","link":"https:\/\/www.europesays.com\/es\/741890\/","title":{"rendered":"El gigante de la moda r\u00e1pida Shein se desploma un 10% en su debut burs\u00e1til en Hong Kong"},"content":{"rendered":"<p>    <img src=\"https:\/\/www.europesays.com\/es\/wp-content\/uploads\/2026\/09\/2026-09-01T103A133A19Z-91986027.jpg\" width=\"1024\" height=\"682\" alt=\"\" loading=\"eager\" decoding=\"sync\" fetchpriority=\"high\"\/><\/p>\n<p>            afp_tickers        <\/p>\n<p>        Este contenido fue publicado en    <\/p>\n<p>        01 septiembre 2026 &#8211; 12:13\n<\/p>\n<p>El gigante de la moda r\u00e1pida Shein se desplom\u00f3 este martes un 10% en su tan esperado debut burs\u00e1til en Hong Kong, tras recaudar 1.700 millones de d\u00f3lares estadounidenses en una oferta p\u00fablica inicial de gran repercusi\u00f3n medi\u00e1tica.<\/p>\n<p>Conocida por sus precios ultrabajos y su ropa de producci\u00f3n r\u00e1pida, la compa\u00f1\u00eda de origen chino hab\u00eda visto frustrados sus planes de cotizar en Nueva York y Londres por dificultades regulatorias. Finalmente, obtuvo en julio la aprobaci\u00f3n de Pek\u00edn para su ingreso a Hong Kong.<\/p>\n<p>No obstante, la acci\u00f3n de Shein cay\u00f3 hasta un m\u00ednimo de 43,72 d\u00f3lares hongkoneses (5,5 d\u00f3lares estadounidenses) poco despu\u00e9s de la apertura, frente a su precio de salida de 48,56 d\u00f3lares hongkoneses.<\/p>\n<p>Esta cotizaci\u00f3n sit\u00faa la valoraci\u00f3n de la compa\u00f1\u00eda en alrededor de 26.300 millones de d\u00f3lares, por debajo de los casi 100.000 millones de d\u00f3lares alcanzados durante las rondas de financiamiento privado en 2022.<\/p>\n<p>Shein ha dicho que los recursos recaudados se utilizar\u00e1n para desarrollar sus capacidades tecnol\u00f3gicas e impulsar su presencia internacional, de gran peso en Europa y Am\u00e9rica Latina.<\/p>\n<p>Este minorista en l\u00ednea traslad\u00f3 su sede a Singapur entre 2021 y 2022, una medida que, seg\u00fan los analistas, ten\u00eda como objetivo evitar el creciente escrutinio global sobre las empresas chinas.<\/p>\n<p>Su base de clientes europeos aument\u00f3 a 156 millones de usuarios mensuales promedio a finales de 2025, lo que convirti\u00f3 a Shein en una de las plataformas de comercio electr\u00f3nico m\u00e1s grandes del continente, junto con la china AliExpress (193 millones de usuarios) y Amazon (alrededor de 180 millones).<\/p>\n<p>La empresa ha sido objeto de escrutinio por su impacto ambiental y por acusaciones de violaciones de derechos humanos en sus cadenas de suministro, adem\u00e1s de enfrentar una competencia cada vez mayor por parte de empresas de bajo costo como Temu y AliExpress.<\/p>\n<p>Su presidente ejecutivo, Donald Tang, asegur\u00f3 a la AFP el a\u00f1o pasado que la empresa tiene \u00abtolerancia cero\u00bb con el trabajo forzado.<\/p>\n<p>\u2013 Desaceleraci\u00f3n del crecimiento \u2013<\/p>\n<p>La analista de Morningstar, Lorraine Tan, se\u00f1al\u00f3 en una nota de agosto que el crecimiento de los ingresos de Shein \u00abse ha alineado con el ritmo observado en la industria de la moda r\u00e1pida, por debajo del 10% en 2025\u00bb.<\/p>\n<p>Agreg\u00f3 que la ca\u00edda en la valoraci\u00f3n \u00abrefleja ese descenso en el inter\u00e9s de los inversionistas por las acciones de Shein\u00bb.<\/p>\n<p>La empresa fue pionera en un modelo formidable que es dif\u00edcil de replicar, dijo Ken Pucker, experto en moda sostenible de la Universidad de Tufts.<\/p>\n<p>A\u00f1adi\u00f3 que, sin embargo, su crecimiento sin precedentes tambi\u00e9n trajo consigo desaf\u00edos como \u00abnuevos impuestos y aranceles, sostenibilidad comprometida, pr\u00e1cticas de privacidad y derechos de autor, y competencia\u00bb.<\/p>\n<p>\u00abEl momento no es ideal, dada la desaceleraci\u00f3n del crecimiento de la empresa. Dicho esto, ha estado intentando salir a bolsa durante unos cinco a\u00f1os, y supongo que muchos de sus inversionistas estaban ansiosos por cobrar sus ganancias\u00bb, consider\u00f3.<\/p>\n<p>\u2013 \u00abVientos en contra\u00bb \u2013<\/p>\n<p>En 2025, Shein report\u00f3 una utilidad neta anual de 2.060 millones de d\u00f3lares, pero registr\u00f3 una p\u00e9rdida trimestral de 99 millones de d\u00f3lares cuando Estados Unidos elimin\u00f3 una exenci\u00f3n de aranceles para paquetes peque\u00f1os.<\/p>\n<p>En una medida similar, la Uni\u00f3n Europea impuso el mes pasado un gravamen de 3 euros (3,50 d\u00f3lares) por art\u00edculo para paquetes con un valor inferior a 150 euros.<\/p>\n<p>Adem\u00e1s, a partir del martes, Francia impondr\u00e1 un cargo a los art\u00edculos de moda ultrarr\u00e1pida que podr\u00eda alcanzar casi 20 euros por prenda, ya que el gobierno tiene en la mira a las principales plataformas asi\u00e1ticas, incluida Shein.<\/p>\n<p>La empresa enfrenta \u00abvientos en contra\u00bb a medida que las autoridades de Estados Unidos y Europa, sus mercados m\u00e1s grandes, eliminan las exenciones para paquetes peque\u00f1os que impulsaron su r\u00e1pido crecimiento, dijo a la AFP el analista de comercio electr\u00f3nico Juozas Kaziukenas.<\/p>\n<p>\u00abEl futuro cercano de Shein estar\u00e1 marcado por un crecimiento negativo\u00bb, afirm\u00f3 Kaziukenas.<\/p>\n<p>El minorista necesita un \u00abcambio de motor en pleno vuelo\u00bb para reconstruir su cadena de suministro con fuentes de inventario diversificadas, m\u00e1s all\u00e1 de los env\u00edos directos desde China, agreg\u00f3.<\/p>\n<p>cla-twa\/dan\/arm\/mel\/mvl<\/p>\n","protected":false},"excerpt":{"rendered":"afp_tickers Este contenido fue publicado en 01 septiembre 2026 &#8211; 12:13 El gigante de la moda r\u00e1pida Shein&hellip;\n","protected":false},"author":2,"featured_media":741891,"comment_status":"","ping_status":"","sticky":false,"template":"","format":"standard","meta":{"footnotes":""},"categories":[80],"tags":[82,7655,5797,95,94,7656,25,24,9375,87,20146,7659,23,41524,90],"class_list":["post-741890","post","type-post","status-publish","format-standard","has-post-thumbnail","category-economia","tag-business","tag-consumer-goods","tag-culture","tag-economia","tag-economy","tag-electronic-commerce","tag-es","tag-espana","tag-fashion","tag-macro-economics","tag-market-and-exchange","tag-retail","tag-spain","tag-stocks","tag-ticker"],"share_on_mastodon":{"url":"https:\/\/pubeurope.com\/@es\/117195398815049239","error":""},"_links":{"self":[{"href":"https:\/\/www.europesays.com\/es\/wp-json\/wp\/v2\/posts\/741890","targetHints":{"allow":["GET"]}}],"collection":[{"href":"https:\/\/www.europesays.com\/es\/wp-json\/wp\/v2\/posts"}],"about":[{"href":"https:\/\/www.europesays.com\/es\/wp-json\/wp\/v2\/types\/post"}],"author":[{"embeddable":true,"href":"https:\/\/www.europesays.com\/es\/wp-json\/wp\/v2\/users\/2"}],"replies":[{"embeddable":true,"href":"https:\/\/www.europesays.com\/es\/wp-json\/wp\/v2\/comments?post=741890"}],"version-history":[{"count":0,"href":"https:\/\/www.europesays.com\/es\/wp-json\/wp\/v2\/posts\/741890\/revisions"}],"wp:featuredmedia":[{"embeddable":true,"href":"https:\/\/www.europesays.com\/es\/wp-json\/wp\/v2\/media\/741891"}],"wp:attachment":[{"href":"https:\/\/www.europesays.com\/es\/wp-json\/wp\/v2\/media?parent=741890"}],"wp:term":[{"taxonomy":"category","embeddable":true,"href":"https:\/\/www.europesays.com\/es\/wp-json\/wp\/v2\/categories?post=741890"},{"taxonomy":"post_tag","embeddable":true,"href":"https:\/\/www.europesays.com\/es\/wp-json\/wp\/v2\/tags?post=741890"}],"curies":[{"name":"wp","href":"https:\/\/api.w.org\/{rel}","templated":true}]}}