{"id":741892,"date":"2026-09-01T10:50:20","date_gmt":"2026-09-01T10:50:20","guid":{"rendered":"https:\/\/www.europesays.com\/es\/741892\/"},"modified":"2026-09-01T10:50:20","modified_gmt":"2026-09-01T10:50:20","slug":"al-menos-12-muertos-en-un-ataque-ruso-con-misiles-y-drones-contra-kiev-y-alrededores","status":"publish","type":"post","link":"https:\/\/www.europesays.com\/es\/741892\/","title":{"rendered":"Al menos 12 muertos en un ataque ruso con misiles y drones contra Kiev y alrededores"},"content":{"rendered":"<p>    <img src=\"https:\/\/www.europesays.com\/es\/wp-content\/uploads\/2026\/09\/2026-09-01T083A553A07Z-91985259.jpg\" width=\"1024\" height=\"669\" alt=\"\" loading=\"eager\" decoding=\"sync\" fetchpriority=\"high\"\/><\/p>\n<p>            afp_tickers        <\/p>\n<p>        Este contenido fue publicado en    <\/p>\n<p>        01 septiembre 2026 &#8211; 10:55\n<\/p>\n<p>Al menos 12 personas murieron este martes en un ataque \u00abmasivo\u00bb con misiles y drones rusos contra Kiev y sus alrededores, al tiempo que un importante puerto ruso result\u00f3 incendiado.<\/p>\n<p>Los bombardeos se produjeron justo cuando los ni\u00f1os ucranianos se preparaban para regresar a la escuela despu\u00e9s de las vacaciones de verano, y mientras las autoridades han reforzado las medidas de seguridad tras semanas de intensas ofensivas rusas contra la capital.<\/p>\n<p>\u00abEn total, 12 personas murieron, entre ellas un ciudadano indio, y decenas m\u00e1s resultaron heridas en este ataque\u00bb, indic\u00f3 el presidente ucraniano, Volodimir Zelenski.<\/p>\n<p>El dirigente explic\u00f3 que se emplearon un gran n\u00famero de drones y misiles bal\u00edsticos, y pidi\u00f3 una vez m\u00e1s a sus socios que faciliten m\u00e1s medios de defensa a\u00e9rea, para protegerse de los ataques rusos cometidos a diario.<\/p>\n<p>Ucrania sufre una escasez de misiles interceptores, en particular de los estadounidenses Patriot desde el estallido de la guerra en Oriente Medio, para defenderse contra los cada vez m\u00e1s numerosos proyectiles rusos.<\/p>\n<p>En detalle, ocho personas murieron en la capital, siete de ellas en un dep\u00f3sito ferroviario y otras estructuras cercanas que fueron alcanzadas, seg\u00fan indic\u00f3 el director de Ferrocarriles de Ucrania, Oleksandr Pertsovskii.<\/p>\n<p>Las otras cuatro murieron en Borispil, a unos 30 km de la capital, al resultar alcanzado un edificio residencial de cinco plantas, seg\u00fan detall\u00f3 Zelenski. Hubo tambi\u00e9n 13 heridos.<\/p>\n<p>El Ministerio de Defensa ruso anunci\u00f3 que durante la noche hab\u00eda llevado a cabo \u00abun ataque masivo con armas de alta precisi\u00f3n de largo alcance\u00bb as\u00ed como drones de combate.<\/p>\n<p>Seg\u00fan esa cartera, las fuerzas rusas bombardearon \u00abempresas del complejo militar-industrial, as\u00ed como infraestructuras energ\u00e9ticas relacionadas con\u00a0el suministro de combustible a las Fuerzas Armadas de Ucrania.<\/p>\n<p>Tambi\u00e9n indic\u00f3 que hab\u00eda atacado infraestructura en la regi\u00f3n sure\u00f1a de Odesa, y en los puertos de Odesa y Chornomorsk.<\/p>\n<p>El Ej\u00e9rcito del Aire ucraniano, que ya no comunica el n\u00famero exacto de misiles rusos disparados, afirm\u00f3 haber neutralizado cinco misiles bal\u00edsticos, cinco de crucero y dos misiles-drones h\u00edbridos de tipo Banderol.<\/p>\n<p>Tambi\u00e9n se\u00f1al\u00f3 que Rusia dispar\u00f3 esta vez 218 drones de diferentes tipos, y que intercept\u00f3 187.<\/p>\n<p>\u2013 Incendiado un importante puerto ruso \u2013<\/p>\n<p>Los \u00faltimos ataques se produjeron en un momento en que Ucrania se enfrenta a una campa\u00f1a a\u00e9rea rusa cada vez m\u00e1s intensa que ha desencadenado repetidas alertas, interrumpido las actividades comerciales e impulsado protocolos de seguridad m\u00e1s estrictos de cara al nuevo a\u00f1o escolar.<\/p>\n<p>Este martes, en Rusia, tambi\u00e9n se produjo un incendio en el importante puerto de Ust-Luga, en el golfo de Finlandia, que fue blanco de un ataque con drones, anunci\u00f3 el gobernador de la regi\u00f3n de Leningrado, Alexander Drozdenko.<\/p>\n<p>\u00abHubo da\u00f1os en la zona del puerto de Ust-Luga a ra\u00edz del ataque con drones, y hay un incendio en curso\u00bb, escribi\u00f3 Drozdenko en la plataforma de mensajer\u00eda Telegram. Seg\u00fan precis\u00f3 luego, fueron abatidos 52 drones ucranianos en la zona, sin que hubiera v\u00edctimas.<\/p>\n<p>Este puerto, una infraestructura clave para las exportaciones rusas de fertilizantes, petr\u00f3leo y carb\u00f3n, ha sido blanco de repetidos ataques de drones ucranianos en los \u00faltimos meses.<\/p>\n<p>fv-roc\/jnd\/arm-pb\/arm-avl\/pb<\/p>\n","protected":false},"excerpt":{"rendered":"afp_tickers Este contenido fue publicado en 01 septiembre 2026 &#8211; 10:55 Al menos 12 personas murieron este martes&hellip;\n","protected":false},"author":2,"featured_media":741893,"comment_status":"","ping_status":"","sticky":false,"template":"","format":"standard","meta":{"footnotes":""},"categories":[42],"tags":[20662,635,11642,51779,17,18,82,636,11643,29930,13,14,4437,51780,11,61,62,63,64,19,20,14689,9,10,15,16,88,90,12,21,22,3191,65,66,67],"class_list":["post-741892","post","type-post","status-publish","format-standard","has-post-thumbnail","category-internacional","tag-act-of-terror","tag-armed-conflict","tag-armed-forces","tag-bombings","tag-breaking-news","tag-breakingnews","tag-business","tag-conflict","tag-defence","tag-defence-equipment","tag-featured-news","tag-featurednews","tag-government","tag-guerrilla-activity","tag-headlines","tag-internacional","tag-international","tag-international-news","tag-internationalnews","tag-latest-news","tag-latestnews","tag-manufacturing-and-engineering","tag-news","tag-noticias","tag-noticias-destacadas","tag-noticiasdestacadas","tag-politics","tag-ticker","tag-titulares","tag-ultimas-noticias","tag-ultimasnoticias","tag-war","tag-world","tag-world-news","tag-worldnews"],"share_on_mastodon":{"url":"","error":"Validation failed: Text character limit of 500 exceeded"},"_links":{"self":[{"href":"https:\/\/www.europesays.com\/es\/wp-json\/wp\/v2\/posts\/741892","targetHints":{"allow":["GET"]}}],"collection":[{"href":"https:\/\/www.europesays.com\/es\/wp-json\/wp\/v2\/posts"}],"about":[{"href":"https:\/\/www.europesays.com\/es\/wp-json\/wp\/v2\/types\/post"}],"author":[{"embeddable":true,"href":"https:\/\/www.europesays.com\/es\/wp-json\/wp\/v2\/users\/2"}],"replies":[{"embeddable":true,"href":"https:\/\/www.europesays.com\/es\/wp-json\/wp\/v2\/comments?post=741892"}],"version-history":[{"count":0,"href":"https:\/\/www.europesays.com\/es\/wp-json\/wp\/v2\/posts\/741892\/revisions"}],"wp:featuredmedia":[{"embeddable":true,"href":"https:\/\/www.europesays.com\/es\/wp-json\/wp\/v2\/media\/741893"}],"wp:attachment":[{"href":"https:\/\/www.europesays.com\/es\/wp-json\/wp\/v2\/media?parent=741892"}],"wp:term":[{"taxonomy":"category","embeddable":true,"href":"https:\/\/www.europesays.com\/es\/wp-json\/wp\/v2\/categories?post=741892"},{"taxonomy":"post_tag","embeddable":true,"href":"https:\/\/www.europesays.com\/es\/wp-json\/wp\/v2\/tags?post=741892"}],"curies":[{"name":"wp","href":"https:\/\/api.w.org\/{rel}","templated":true}]}}