{"id":741914,"date":"2026-09-01T11:07:32","date_gmt":"2026-09-01T11:07:32","guid":{"rendered":"https:\/\/www.europesays.com\/es\/741914\/"},"modified":"2026-09-01T11:07:32","modified_gmt":"2026-09-01T11:07:32","slug":"kelly-clarkson-asombra-con-su-interpretacion-de-golden-de-kpop-demon-hunters-en-el-tono-original","status":"publish","type":"post","link":"https:\/\/www.europesays.com\/es\/741914\/","title":{"rendered":"Kelly Clarkson asombra con su interpretaci\u00f3n de &#8216;Golden&#8217; de &#8216;KPop Demon Hunters&#8217; en el tono original"},"content":{"rendered":"<p class=\"c-paragraph\">La cantante <a href=\"https:\/\/www.instagram.com\/kellyclarkson\" rel=\"nofollow noreferrer noopener\" target=\"_blank\">Kelly Clarkson<\/a> se despidi\u00f3 por todo lo alto de su programa de The Kelly Clarkson Show con una versi\u00f3n de Golden, de KPop Demon Hunters. La cantante ha decidido poner en pausa su show de entrevistas para <b>\u00abenfocarse en la crianza de sus hijos\u00bb<\/b>.<\/p>\n<p class=\"c-paragraph\">En su secci\u00f3n del programa, llamada Kellyoke, la cantante siempre interpreta algunas de las canciones m\u00e1s virales. En este \u00faltimo programa ha querido homenajear a KPop Demon Hunters con una versi\u00f3n que ha impresionado a todos sus fans <b>debido al gran nivel vocal<\/b> y a las notas alcanzadas durante la interpretaci\u00f3n.<\/p>\n<p class=\"c-paragraph\">Asimismo, ha querido interpretar algunos de los <b>temas m\u00e1s memorables<\/b> de su carrera art\u00edstica como su himno\u00a0Since U Been Gone, Sober, Stronger, Piece by Piece y Didn\u2019t I.<\/p>\n<p class=\"c-paragraph\">Despu\u00e9s de la actuaci\u00f3n, ha querido agradecer a la m\u00fasica, ya que ha sido una gran parte del programa, interpretando m\u00e1s de 1.000 canciones. \u00abDesde el primer episodio, la m\u00fasica ha sido una piedra angular de este programa. Hemos hecho<b> m\u00e1s de 1000 Kellyokes,<\/b> hemos hablado con cientos de invitados sobre canciones\u2026\u00bb, ha recalcado.<\/p>\n<p class=\"c-paragraph\">La decisi\u00f3n de poner fin a su programa principalmente es para enfocarse en la crianza de sus hijos. \u00abNo fue una decisi\u00f3n f\u00e1cil, pero esta temporada ser\u00e1 la \u00faltima en la que presentar\u00e9 The Kelly Clarkson Show. Alejarme de la programaci\u00f3n diaria<b> me permitir\u00e1 priorizar a mis hijos<\/b>, lo cual siento que es necesario y correcto para este nuevo cap\u00edtulo de nuestras vidas. Esto no es un adi\u00f3s. Seguir\u00e9 haciendo m\u00fasica, dando conciertos de vez en cuando y puede que me vean en The Voice ocasionalmente\u2026\u201d, anunci\u00f3 en un comunicado.<\/p>\n<p class=\"c-paragraph\">Al final del programa, sus hijos <b>quisieron sorprender a su madre<\/b> en los \u00faltimos momentos de la transmisi\u00f3n y ayudaron a la cantante a pronunciar sus \u00faltimas palabras para cerrar el programa.<\/p>\n<p><script async src=\"\/\/www.instagram.com\/embed.js\"><\/script><\/p>\n","protected":false},"excerpt":{"rendered":"La cantante Kelly Clarkson se despidi\u00f3 por todo lo alto de su programa de The Kelly Clarkson Show&hellip;\n","protected":false},"author":2,"featured_media":741915,"comment_status":"","ping_status":"","sticky":false,"template":"","format":"standard","meta":{"footnotes":""},"categories":[170],"tags":[70999,17522,146,147,25,24,10254,17521,184,185,6924,23],"class_list":["post-741914","post","type-post","status-publish","format-standard","has-post-thumbnail","category-musica","tag-cantando","tag-clarkson","tag-entertainment","tag-entretenimiento","tag-es","tag-espana","tag-golden","tag-kelly","tag-music","tag-musica","tag-sorprende","tag-spain"],"share_on_mastodon":{"url":"https:\/\/pubeurope.com\/@es\/117195469650420419","error":""},"_links":{"self":[{"href":"https:\/\/www.europesays.com\/es\/wp-json\/wp\/v2\/posts\/741914","targetHints":{"allow":["GET"]}}],"collection":[{"href":"https:\/\/www.europesays.com\/es\/wp-json\/wp\/v2\/posts"}],"about":[{"href":"https:\/\/www.europesays.com\/es\/wp-json\/wp\/v2\/types\/post"}],"author":[{"embeddable":true,"href":"https:\/\/www.europesays.com\/es\/wp-json\/wp\/v2\/users\/2"}],"replies":[{"embeddable":true,"href":"https:\/\/www.europesays.com\/es\/wp-json\/wp\/v2\/comments?post=741914"}],"version-history":[{"count":0,"href":"https:\/\/www.europesays.com\/es\/wp-json\/wp\/v2\/posts\/741914\/revisions"}],"wp:featuredmedia":[{"embeddable":true,"href":"https:\/\/www.europesays.com\/es\/wp-json\/wp\/v2\/media\/741915"}],"wp:attachment":[{"href":"https:\/\/www.europesays.com\/es\/wp-json\/wp\/v2\/media?parent=741914"}],"wp:term":[{"taxonomy":"category","embeddable":true,"href":"https:\/\/www.europesays.com\/es\/wp-json\/wp\/v2\/categories?post=741914"},{"taxonomy":"post_tag","embeddable":true,"href":"https:\/\/www.europesays.com\/es\/wp-json\/wp\/v2\/tags?post=741914"}],"curies":[{"name":"wp","href":"https:\/\/api.w.org\/{rel}","templated":true}]}}