{"id":741928,"date":"2026-09-01T11:14:18","date_gmt":"2026-09-01T11:14:18","guid":{"rendered":"https:\/\/www.europesays.com\/es\/741928\/"},"modified":"2026-09-01T11:14:18","modified_gmt":"2026-09-01T11:14:18","slug":"presidente-de-iran-abierto-a-salida-diplomatica-con-ee-uu","status":"publish","type":"post","link":"https:\/\/www.europesays.com\/es\/741928\/","title":{"rendered":"Presidente de Ir\u00e1n, abierto a salida diplom\u00e1tica con EE. UU."},"content":{"rendered":"<p>El presidente de <a class=\"internal-link\" href=\"https:\/\/www.dw.com\/es\/ir\u00e1n\/t-63346395\" rel=\"nofollow noopener\" target=\"_blank\">Ir\u00e1n<\/a>, <a class=\"internal-link\" href=\"https:\/\/www.dw.com\/es\/masoud-pezeshkian\/t-76303328\" rel=\"nofollow noopener\" target=\"_blank\">Masoud Pezeshkian<\/a>, afirm\u00f3 este martes (1.09.2026) que si Estados Unidos cumple con los compromisos adquiridos en el Memorando de Entendimiento de junio, la Rep\u00fablica Isl\u00e1mica responder\u00e1 \u00abinmediatamente de manera rec\u00edproca\u00bb.<\/p>\n<p>\u00abAfirmo expl\u00edcitamente que si <a class=\"internal-link\" href=\"https:\/\/www.dw.com\/es\/estados-unidos\/t-17411942\" rel=\"nofollow noopener\" target=\"_blank\">Estados Unidos<\/a> vuelve a cumplir los compromisos contra\u00eddos en el Memorando de Entendimiento, la Rep\u00fablica Isl\u00e1mica de Ir\u00e1n tomar\u00e1 inmediatamente medidas rec\u00edprocas\u201d, dijo Pezeshkian en un discurso en la cumbre de la Organizaci\u00f3n de Cooperaci\u00f3n de Shangh\u00e1i (OCS) en Biskek, capital de Kirguist\u00e1n, seg\u00fan la web de la presidencia iran\u00ed.<\/p>\n<p>El mandatario iran\u00ed mantuvo que <a class=\"internal-link\" href=\"https:\/\/www.dw.com\/es\/estados-unidos-entre-la-presi\u00f3n-a-ir\u00e1n-y-la-cautela-con-china\/a-78537160\" rel=\"nofollow noopener\" target=\"_blank\">el compromiso de Estados Unidos<\/a> con el acuerdo firmado el 17 de junio \u00abdur\u00f3 menos de dos semanas\u201d porque Washington \u00abcomenz\u00f3 a plantear exigencias excesivas y a incumplir lo pactado, una actitud que persiste hasta hoy\u201d.<\/p>\n<p>\u00abEs evidente que la violaci\u00f3n de los compromisos por parte de Estados Unidos provoc\u00f3 una respuesta proporcional por parte de Ir\u00e1n\u201d, asegur\u00f3.<\/p>\n<p>El Memorando de Entendimiento establec\u00eda el alto el fuego en todos los frentes, la reapertura del <a class=\"internal-link\" href=\"https:\/\/www.dw.com\/es\/estrecho-de-ormuz\/t-76440002\" rel=\"nofollow noopener\" target=\"_blank\">estrecho de Ormuz<\/a> por parte de Ir\u00e1n y el levantamiento de las sanciones y el cerco a buques y puertos iran\u00edes por parte de Estados Unidos, entre otros puntos.<\/p>\n<p>Pero el pulso por el control de Ormuz provoc\u00f3 el regreso a las hostilidades y el bloqueo de nuevo de la ruta mar\u00edtima por la que circulaba el 20 % del crudo mundial antes del comienzo de la guerra el 28 de febrero.<\/p>\n<p>Tras un mes sin ataques, Estados Unidos bombarde\u00f3 el lunes en la isla de Larak dos plataformas para disparar cohetes cargados con minas marinas que Teher\u00e1n se preparaba para lanzar al estrecho de Ormuz, lo que caus\u00f3 la muerte de dos personas.<\/p>\n<p>Ir\u00e1n respondi\u00f3 con ataques contra bases estadounidenses en Jordania y Emiratos \u00c1rabes.<\/p>\n<p><img data-format=\"MASTER_LANDSCAPE\" data-id=\"78584231\" data-url=\"https:\/\/static.dw.com\/image\/78584231_${formatId}.jpg\" data-aspect-ratio=\"16\/9\" alt=\"Foto grupal de los jefes de Estado y de Gobierno de la cumbre de la Organizaci\u00f3n de Cooperaci\u00f3n de Shangh\u00e1i (OCS) en Biskek, Kirguist\u00e1n. (1.09.2026).\" style=\"padding-bottom: 56.25%; height: 0; max-height: 0;\"\/>Foto grupal de los jefes de Estado y de Gobierno de la cumbre de la Organizaci\u00f3n de Cooperaci\u00f3n de Shangh\u00e1i (OCS) en Biskek, Kirguist\u00e1n, el 1 de septiembre de 2026.Imagen: Vyacheslav Prokofyev\/Sputnik\/REUTERS<\/p>\n<p>La OCS defiende la soberan\u00eda de Ir\u00e1n y llama al arreglo pac\u00edfico del conflicto con EE.UU.<\/p>\n<p>La Organizaci\u00f3n de Cooperaci\u00f3n de Shangh\u00e1i (OCS), que incluye a Rusia, China e Ir\u00e1n entre sus miembros, defendi\u00f3 este martes (1.09.2026) la soberan\u00eda e integridad territorial iran\u00ed y llam\u00f3 al arreglo pac\u00edfico del conflicto con Estados Unidos.<\/p>\n<p>\u00abLos pa\u00edses miembros, al reafirmar de nuevo su apoyo a la soberan\u00eda e integridad territorial de la Rep\u00fablica Isl\u00e1mica de Ir\u00e1n, abogan por el arreglo del conflicto exclusivamente por medios pol\u00edtico-diplom\u00e1ticos\u00bb, se\u00f1ala la declaraci\u00f3n emitida tras la cumbre celebrada en la capital kirgu\u00eds, Biskek.<\/p>\n<p>Los l\u00edderes de la organizaci\u00f3n, que cumple este a\u00f1o 25 a\u00f1os desde su fundaci\u00f3n, expresaron \u00abuna profunda preocupaci\u00f3n por la evoluci\u00f3n de los acontecimientos en Oriente Medio y en torno a Ir\u00e1n\u00bb.<\/p>\n<p>Adem\u00e1s, condenaron los ataques contra territorio iran\u00ed que acarrean la muerte de un gran n\u00famero de civiles y graves da\u00f1os a la econom\u00eda del pa\u00eds persa.<\/p>\n<p>\u00abDichas acciones violan los principios y normas del derecho internacional y el estatuto de la ONU, y tambi\u00e9n conllevan graves riesgos para la paz, seguridad y estabilidad mundiales\u00bb, se\u00f1al\u00f3.<\/p>\n<p>Los diez pa\u00edses miembros de la OCS tambi\u00e9n expresaron sus condolencias al pueblo y al gobierno iran\u00ed \u00abpor la tr\u00e1gica muerte del l\u00edder supremo de Ir\u00e1n, Al\u00ed Jamene\u00ed, y a las familias de los fallecidos\u00bb.<\/p>\n<p>A la cumbre asiste el l\u00edder iran\u00ed, Masoud Pezeshkian, quien se reunir\u00e1 m\u00e1s tarde con el presidente ruso, Vladimir Putin, uno de los principales aliados de Teher\u00e1n.<\/p>\n<p>El secretario general de la ONU, Ant\u00f3nio Guterres, quien tambi\u00e9n se encuentra en Kirguist\u00e1n, tach\u00f3 de \u00ablamentable\u00bb la reanudaci\u00f3n de los ataques entre Estados Unidos e Ir\u00e1n, despu\u00e9s de un mes de pausa en las hostilidades.\u00a0<\/p>\n<p>Estados Unidos atac\u00f3 ayer, lunes, la isla iran\u00ed de Larak, a lo que Teher\u00e1n respondi\u00f3 con ataques contra bases estadounidenses en Jordania y Emiratos \u00c1rabes.<\/p>\n<p>CP (efe, afp, rtr)<\/p>\n<p>No dejes que el algoritmo oculte las noticias. Si conf\u00edas en este sitio para obtener informaci\u00f3n confiable, por favor dedica un momento a seleccionarnos como tu fuente preferida en Google:\u00a0<a rel=\"noopener follow nofollow\" target=\"_blank\" class=\"external-link\" href=\"https:\/\/www.google.com\/preferences\/source?q=dw.com\" title=\"Enlace externo \u2014 haz clic aqu\u00ed\">haz clic aqu\u00ed<\/a>\u00a0y marca el casillero o pulsa el bot\u00f3n de DW.com para ver siempre nuestras noticias verificadas en tus preferencias.<\/p>\n","protected":false},"excerpt":{"rendered":"El presidente de Ir\u00e1n, Masoud Pezeshkian, afirm\u00f3 este martes (1.09.2026) que si Estados Unidos cumple con los compromisos&hellip;\n","protected":false},"author":2,"featured_media":741929,"comment_status":"","ping_status":"","sticky":false,"template":"","format":"standard","meta":{"footnotes":""},"categories":[42],"tags":[17,18,13,14,11,61,62,63,64,19,20,9,10,15,16,12,21,22,65,66,67],"class_list":["post-741928","post","type-post","status-publish","format-standard","has-post-thumbnail","category-internacional","tag-breaking-news","tag-breakingnews","tag-featured-news","tag-featurednews","tag-headlines","tag-internacional","tag-international","tag-international-news","tag-internationalnews","tag-latest-news","tag-latestnews","tag-news","tag-noticias","tag-noticias-destacadas","tag-noticiasdestacadas","tag-titulares","tag-ultimas-noticias","tag-ultimasnoticias","tag-world","tag-world-news","tag-worldnews"],"share_on_mastodon":{"url":"https:\/\/pubeurope.com\/@es\/117195496935965758","error":""},"_links":{"self":[{"href":"https:\/\/www.europesays.com\/es\/wp-json\/wp\/v2\/posts\/741928","targetHints":{"allow":["GET"]}}],"collection":[{"href":"https:\/\/www.europesays.com\/es\/wp-json\/wp\/v2\/posts"}],"about":[{"href":"https:\/\/www.europesays.com\/es\/wp-json\/wp\/v2\/types\/post"}],"author":[{"embeddable":true,"href":"https:\/\/www.europesays.com\/es\/wp-json\/wp\/v2\/users\/2"}],"replies":[{"embeddable":true,"href":"https:\/\/www.europesays.com\/es\/wp-json\/wp\/v2\/comments?post=741928"}],"version-history":[{"count":0,"href":"https:\/\/www.europesays.com\/es\/wp-json\/wp\/v2\/posts\/741928\/revisions"}],"wp:featuredmedia":[{"embeddable":true,"href":"https:\/\/www.europesays.com\/es\/wp-json\/wp\/v2\/media\/741929"}],"wp:attachment":[{"href":"https:\/\/www.europesays.com\/es\/wp-json\/wp\/v2\/media?parent=741928"}],"wp:term":[{"taxonomy":"category","embeddable":true,"href":"https:\/\/www.europesays.com\/es\/wp-json\/wp\/v2\/categories?post=741928"},{"taxonomy":"post_tag","embeddable":true,"href":"https:\/\/www.europesays.com\/es\/wp-json\/wp\/v2\/tags?post=741928"}],"curies":[{"name":"wp","href":"https:\/\/api.w.org\/{rel}","templated":true}]}}