{"id":742018,"date":"2026-09-01T12:26:17","date_gmt":"2026-09-01T12:26:17","guid":{"rendered":"https:\/\/www.europesays.com\/es\/742018\/"},"modified":"2026-09-01T12:26:17","modified_gmt":"2026-09-01T12:26:17","slug":"los-pitufos-tambien-quieren-vivir-en-espana-aunque-parece-de-cuento-este-pueblo-azul-es-muy-real-y-esta-en-malaga","status":"publish","type":"post","link":"https:\/\/www.europesays.com\/es\/742018\/","title":{"rendered":"Los Pitufos tambi\u00e9n quieren vivir en Espa\u00f1a: aunque parece de cuento, este pueblo azul es muy real y est\u00e1 en M\u00e1laga"},"content":{"rendered":"<p><strong>\u2026 a un fen\u00f3meno internacional<\/strong><\/p>\n<p>En 2011, la pel\u00edcula estadounidense Los Pitufos (con Neil Patrick Harris y Sof\u00eda Vergara) buscaba un lugar donde celebrar su preestreno mundial. <strong>Una agencia de publicidad madrile\u00f1a propuso pintar las casas de J\u00fazcar de azul<\/strong> <strong>para el evento, previsto en junio, con el fin de crear el primer <a href=\"https:\/\/www.revistaad.es\/lugares\/galerias\/conocemos-pueblos-bonitos-espana\/13346\" target=\"_blank\" rel=\"nofollow noopener\">pueblo<\/a> de los Pitufos del mundo.<\/strong> J\u00fazcar era la candidata ideal: aislado en el bosque, al igual que el Pa\u00eds Maldito del famoso c\u00f3mic, cuenta con unas pocas decenas de viviendas.<\/p>\n<p>Una vez aceptado el proyecto, doce pintores locales utilizaron cerca de 4.000 litros de pintura, transformando todo el pueblo, incluidos sus edificios hist\u00f3ricos y su <a href=\"https:\/\/www.revistaad.es\/articulos\/sagrada-familia-consigue-iglesia-mas-alta-mundo\" target=\"_blank\" rel=\"nofollow noopener\">iglesia<\/a>. <strong>La productora Sony prometi\u00f3 a los vecinos volver a pintar todo de blanco seis meses despu\u00e9s del estreno de la pel\u00edcula<\/strong>; pero, en una consulta p\u00fablica celebrada en diciembre, <strong>los juzcare\u00f1os votaron a favor de mantener el azul en sus fachadas de forma permanente.<\/strong><\/p>\n<p><img decoding=\"async\" alt=\"Hasta 2017 el pueblo estaba decorado con grafitis en honor a los Pitufos.\" loading=\"lazy\" class=\"ResponsiveImageContainer-dkeESL cQPiWi responsive-image__image\"   src=\"https:\/\/www.europesays.com\/es\/wp-content\/uploads\/2026\/09\/GettyImages-1326236674.jpg\"\/><\/p>\n<p>Hasta 2017, el pueblo estaba decorado con grafitis en honor a los Pitufos.<\/p>\n<p>\u00a9 Antonio Carlos Soria Hernandez<\/p>\n<p>Hay que decir que, en apenas seis meses, el <strong><a href=\"https:\/\/www.revistaad.es\/decoracion\/articulos\/decoracion-pueblo\/19982\" target=\"_blank\" rel=\"nofollow noopener\">pueblo<\/a> atrajo a 80.000 visitantes y gener\u00f3 unos ingresos nada desde\u00f1ables.<\/strong> J\u00fazcar se ha hecho mundialmente famoso como \u201cel pueblo de los Pitufos\u201d (el primer pueblo de los Pitufos, tal y como se indica a la entrada) y, adem\u00e1s de su <a href=\"https:\/\/www.revistaad.es\/decoracion\/articulos\/pintura-paredes-segun-proyecto\" target=\"_blank\" rel=\"nofollow noopener\">pintura<\/a> azul, se ha adornado con murales, collages y estatuas de personajes repartidos por sus callejuelas. \u00bfCasualidad? <strong>El municipio tambi\u00e9n alberga un <a href=\"https:\/\/www.admagazine.com\/articulos\/museos-en-espana\" target=\"_blank\" rel=\"nofollow noopener\">museo<\/a> micol\u00f3gico, dedicado a las setas de la regi\u00f3n<\/strong>, sin dejar de evocar las emblem\u00e1ticas viviendas de los Pitufos, concebidas con forma de amanita mosquera (un hongo con sombrero rojo) por su creador, el dibujante belga Peyo, en la d\u00e9cada de 1950. Por \u00faltimo, <strong>cuenta la leyenda que solo un habitante se neg\u00f3 a que pintaran su casa de azul; y que, como es l\u00f3gico, se le apod\u00f3\u2026 Gargamel.<\/strong> El preestreno de Los Pitufos 2, en 2013, tuvo lugar incluso en J\u00fazcar. Todo encaja, hasta 2017.<\/p>\n<p><strong>Un antes y un despu\u00e9s para el pueblo de los Pitufos<\/strong><\/p>\n<p>El pueblo floreci\u00f3 gracias a este nuevo turismo, con <strong>50.000 turistas al a\u00f1o, hasta que, en 2017, las autoridades exigieron a los comerciantes que abonaran el 12 % de los ingresos generados gracias a las referencias a los Pitufos.<\/strong> La empresa heredera de Peyo lo exigi\u00f3, ya que no se hab\u00eda abonado nada desde 2011. Se produjo entonces un litigio que oblig\u00f3 al ayuntamiento a retirar toda alusi\u00f3n a los hombrecitos azules: sus grafitis, su denominaci\u00f3n como pueblo de los Pitufos y sus estatuas. J\u00fazcar volvi\u00f3 entonces a ser un pueblo, en definitiva, corriente\u2026 salvo por su color, \u00a1ya que era imposible cumplir con la obligaci\u00f3n de repintarlo de blanco! <strong>A pesar de ello, el lugar ha perdido desde entonces parte de su esplendor; el color se ha desvanecido y el <a href=\"https:\/\/www.admagazine.fr\/galerie\/vacances-ete-destinations-eviter-france-surtourisme-prix-eleves\" rel=\"nofollow noopener\" target=\"_blank\">turismo<\/a> cada vez va a menos.<\/strong> Pero la ins\u00f3lita historia de J\u00fazcar seguir\u00e1 siempre ligada a los Pitufos \u2014como lo demuestra la dificultad para encontrar im\u00e1genes de su vida anterior, cuando a\u00fan era blanco\u2026<\/p>\n","protected":false},"excerpt":{"rendered":"\u2026 a un fen\u00f3meno internacional En 2011, la pel\u00edcula estadounidense Los Pitufos (con Neil Patrick Harris y Sof\u00eda&hellip;\n","protected":false},"author":2,"featured_media":742019,"comment_status":"","ping_status":"","sticky":false,"template":"","format":"standard","meta":{"footnotes":""},"categories":[91],"tags":[801,33065,146,147,25,24,23,27544],"class_list":["post-742018","post","type-post","status-publish","format-standard","has-post-thumbnail","category-entretenimiento","tag-arquitectura","tag-digital_syndication","tag-entertainment","tag-entretenimiento","tag-es","tag-espana","tag-spain","tag-textabovecenterfullbleed"],"share_on_mastodon":{"url":"https:\/\/pubeurope.com\/@es\/117195781198208750","error":""},"_links":{"self":[{"href":"https:\/\/www.europesays.com\/es\/wp-json\/wp\/v2\/posts\/742018","targetHints":{"allow":["GET"]}}],"collection":[{"href":"https:\/\/www.europesays.com\/es\/wp-json\/wp\/v2\/posts"}],"about":[{"href":"https:\/\/www.europesays.com\/es\/wp-json\/wp\/v2\/types\/post"}],"author":[{"embeddable":true,"href":"https:\/\/www.europesays.com\/es\/wp-json\/wp\/v2\/users\/2"}],"replies":[{"embeddable":true,"href":"https:\/\/www.europesays.com\/es\/wp-json\/wp\/v2\/comments?post=742018"}],"version-history":[{"count":0,"href":"https:\/\/www.europesays.com\/es\/wp-json\/wp\/v2\/posts\/742018\/revisions"}],"wp:featuredmedia":[{"embeddable":true,"href":"https:\/\/www.europesays.com\/es\/wp-json\/wp\/v2\/media\/742019"}],"wp:attachment":[{"href":"https:\/\/www.europesays.com\/es\/wp-json\/wp\/v2\/media?parent=742018"}],"wp:term":[{"taxonomy":"category","embeddable":true,"href":"https:\/\/www.europesays.com\/es\/wp-json\/wp\/v2\/categories?post=742018"},{"taxonomy":"post_tag","embeddable":true,"href":"https:\/\/www.europesays.com\/es\/wp-json\/wp\/v2\/tags?post=742018"}],"curies":[{"name":"wp","href":"https:\/\/api.w.org\/{rel}","templated":true}]}}