{"id":742024,"date":"2026-09-01T12:29:11","date_gmt":"2026-09-01T12:29:11","guid":{"rendered":"https:\/\/www.europesays.com\/es\/742024\/"},"modified":"2026-09-01T12:29:11","modified_gmt":"2026-09-01T12:29:11","slug":"servicios-alemanes-vincularian-a-rusia-con-dron-en-leipzig","status":"publish","type":"post","link":"https:\/\/www.europesays.com\/es\/742024\/","title":{"rendered":"Servicios alemanes vincular\u00edan a Rusia con dron en Leipzig"},"content":{"rendered":"<p>Los servicios de seguridad de <a class=\"internal-link\" href=\"https:\/\/www.dw.com\/es\/alemania\/t-17411625\" rel=\"nofollow noopener\" target=\"_blank\">Alemania<\/a>\u00a0apuntar\u00edan\u00a0a <a class=\"internal-link\" href=\"https:\/\/www.dw.com\/es\/rusia\/t-17410119\" rel=\"nofollow noopener\" target=\"_blank\">Rusia<\/a>\u00a0como responsable de lo que el Gobierno alem\u00e1n considera <a class=\"internal-link\" href=\"https:\/\/www.dw.com\/es\/merz-afirma-que-autores-de-intento-de-ataque-con-drones-en-aeropuerto-de-leipzig-pagar\u00e1n-por-ello\/a-78494380\" rel=\"nofollow noopener\" target=\"_blank\">\u00abun ataque h\u00edbrido\u00bb con drones en el aeropuerto de Leipzig<\/a>, en el este germano, dado que <a class=\"internal-link\" href=\"https:\/\/www.dw.com\/es\/dron-con-explosivos-en-leipzig-hechos-e-interrogantes\/a-78271749\" rel=\"nofollow noopener\" target=\"_blank\">uno de esos sistemas<\/a>, cargado con material detonante, conduce presuntamente al espionaje ruso, informaron\u00a0este martes (1.09.2026) el diario alem\u00e1n Bild y la agencia noticiosa Reuters.<\/p>\n<p>El peri\u00f3dico Bild, que cit\u00f3 a fuentes de los servicios de seguridad, a las que tambi\u00e9n tuvo acceso Reuters, indic\u00f3 que \u00abel rastro del\u00a0\u00a0<a class=\"internal-link\" href=\"https:\/\/www.dw.com\/es\/alemania-vulnerable-ante-la-amenaza-de-los-drones\/a-78358195\" rel=\"nofollow noopener\" target=\"_blank\">dron cargado de explosivos<\/a> parece conducir a un servicio de inteligencia ruso\u00bb al aludir a uno de los sistemas encontrados en el aeropuerto de Leipzig el pasado 4 de agosto.<\/p>\n<p>Bild tambi\u00e9n se\u00f1al\u00f3 que tanto el ministro del Interior, <a class=\"internal-link\" href=\"https:\/\/www.dw.com\/es\/dobrindt-alexander\/t-73068174\" rel=\"nofollow noopener\" target=\"_blank\">Alexander Dobrindt<\/a>, como el titular de Asuntos Exteriores, <a class=\"internal-link\" href=\"https:\/\/www.dw.com\/es\/johann-wadephul\/t-74867060\" rel=\"nofollow noopener\" target=\"_blank\">Johann Wadephul<\/a>, quieren informar este martes sobre lo ocurrido.<\/p>\n<p><img data-format=\"MASTER_LANDSCAPE\" data-id=\"78257466\" data-url=\"https:\/\/static.dw.com\/image\/78257466_${formatId}.jpg\" data-aspect-ratio=\"16\/9\" alt=\"Un t\u00e9cnico forense trabaja cerca de un avi\u00f3n ucraniano en el aeropuerto alem\u00e1n de Leipzig\/Halle. (5.08.2026).\" style=\"padding-bottom: 56.25%; height: 0; max-height: 0;\"\/>Tras el incidente con drones ocurrido durante la noche del 4.08.2026 en el aeropuerto alem\u00e1n de Leipzig\/Halle, especialistas de la Polic\u00eda Federal desactivaron un dron que portaba un artefacto explosivo. (5.08.2026).Imagen: Hendrik Schmidt\/dpa\/picture alliance<\/p>\n<p>Tras el hallazgo en la noche del 4 de agosto pasado en el aeropuerto alem\u00e1n de Leipzig de un dron dotado de una <a class=\"internal-link\" href=\"https:\/\/www.dw.com\/es\/tras-hallar-dron-explosivo-en-aeropuerto-alemania-busca-otro-objeto-sospechoso\/a-78265700\" rel=\"nofollow noopener\" target=\"_blank\">carga explosiva<\/a> y la supuesta colisi\u00f3n, poco despu\u00e9s, de un segund\u00f3 veh\u00edculo a\u00e9reo no tripulado con un avi\u00f3n de carga de DHL, investigadores descubrieron diez d\u00edas m\u00e1s tarde un tercero de esos aparatos, as\u00ed como explosivos, seg\u00fan informaron la semana pasada las cadenas p\u00fablicas regionales WDR y NDR y el diario S\u00fcddeutsche Zeitung.<\/p>\n<p>Esos medios, que tambi\u00e9n citaron fuentes de los organismos de seguridad, apuntaron que el tercer dron fue hallado a primera hora de la tarde del 14 de agosto en un campo de Kabelsketal, en el estado federado de Sajonia-Anhalt, que limita directamente con la parte oeste del aeropuerto de Leipzig, en Sajonia.<\/p>\n<p>El canciller alem\u00e1n, <a class=\"internal-link\" href=\"https:\/\/www.dw.com\/es\/friedrich-merz\/t-46095056\" rel=\"nofollow noopener\" target=\"_blank\">Friedrich Merz<\/a>, dijo el domingo que Alemania responder\u00e1 en los pr\u00f3ximos d\u00edas, en una reacci\u00f3n consensuada con la <a class=\"internal-link\" href=\"https:\/\/www.dw.com\/es\/uni\u00f3n-europea\/t-17410587\" rel=\"nofollow noopener\" target=\"_blank\">Uni\u00f3n Europea<\/a> y los socios de la <a class=\"internal-link\" href=\"https:\/\/www.dw.com\/es\/otan\/t-17409693\" rel=\"nofollow noopener\" target=\"_blank\">OTAN<\/a>, al hallazgo de los drones en Leipzig.<\/p>\n<p>\u00abEstamos a punto de concluir las investigaciones. Tenemos un amplio consenso en el Gobierno sobre c\u00f3mo reaccionar y lo expresaremos con claridad en los pr\u00f3ximos d\u00edas. No tardar\u00e1 mucho m\u00e1s\u00bb, dijo el canciller durante la tradicional \u00abentrevista de verano\u00bb de la cadena p\u00fablica alemana ARD.<\/p>\n<p>No dejes que el algoritmo oculte las noticias. Si conf\u00edas en este sitio para obtener informaci\u00f3n confiable, por favor dedica un momento a seleccionarnos como tu fuente preferida en Google:\u00a0<a rel=\"noopener follow nofollow\" target=\"_blank\" class=\"external-link\" href=\"https:\/\/www.google.com\/preferences\/source?q=dw.com\" title=\"Enlace externo \u2014 haz clic aqu\u00ed\">haz clic aqu\u00ed<\/a>\u00a0y marca el casillero o pulsa el bot\u00f3n de DW.com para ver siempre nuestras noticias verificadas en tus preferencias.<\/p>\n<p>CP (efe, dpa, rtr)<\/p>\n","protected":false},"excerpt":{"rendered":"Los servicios de seguridad de Alemania\u00a0apuntar\u00edan\u00a0a Rusia\u00a0como responsable de lo que el Gobierno alem\u00e1n considera \u00abun ataque h\u00edbrido\u00bb&hellip;\n","protected":false},"author":2,"featured_media":742025,"comment_status":"","ping_status":"","sticky":false,"template":"","format":"standard","meta":{"footnotes":""},"categories":[42],"tags":[17,18,13,14,11,61,62,63,64,19,20,9,10,15,16,12,21,22,65,66,67],"class_list":["post-742024","post","type-post","status-publish","format-standard","has-post-thumbnail","category-internacional","tag-breaking-news","tag-breakingnews","tag-featured-news","tag-featurednews","tag-headlines","tag-internacional","tag-international","tag-international-news","tag-internationalnews","tag-latest-news","tag-latestnews","tag-news","tag-noticias","tag-noticias-destacadas","tag-noticiasdestacadas","tag-titulares","tag-ultimas-noticias","tag-ultimasnoticias","tag-world","tag-world-news","tag-worldnews"],"share_on_mastodon":{"url":"https:\/\/pubeurope.com\/@es\/117195791936585569","error":""},"_links":{"self":[{"href":"https:\/\/www.europesays.com\/es\/wp-json\/wp\/v2\/posts\/742024","targetHints":{"allow":["GET"]}}],"collection":[{"href":"https:\/\/www.europesays.com\/es\/wp-json\/wp\/v2\/posts"}],"about":[{"href":"https:\/\/www.europesays.com\/es\/wp-json\/wp\/v2\/types\/post"}],"author":[{"embeddable":true,"href":"https:\/\/www.europesays.com\/es\/wp-json\/wp\/v2\/users\/2"}],"replies":[{"embeddable":true,"href":"https:\/\/www.europesays.com\/es\/wp-json\/wp\/v2\/comments?post=742024"}],"version-history":[{"count":0,"href":"https:\/\/www.europesays.com\/es\/wp-json\/wp\/v2\/posts\/742024\/revisions"}],"wp:featuredmedia":[{"embeddable":true,"href":"https:\/\/www.europesays.com\/es\/wp-json\/wp\/v2\/media\/742025"}],"wp:attachment":[{"href":"https:\/\/www.europesays.com\/es\/wp-json\/wp\/v2\/media?parent=742024"}],"wp:term":[{"taxonomy":"category","embeddable":true,"href":"https:\/\/www.europesays.com\/es\/wp-json\/wp\/v2\/categories?post=742024"},{"taxonomy":"post_tag","embeddable":true,"href":"https:\/\/www.europesays.com\/es\/wp-json\/wp\/v2\/tags?post=742024"}],"curies":[{"name":"wp","href":"https:\/\/api.w.org\/{rel}","templated":true}]}}