{"id":742036,"date":"2026-09-01T12:41:32","date_gmt":"2026-09-01T12:41:32","guid":{"rendered":"https:\/\/www.europesays.com\/es\/742036\/"},"modified":"2026-09-01T12:41:32","modified_gmt":"2026-09-01T12:41:32","slug":"anne-igartiburu-comparte-una-foto-con-su-hija-y-hace-una-reflexion-no-podemos-vivir-sus-vidas-por-ellos","status":"publish","type":"post","link":"https:\/\/www.europesays.com\/es\/742036\/","title":{"rendered":"Anne Igartiburu comparte una foto con su hija y hace una reflexi\u00f3n: \u00abNo podemos vivir sus vidas por ellos\u00bb"},"content":{"rendered":"<p class=\"c-paragraph\">Suele reservar su perfil de Instagram para sus proyectos profesionales, pero este lunes <a href=\"https:\/\/www.20minutos.es\/tags\/personas\/anne-igartiburu.html\" title=\"Anne Igartiburu\" rel=\"nofollow noopener\" target=\"_blank\">Anne Igartiburu<\/a> se sali\u00f3 de la norma para publicar una <b>foto con su hija Carmen<\/b> y aprovech\u00f3 para lanzar una reflexi\u00f3n sobre la maternidad.<\/p>\n<p class=\"c-paragraph\">\u00ab<b>Acompa\u00f1ar no siempre significa decidir por ellos<\/b>\u00ab, escribi\u00f3 la presentadora de D Coraz\u00f3n\u00a0en un post\u00a0en el que comparti\u00f3 una imagen jugando a los bolos con la peque\u00f1a, deporte que ha utilizado como met\u00e1fora del aprendizaje.<\/p>\n<p class=\"c-paragraph\">La comunicadora es <b>madre de tres hijos<\/b>: Noa (16 a\u00f1os), a la que adopt\u00f3 en el 2000 en India; Carmen (15), adoptada en 2011 en Vietnam; y\u00a0Nicol\u00e1s (10), fruto de su matrimonio con el director Pablo Heras-Casado, que dur\u00f3 de 2015 a 2021.<\/p>\n<p class=\"c-paragraph\">Pero ha sido con Carmen con la que ha posado para dejar claro que no quiere evitar cada tropiezo de su hija ni decirle que todo saldr\u00e1 como espera, sino para \u00ab<b>estar cerca mientras aprende a elegir su propio camino<\/b>\u00ab.<\/p>\n<p class=\"c-paragraph\">\u00abTenemos una responsabilidad preciosa: darles confianza y herramientas para que puedan tomar sus propias decisiones, incluso cuando sabemos que pueden equivocarse\u00bb, escribi\u00f3. \u00ab<b>Ense\u00f1arles que un resultado que no llega a la primera no es un fracaso<\/b>, que volver a intentarlo tambi\u00e9n forma parte del camino y que su valor nunca depende de acertar siempre\u00bb.<\/p>\n<p class=\"c-paragraph\">Anne Igartiburu opin\u00f3 que, a veces, hay que aprender a quedarse \u00abun poquito detr\u00e1s\u00bb, pero estando \u00ab<b>lo suficientemente cerca para que sepan\u00bb que siguen ah\u00ed.<\/b><\/p>\n<p class=\"c-paragraph\">\u00abPorque una de las formas m\u00e1s bonitas de querer a nuestros hijos es esa: confiar en ellos incluso antes de que ellos mismos descubran cu\u00e1nto pueden confiar en s\u00ed mismos\u00bb, reflexion\u00f3. \u00abDarles ra\u00edces, darles alas y, sobre todo, <b>ofrecerles ese lugar seguro al que puedan volver<\/b> cuando lo necesiten. Con cari\u00f1o. Con paciencia. Con firmeza. Sin juzgar\u00bb.<\/p>\n<p class=\"c-paragraph\">\u00abNo podemos vivir sus vidas por ellos, pero s\u00ed <b>podemos hacerles sentir que nunca tendr\u00e1n que vivirlas solos<\/b>\u00ab, concluy\u00f3 el rostro de RTVE.<\/p>\n","protected":false},"excerpt":{"rendered":"Suele reservar su perfil de Instagram para sus proyectos profesionales, pero este lunes Anne Igartiburu se sali\u00f3 de&hellip;\n","protected":false},"author":2,"featured_media":742037,"comment_status":"","ping_status":"","sticky":false,"template":"","format":"standard","meta":{"footnotes":""},"categories":[174],"tags":[9526,255,1994,146,147,25,24,256,19676,16739,23,20877],"class_list":["post-742036","post","type-post","status-publish","format-standard","has-post-thumbnail","category-famosos","tag-anne","tag-celebrities","tag-comparte","tag-entertainment","tag-entretenimiento","tag-es","tag-espana","tag-famosos","tag-foto","tag-igartiburu","tag-spain","tag-una"],"share_on_mastodon":{"url":"https:\/\/pubeurope.com\/@es\/117195839035806784","error":""},"_links":{"self":[{"href":"https:\/\/www.europesays.com\/es\/wp-json\/wp\/v2\/posts\/742036","targetHints":{"allow":["GET"]}}],"collection":[{"href":"https:\/\/www.europesays.com\/es\/wp-json\/wp\/v2\/posts"}],"about":[{"href":"https:\/\/www.europesays.com\/es\/wp-json\/wp\/v2\/types\/post"}],"author":[{"embeddable":true,"href":"https:\/\/www.europesays.com\/es\/wp-json\/wp\/v2\/users\/2"}],"replies":[{"embeddable":true,"href":"https:\/\/www.europesays.com\/es\/wp-json\/wp\/v2\/comments?post=742036"}],"version-history":[{"count":0,"href":"https:\/\/www.europesays.com\/es\/wp-json\/wp\/v2\/posts\/742036\/revisions"}],"wp:featuredmedia":[{"embeddable":true,"href":"https:\/\/www.europesays.com\/es\/wp-json\/wp\/v2\/media\/742037"}],"wp:attachment":[{"href":"https:\/\/www.europesays.com\/es\/wp-json\/wp\/v2\/media?parent=742036"}],"wp:term":[{"taxonomy":"category","embeddable":true,"href":"https:\/\/www.europesays.com\/es\/wp-json\/wp\/v2\/categories?post=742036"},{"taxonomy":"post_tag","embeddable":true,"href":"https:\/\/www.europesays.com\/es\/wp-json\/wp\/v2\/tags?post=742036"}],"curies":[{"name":"wp","href":"https:\/\/api.w.org\/{rel}","templated":true}]}}