{"id":742052,"date":"2026-09-01T12:52:18","date_gmt":"2026-09-01T12:52:18","guid":{"rendered":"https:\/\/www.europesays.com\/es\/742052\/"},"modified":"2026-09-01T12:52:18","modified_gmt":"2026-09-01T12:52:18","slug":"la-distancia-como-oportunidad-politica-exterior","status":"publish","type":"post","link":"https:\/\/www.europesays.com\/es\/742052\/","title":{"rendered":"La distancia como oportunidad | Pol\u00edtica Exterior"},"content":{"rendered":"<p>\n            India no busca alianzas, sino una diversidad de socios intercambiables. Los europeos no deben esperar alineamiento, sino presencia y oportunidades.        <\/p>\n<p class=\"p1\">En el D\u00eda de la Rep\u00fablica, los embajadores acreditados en Nueva Delhi asisten a la ceremonia del palacio presidencial separados de los ministros indios por gruesas cuerdas que nadie puede cruzar. La imagen, que Javier Elorza recoge entre los recuerdos de su etapa como embajador de Espa\u00f1a en India (2011-2012), condensa la idea que recorre el libro: la distancia. Distancia f\u00edsica, protocolaria, cultural y estrat\u00e9gica entre India y Europa y, muy en particular, entre India y Espa\u00f1a, dos pa\u00edses que se conocen mal y apenas se han necesitado, como constata el autor sin camuflajes.<\/p>\n<p><img loading=\"lazy\" decoding=\"async\" class=\"alignnone wp-image-370845 size-medium\" src=\"https:\/\/www.europesays.com\/es\/wp-content\/uploads\/2026\/09\/61H5hH3PirL._SL1190_-202x300.jpg\" alt=\"\" width=\"202\" height=\"300\"  \/><br \/>La India: \u00bfpotencia mundial?,\u00bftigre o pavo real?<br \/>Javier Elorza<br \/>Cuadernos del Laberinto (colecci\u00f3n La Valija Diplom\u00e1tica, n.\u00ba 72)<br \/>Madrid, 2026<br \/>156 p\u00e1gs.<\/p>\n<p class=\"p3\">Elorza es una de las voces autorizadas de la diplomacia espa\u00f1ola de las \u00faltimas d\u00e9cadas: negociador de los tratados de Maastricht y \u00c1msterdam, dos veces representante permanente ante la Uni\u00f3n Europea y embajador en Francia, Rusia, India e Italia. Su anterior libro, Una pica en Flandes (2023), es una espl\u00e9ndida cr\u00f3nica de la huella de Espa\u00f1a en la construcci\u00f3n europea, y un manual sobre c\u00f3mo se negocia y se decide en las instituciones europeas. Los lectores encontrar\u00e1n en La India: \u00bfpotencia mundial?, \u00bftigre o pavo real? un cambio de escala deliberado: del negociador comunitario al observador de una potencia emergente. Y comprobar\u00e1n que la mirada afilada viaja bien.<\/p>\n<p class=\"p3\">El paso de Elorza por Nueva Delhi fue breve, apenas 14 meses, pero esa fugacidad juega a favor del libro: lo que el diplom\u00e1tico intuy\u00f3 entonces no ha hecho m\u00e1s que confirmarse. India es hoy el pa\u00eds m\u00e1s poblado del planeta (1.441 millones de habitantes), la quinta econom\u00eda mundial y, seg\u00fan las proyecciones que el autor examina con saludable escepticismo, la tercera hacia 2030.<\/p>\n<p class=\"p3\">El interrogante del t\u00edtulo estructura el an\u00e1lisis: \u00bftigre asi\u00e1tico o pavo\u2026<\/p>\n<p>INICIA SESI\u00d3N PARA SEGUIR LEYENDO<\/p>\n<p>Solo con tener una cuenta ya puedes leer este art\u00edculo, es gratis.<\/p>\n<p class=\"p1\"><b>\u00c1urea Molt\u00f3 <\/b>es directora de REDElcano en el Real Instituto Elcano.<\/p>\n<p>\u00a0<\/p>\n<p>                                                            <a href=\"https:\/\/www.politicaexterior.com\/autores\/aurea-molto\/\" rel=\"nofollow noopener\" target=\"_blank\">\u00a0\u00a0Otros art\u00edculos de \u00c1urea Molt\u00f3<\/a><\/p>\n","protected":false},"excerpt":{"rendered":"India no busca alianzas, sino una diversidad de socios intercambiables. Los europeos no deben esperar alineamiento, sino presencia&hellip;\n","protected":false},"author":2,"featured_media":742053,"comment_status":"","ping_status":"","sticky":false,"template":"","format":"standard","meta":{"footnotes":""},"categories":[42],"tags":[17,18,13,14,11,61,62,63,64,19,20,9,10,15,16,12,21,22,65,66,67],"class_list":["post-742052","post","type-post","status-publish","format-standard","has-post-thumbnail","category-internacional","tag-breaking-news","tag-breakingnews","tag-featured-news","tag-featurednews","tag-headlines","tag-internacional","tag-international","tag-international-news","tag-internationalnews","tag-latest-news","tag-latestnews","tag-news","tag-noticias","tag-noticias-destacadas","tag-noticiasdestacadas","tag-titulares","tag-ultimas-noticias","tag-ultimasnoticias","tag-world","tag-world-news","tag-worldnews"],"share_on_mastodon":{"url":"https:\/\/pubeurope.com\/@es\/117195883503016764","error":""},"_links":{"self":[{"href":"https:\/\/www.europesays.com\/es\/wp-json\/wp\/v2\/posts\/742052","targetHints":{"allow":["GET"]}}],"collection":[{"href":"https:\/\/www.europesays.com\/es\/wp-json\/wp\/v2\/posts"}],"about":[{"href":"https:\/\/www.europesays.com\/es\/wp-json\/wp\/v2\/types\/post"}],"author":[{"embeddable":true,"href":"https:\/\/www.europesays.com\/es\/wp-json\/wp\/v2\/users\/2"}],"replies":[{"embeddable":true,"href":"https:\/\/www.europesays.com\/es\/wp-json\/wp\/v2\/comments?post=742052"}],"version-history":[{"count":0,"href":"https:\/\/www.europesays.com\/es\/wp-json\/wp\/v2\/posts\/742052\/revisions"}],"wp:featuredmedia":[{"embeddable":true,"href":"https:\/\/www.europesays.com\/es\/wp-json\/wp\/v2\/media\/742053"}],"wp:attachment":[{"href":"https:\/\/www.europesays.com\/es\/wp-json\/wp\/v2\/media?parent=742052"}],"wp:term":[{"taxonomy":"category","embeddable":true,"href":"https:\/\/www.europesays.com\/es\/wp-json\/wp\/v2\/categories?post=742052"},{"taxonomy":"post_tag","embeddable":true,"href":"https:\/\/www.europesays.com\/es\/wp-json\/wp\/v2\/tags?post=742052"}],"curies":[{"name":"wp","href":"https:\/\/api.w.org\/{rel}","templated":true}]}}