{"id":742060,"date":"2026-09-01T13:00:11","date_gmt":"2026-09-01T13:00:11","guid":{"rendered":"https:\/\/www.europesays.com\/es\/742060\/"},"modified":"2026-09-01T13:00:11","modified_gmt":"2026-09-01T13:00:11","slug":"vuelta-a-espana-carlos-rodriguez-el-principal-obstaculo-ha-sido-mental-esciclismo","status":"publish","type":"post","link":"https:\/\/www.europesays.com\/es\/742060\/","title":{"rendered":"Vuelta a Espa\u00f1a: Carlos Rodr\u00edguez: &quot;El principal obst\u00e1culo ha sido mental&quot; &#8211; Esciclismo"},"content":{"rendered":"<ol>\n<li><a href=\"https:\/\/news.google.com\/rss\/articles\/CBMiakFVX3lxTFBBcGdfbEMwcFdaZTZEVTJPcWNHblR6LUhhUDBxeHpfbFBUS0JGdGx0Q3NRZDJ3WUMxMi03cU1nSnYxRkhmZWRFYVFwajc5akZZX1ZQTDRsV3VIZzJqRGFveGt4VGdxRnpETWc?oc=5\" target=\"_blank\" rel=\"nofollow noopener\">Vuelta a Espa\u00f1a: Carlos Rodr\u00edguez: \u00abEl principal obst\u00e1culo ha sido mental\u00bb<\/a>&nbsp;&nbsp;Esciclismo<\/li>\n<li><a href=\"https:\/\/news.google.com\/rss\/articles\/CBMingFBVV95cUxQTGdHYUZCNW9ka3VQcmM3NllRZzFocF9IZDlUQnVuVHpCcHRHMnVYazRGR1BodkJnbUpJUjRGVUtna3RJaDlRMVVmVUJGalNfOG9QRGxBdHFvOWV5RkVwbGZVZlZMQ2V3aXRtaDFHRGJLTFVRUzBFUXc0T0N6NjFYWnhEQ09HQ19IQ21DUGpjZm1fLVhnd25Yd3Q5M0hRZw?oc=5\" target=\"_blank\" rel=\"nofollow noopener\">Carlos Rodr\u00edguez: \u00abEl principal obst\u00e1culo en La Vuelta ha sido mental\u00bb<\/a>&nbsp;&nbsp;granadahoy.com<\/li>\n<li><a href=\"https:\/\/news.google.com\/rss\/articles\/CBMi6wFBVV95cUxPVXZVM25BTjhLc041bndRc1dPOE5WaWhhanRRMmdFNE81Q2xnalU5b1Q0WkQwUUpoLV9VcUtySlFLbFVmTzh2THNoY0dxNVkwWHNXR0tvUFE3TVo3elBVbUFTNGRQSUhzSnFjU0hlOHF3QU5DcXBsM2I5RVM1NHZxdGZUSlFMT3BWbm9jX0ZKZXctNDRhXzhRd1k1ZWNTZnZsWHBhT2J1MFQtNThiOWZYakRLNk9kcVJMTnY5blpTRTM2RHdNUUN2aDUtcjhsY1FYTkVCdUtUTzRiQW1ZVVJBcnhyYVotajZ6TjMw0gHwAUFVX3lxTE9yR3d1NjRSbDRXZ0dGeGpsVXg4cjV3XzV0Q3BuaEhVVndnZGJFMk5rTHc5VWNQQXdUMmRmMXllUFFqSmsycTFlMEo2RVFyeXh1bG50cUNFM0FUWktaVHp6UHVKU05BNkw4R1UwUlVyQloyeXdvNGszdUQyMDVzSTRnci14V3JkQzctUm82QjZJbk55cU9DcExxaGYycUwxX19kWF8zZEd4M1R5OElnQ2xqbmU0bWRIeUtDOUpOUGs2YVhGeGZPZDJrbUNYTUdPc05QN1ZCTVVjY1pKZHhzdVdpREsxQW5MMS1UN0QxTUkxYQ?oc=5\" target=\"_blank\" rel=\"nofollow noopener\">El Ineos se cansa de Carlos Rodr\u00edguez y le quiere \u2018dar la patada\u2019 ante su en\u00e9sima decepci\u00f3n en la Vuelta a Espa\u00f1a<\/a>&nbsp;&nbsp;Diario del Triatl\u00f3n<\/li>\n<li><a href=\"https:\/\/news.google.com\/rss\/articles\/CBMiqAFBVV95cUxNZzg2LUhweDYwbVpEaFhTYkxlRHY5OFpxMzc2MzFFanZZYmpuaEZTUXdUcTVnSjdCbGtuSnd5QmlKaWRaVXVhTGZndVQxeUhJVnFlYTQ5YlBDWVVDTlFUa1V2SV9PcFVsV0NDUEh5WlduTmpxS2hQZ3dOY04xZFVud1FlYUJlNmlUenNsVHRzYVhIMXlkS3NFMDVmZF9SbW15dkRieldsWDk?oc=5\" target=\"_blank\" rel=\"nofollow noopener\">Carlos Rodr\u00edguez da paso a Oscar Onley<\/a>&nbsp;&nbsp;ideal.es<\/li>\n<li><a href=\"https:\/\/news.google.com\/rss\/articles\/CBMifkFVX3lxTE1RWmoxeUpidEhsdDNydUJ1d3hJUnMwWHFzNWhKaTJjZHh4dUhiTW53LVJzY1FvTTZPcnhzYmY5M1BnSjItbG4zQnlrSUo2RzNpbkphOFc1bm5uMER3Vm9maFppb1JrYld4M0M0SmpNbFpkek5CNDZmUGY1Zl9QUQ?oc=5\" target=\"_blank\" rel=\"nofollow noopener\">Carlos Rodr\u00edguez: \u00abNo he estado donde quer\u00eda estar\u00bb<\/a>&nbsp;&nbsp;Ciclo21<\/li>\n<\/ol>\n","protected":false},"excerpt":{"rendered":"Vuelta a Espa\u00f1a: Carlos Rodr\u00edguez: \u00abEl principal obst\u00e1culo ha sido mental\u00bb&nbsp;&nbsp;Esciclismo Carlos Rodr\u00edguez: \u00abEl principal obst\u00e1culo en La&hellip;\n","protected":false},"author":2,"featured_media":742061,"comment_status":"","ping_status":"","sticky":false,"template":"","format":"standard","meta":{"footnotes":""},"categories":[273],"tags":[5791,1067,415,313,1757,312,17172,168,987,158,25,24,1489,4351,9189,1141,8834,8471,3956,17507,15813,4712,591,5137,4214,2812,58102,3579,10299,105089,15068,6816,416,3745,773,34845,19434,23,167,1357],"class_list":["post-742060","post","type-post","status-publish","format-standard","has-post-thumbnail","category-ciclismo","tag-alcanzar","tag-cabeza","tag-carlos","tag-ciclismo","tag-ciclista","tag-cycling","tag-decepcion","tag-deportes","tag-despues","tag-el","tag-es","tag-espana","tag-espanol","tag-espera","tag-esperaba","tag-estar","tag-factor","tag-fuera","tag-gran","tag-hubo","tag-ineos","tag-inicio","tag-lucha","tag-maximo","tag-mental","tag-momento","tag-n","tag-nivel","tag-obstaculo","tag-ompany","tag-principal","tag-puestos","tag-rodriguez","tag-segunda","tag-semana","tag-senti","tag-sigo","tag-spain","tag-sports","tag-vuelta"],"share_on_mastodon":{"url":"https:\/\/pubeurope.com\/@es\/117195913442112657","error":""},"_links":{"self":[{"href":"https:\/\/www.europesays.com\/es\/wp-json\/wp\/v2\/posts\/742060","targetHints":{"allow":["GET"]}}],"collection":[{"href":"https:\/\/www.europesays.com\/es\/wp-json\/wp\/v2\/posts"}],"about":[{"href":"https:\/\/www.europesays.com\/es\/wp-json\/wp\/v2\/types\/post"}],"author":[{"embeddable":true,"href":"https:\/\/www.europesays.com\/es\/wp-json\/wp\/v2\/users\/2"}],"replies":[{"embeddable":true,"href":"https:\/\/www.europesays.com\/es\/wp-json\/wp\/v2\/comments?post=742060"}],"version-history":[{"count":0,"href":"https:\/\/www.europesays.com\/es\/wp-json\/wp\/v2\/posts\/742060\/revisions"}],"wp:featuredmedia":[{"embeddable":true,"href":"https:\/\/www.europesays.com\/es\/wp-json\/wp\/v2\/media\/742061"}],"wp:attachment":[{"href":"https:\/\/www.europesays.com\/es\/wp-json\/wp\/v2\/media?parent=742060"}],"wp:term":[{"taxonomy":"category","embeddable":true,"href":"https:\/\/www.europesays.com\/es\/wp-json\/wp\/v2\/categories?post=742060"},{"taxonomy":"post_tag","embeddable":true,"href":"https:\/\/www.europesays.com\/es\/wp-json\/wp\/v2\/tags?post=742060"}],"curies":[{"name":"wp","href":"https:\/\/api.w.org\/{rel}","templated":true}]}}