{"id":742064,"date":"2026-09-01T13:03:25","date_gmt":"2026-09-01T13:03:25","guid":{"rendered":"https:\/\/www.europesays.com\/es\/742064\/"},"modified":"2026-09-01T13:03:25","modified_gmt":"2026-09-01T13:03:25","slug":"diego-caballo-vuelve-a-casa-para-vestir-de-blanquinegro","status":"publish","type":"post","link":"https:\/\/www.europesays.com\/es\/742064\/","title":{"rendered":"Diego Caballo vuelve a casa para vestir de blanquinegro"},"content":{"rendered":"<p>\u00a0<\/p>\n<p style=\"text-align: justify;\"><strong>Unionistas de Salamanca<\/strong> ha llegado a un <strong>acuerdo<\/strong> con <strong>Diego Caballo<\/strong> para que el lateral se incorpore a la disciplina blanquinegra de cara a la <strong>temporada 2026\/27<\/strong>, con opci\u00f3n a otra en funci\u00f3n de objetivos.<\/p>\n<p style=\"text-align: justify;\">Nacido en <strong>Salamanca<\/strong>, el nuevo jugador de Unionistas cuenta con una amplia trayectoria en el f\u00fatbol profesional. Formado en la cantera del <strong>Real Madrid CF<\/strong>, lleg\u00f3 a jugar con el <strong>Real Madrid Castilla<\/strong> antes de pasar por el <strong>Valencia Mestalla<\/strong> y el <strong>RC Deportivo de La Coru\u00f1a.<\/strong><\/p>\n<p style=\"text-align: justify;\">Caballo acumula <strong>casi 90 partidos en Segunda Divisi\u00f3n<\/strong>, categor\u00eda en la que defendi\u00f3 tambi\u00e9n las camisetas del <strong>Extremadura UD<\/strong> y el <strong>Albacete Balompi\u00e9<\/strong>, adem\u00e1s del conjunto coru\u00f1\u00e9s. Tambi\u00e9n fue <strong>internacional<\/strong> con la <strong>selecci\u00f3n espa\u00f1ola sub\u201917<\/strong>.<\/p>\n<p style=\"text-align: justify;\">Su trayectoria le ha llevado al f\u00fatbol internacional, con etapas en el <strong>Sydney FC<\/strong> australiano y el <strong>Aalborg BK<\/strong> dan\u00e9s. En Espa\u00f1a, el salmantino ha militado recientemente en el <strong>CE Sabadell<\/strong> , <strong>CF Intercity<\/strong> y el <strong>CD Lugo<\/strong>, club del que procede.<\/p>\n<p style=\"text-align: justify;\"><strong>Lateral izquierdo<\/strong> que tambi\u00e9n puede desenvolverse de <strong>extremo<\/strong>, Diego Caballo regresa a su ciudad para incorporarse a Unionistas de Salamanca.<\/p>\n<p style=\"text-align: justify;\"><strong>\u00a1Bienvenido a casa, Diego!<\/strong><\/p>\n","protected":false},"excerpt":{"rendered":"\u00a0 Unionistas de Salamanca ha llegado a un acuerdo con Diego Caballo para que el lateral se incorpore&hellip;\n","protected":false},"author":2,"featured_media":742065,"comment_status":"","ping_status":"","sticky":false,"template":"","format":"standard","meta":{"footnotes":""},"categories":[268],"tags":[12139,168,131627,25,24,557,280,282,281,23,167],"class_list":["post-742064","post","type-post","status-publish","format-standard","has-post-thumbnail","category-futbol","tag-caballo","tag-deportes","tag-diego-caballo","tag-es","tag-espana","tag-fichaje","tag-football","tag-futbol","tag-soccer","tag-spain","tag-sports"],"share_on_mastodon":{"url":"https:\/\/pubeurope.com\/@es\/117195925855320743","error":""},"_links":{"self":[{"href":"https:\/\/www.europesays.com\/es\/wp-json\/wp\/v2\/posts\/742064","targetHints":{"allow":["GET"]}}],"collection":[{"href":"https:\/\/www.europesays.com\/es\/wp-json\/wp\/v2\/posts"}],"about":[{"href":"https:\/\/www.europesays.com\/es\/wp-json\/wp\/v2\/types\/post"}],"author":[{"embeddable":true,"href":"https:\/\/www.europesays.com\/es\/wp-json\/wp\/v2\/users\/2"}],"replies":[{"embeddable":true,"href":"https:\/\/www.europesays.com\/es\/wp-json\/wp\/v2\/comments?post=742064"}],"version-history":[{"count":0,"href":"https:\/\/www.europesays.com\/es\/wp-json\/wp\/v2\/posts\/742064\/revisions"}],"wp:featuredmedia":[{"embeddable":true,"href":"https:\/\/www.europesays.com\/es\/wp-json\/wp\/v2\/media\/742065"}],"wp:attachment":[{"href":"https:\/\/www.europesays.com\/es\/wp-json\/wp\/v2\/media?parent=742064"}],"wp:term":[{"taxonomy":"category","embeddable":true,"href":"https:\/\/www.europesays.com\/es\/wp-json\/wp\/v2\/categories?post=742064"},{"taxonomy":"post_tag","embeddable":true,"href":"https:\/\/www.europesays.com\/es\/wp-json\/wp\/v2\/tags?post=742064"}],"curies":[{"name":"wp","href":"https:\/\/api.w.org\/{rel}","templated":true}]}}