{"id":742084,"date":"2026-09-01T13:15:15","date_gmt":"2026-09-01T13:15:15","guid":{"rendered":"https:\/\/www.europesays.com\/es\/742084\/"},"modified":"2026-09-01T13:15:15","modified_gmt":"2026-09-01T13:15:15","slug":"ouellet-gana-causa-en-su-contra-victima-de-calumnias","status":"publish","type":"post","link":"https:\/\/www.europesays.com\/es\/742084\/","title":{"rendered":"Ouellet gana causa en su contra: \u00abV\u00edctima de calumnias\u00bb"},"content":{"rendered":"<p>Una sentencia del Tribunal Superior de Quebec, en Canad\u00e1, establece que el cardenal fue \u00abfalsamente acusado\u00bb de violencia sexual en el \u00e1mbito de una acci\u00f3n colectiva contra la Arquidi\u00f3cesis de Quebec. Ser\u00e1 indemnizado con 100 mil d\u00f3lares, suma que ser\u00e1 destinada a las organizaciones que luchan contra los abusos sexuales sufridos por las poblaciones ind\u00edgenas. El purpurado: \u00abMe comprometo a proseguir la lucha en la Iglesia y en la sociedad contra toda forma de abuso, en particular el sexual\u00bb.<\/p>\n<p style=\"text-align: justify;\">Salvatore Cernuzio &#8211; Ciudad del Vaticano<\/p>\n<p style=\"text-align: justify;\">\u00abV\u00edctima de difamaci\u00f3n y calumnia\u00bb, el cardenal canadiense Marc Ouellet, prefecto em\u00e9rito del Dicasterio para los Obispos, gana la causa contra Pam\u00e9la Groleau, la mujer que \u00abfalsamente lo acus\u00f3 de violencia sexual en el \u00e1mbito de una acci\u00f3n colectiva contra la Arquidi\u00f3cesis de Quebec\u00bb. El purpurado ser\u00e1 indemnizado con una suma de 100 mil d\u00f3lares por violaci\u00f3n del derecho al honor. As\u00ed lo establece una sentencia del Tribunal Superior de Quebec, en Canad\u00e1, que -publicada ayer, lunes 31 de agosto de 2026- se pronuncia a favor del purpurado en la causa por difamaci\u00f3n iniciada en agosto de 2022, cuando se dieron a conocer las acusaciones de violencia sexual. El juez Martin Castonguay concluy\u00f3 que tales acusaciones son infundadas y conden\u00f3 a la mujer a indemnizar al purpurado con la totalidad de la suma solicitada por \u00e9l. Suma que, seg\u00fan informa el propio Ouellet en un comunicado difundido en estas horas, se comprometer\u00e1 a destinar \u00aba organizaciones que luchan contra los abusos sexuales sufridos por las poblaciones ind\u00edgenas en Canad\u00e1\u00bb.<\/p>\n<p>El comunicado del cardenal <\/p>\n<p style=\"text-align: justify;\">En el mismo documento, el cardenal afirma tomar nota \u00abcon gratitud de que la justicia civil de mi pa\u00eds ha reconocido que las acusaciones de violencia sexual formuladas contra m\u00ed eran falsas y formuladas con \u201cuna temeridad extrema, equivalente a malicia\u201d, y de que la persona en cuesti\u00f3n sea considerada responsable de las \u201cafirmaciones infamantes\u201d y difamatorias dirigidas contra m\u00ed y ampliamente difundidas a nivel mundial\u00bb.<\/p>\n<p style=\"text-align: justify;\">Ouellet agradece a los abogados del despacho LCM Avocats y a los numerosos testigos escuchados por haber \u00abayudado al Tribunal a establecer los hechos y a hacer prevalecer la verdad\u00bb. Asegura, adem\u00e1s, su personal \u00abcompromiso de proseguir la lucha dentro de la Iglesia y en la sociedad contra toda forma de abuso, en particular el sexual\u00bb y afirma apoyar \u00absin reservas a las v\u00edctimas comprobadas en su b\u00fasqueda de una justicia reparadora\u00bb.<\/p>\n<p>El caso <\/p>\n<p style=\"text-align: justify;\">El caso se remonta a agosto de 2022, cuando el nombre del cardenal surgi\u00f3 en una acci\u00f3n colectiva contra la Corporation Archi\u00e9piscopale catholique romaine de Qu\u00e9bec et l\u2019Archev\u00eaque catholique romain de Qu\u00e9bec, relativa a acusaciones de abusos sexuales ocurridos a lo largo de varias d\u00e9cadas. Pam\u00e9la Groleau, exasistente pastoral laica, hab\u00eda acusado al cardenal de actos cometidos entre 2008 y 2010, describiendo episodios de contacto f\u00edsico no consentido, presentados posteriormente como violencias.<\/p>\n<p style=\"text-align: justify;\">Desde siempre y de inmediato, el purpurado ha rechazado tales acusaciones, negando \u00abcon firmeza\u00bb \u00abhaber realizado gestos inapropiados\u00bb y considerando \u00abdifamatorias la interpretaci\u00f3n y la difusi\u00f3n de estas acusaciones\u00bb. Ouellet tambi\u00e9n garantizaba que habr\u00eda participado \u00abactivamente\u00bb en una eventual investigaci\u00f3n civil \u00abpara que se establezca la verdad y se reconozca mi inocencia\u00bb. En diciembre de aquel a\u00f1o, el cardenal anunciaba una acci\u00f3n legal contra su acusadora, con el fin de restablecer su honor y su reputaci\u00f3n.<\/p>\n<p style=\"text-align: justify;\">Sobre la cuesti\u00f3n hab\u00eda intervenido, tambi\u00e9n en 2022, el Papa Francisco, quien hab\u00eda encomendado una investigaci\u00f3n preliminar al sacerdote jesuita Jacques Servais, al t\u00e9rmino de la cual el religioso afirmaba: \u00abNo existe ning\u00fan motivo fundado para abrir una investigaci\u00f3n por agresi\u00f3n sexual contra la persona F. por parte del card. M. Ouellet\u00bb. El Papa no hab\u00eda, por tanto, autorizado la apertura de una investigaci\u00f3n can\u00f3nica sobre el cardenal en ausencia de \u00abelementos suficientes\u00bb.<\/p>\n<p>La sentencia <\/p>\n<p style=\"text-align: justify;\">En la sentencia de ayer -fruto del proceso celebrado en Montreal en marzo de 2026- el Tribunal se\u00f1al\u00f3 las incongruencias en la versi\u00f3n de los hechos proporcionada por Groleau y puso en duda su credibilidad y fiabilidad. En el mismo fallo se subraya el hecho de que \u00abel n\u00facleo de la acci\u00f3n colectiva se basa en la historia vivida por siete ni\u00f1os v\u00edctimas de religiosos ped\u00f3filos, en un per\u00edodo oscuro de la historia de Quebec, cuando los religiosos controlaban el sistema educativo\u00bb. \u00abSe trata -se lee- de una infamia de la que se queja el cardenal Ouellet, es decir, la de haber sido asociado con ped\u00f3filos en el \u00e1mbito de los procedimientos relativos a la acci\u00f3n colectiva\u00bb. De ah\u00ed la decisi\u00f3n, acogida con gratitud por el prefecto em\u00e9rito del Dicasterio para los Obispos y por sus abogados.<\/p>\n","protected":false},"excerpt":{"rendered":"Una sentencia del Tribunal Superior de Quebec, en Canad\u00e1, establece que el cardenal fue \u00abfalsamente acusado\u00bb de violencia&hellip;\n","protected":false},"author":2,"featured_media":742085,"comment_status":"","ping_status":"","sticky":false,"template":"","format":"standard","meta":{"footnotes":""},"categories":[42],"tags":[30950,17,18,3730,13,14,11,401,61,62,63,64,2158,19,20,131628,9,10,15,16,112035,12,21,22,403,65,66,67],"class_list":["post-742084","post","type-post","status-publish","format-standard","has-post-thumbnail","category-internacional","tag-abusos","tag-breaking-news","tag-breakingnews","tag-canada","tag-featured-news","tag-featurednews","tag-headlines","tag-iglesia-catolica","tag-internacional","tag-international","tag-international-news","tag-internationalnews","tag-justicia","tag-latest-news","tag-latestnews","tag-marc-armand-ouellet","tag-news","tag-noticias","tag-noticias-destacadas","tag-noticiasdestacadas","tag-pueblos-originarios","tag-titulares","tag-ultimas-noticias","tag-ultimasnoticias","tag-vaticano","tag-world","tag-world-news","tag-worldnews"],"share_on_mastodon":{"url":"","error":""},"_links":{"self":[{"href":"https:\/\/www.europesays.com\/es\/wp-json\/wp\/v2\/posts\/742084","targetHints":{"allow":["GET"]}}],"collection":[{"href":"https:\/\/www.europesays.com\/es\/wp-json\/wp\/v2\/posts"}],"about":[{"href":"https:\/\/www.europesays.com\/es\/wp-json\/wp\/v2\/types\/post"}],"author":[{"embeddable":true,"href":"https:\/\/www.europesays.com\/es\/wp-json\/wp\/v2\/users\/2"}],"replies":[{"embeddable":true,"href":"https:\/\/www.europesays.com\/es\/wp-json\/wp\/v2\/comments?post=742084"}],"version-history":[{"count":0,"href":"https:\/\/www.europesays.com\/es\/wp-json\/wp\/v2\/posts\/742084\/revisions"}],"wp:featuredmedia":[{"embeddable":true,"href":"https:\/\/www.europesays.com\/es\/wp-json\/wp\/v2\/media\/742085"}],"wp:attachment":[{"href":"https:\/\/www.europesays.com\/es\/wp-json\/wp\/v2\/media?parent=742084"}],"wp:term":[{"taxonomy":"category","embeddable":true,"href":"https:\/\/www.europesays.com\/es\/wp-json\/wp\/v2\/categories?post=742084"},{"taxonomy":"post_tag","embeddable":true,"href":"https:\/\/www.europesays.com\/es\/wp-json\/wp\/v2\/tags?post=742084"}],"curies":[{"name":"wp","href":"https:\/\/api.w.org\/{rel}","templated":true}]}}