{"id":742090,"date":"2026-09-01T13:21:21","date_gmt":"2026-09-01T13:21:21","guid":{"rendered":"https:\/\/www.europesays.com\/es\/742090\/"},"modified":"2026-09-01T13:21:21","modified_gmt":"2026-09-01T13:21:21","slug":"anna-nordqvist-y-el-club-de-quienes-se-fueron-con-golf-por-delante","status":"publish","type":"post","link":"https:\/\/www.europesays.com\/es\/742090\/","title":{"rendered":"Anna Nordqvist y el club de quienes se fueron con golf por delante"},"content":{"rendered":"<p>&#13;<br \/>\n        &#13;<br \/>\n&#13;<br \/>\n        &#13;<\/p>\n<p>            <a href=\"https:\/\/www.europesays.com\/es\/wp-content\/uploads\/2026\/09\/IMG_7940.jpg\" data-caption=\"\"><img decoding=\"async\" loading=\"lazy\" width=\"750\" height=\"640\" class=\"entry-thumb td-modal-image\" src=\"https:\/\/www.europesays.com\/es\/wp-content\/uploads\/2026\/09\/IMG_7940.jpg\" alt=\"\" title=\"IMG_7940\"\/><\/a><\/p>\n<p>            Anna Nordqvist entreg\u00f3 este domingo en el FM Championship la \u00faltima tarjeta de su carrera profesional. Dentro de dos semanas volver\u00e1 al campo, pero ya no ser\u00e1 con su bolsa de palos. Lo har\u00e1 en Bernardus como capitana de Europa en la Solheim Cup.<\/p>\n<p>La sueca se retira a <\/p>\n<p>Para seguir leyendo, Suscr\u00edbete<\/p>\n<p>    Subscription OptionsMENSUAL<\/p>\n<p>Unlimited  Entradas<\/p>\n<p>Unlimited  Galer\u00edas<\/p>\n<p>Unlimited  \u00c1lbumes<\/p>\n<p>Unlimited  P\u00e1ginas<\/p>\n<p>ANUAL + LIBRO<\/p>\n<p>Unlimited  Entradas<\/p>\n<p>Unlimited  Galer\u00edas<\/p>\n<p>Unlimited  \u00c1lbumes<\/p>\n<p>Unlimited  P\u00e1ginas<\/p>\n<p>ANUAL<\/p>\n<p>Unlimited  Entradas<\/p>\n<p>Unlimited  Galer\u00edas<\/p>\n<p>Unlimited  \u00c1lbumes<\/p>\n<p>Unlimited  P\u00e1ginas<\/p>\n<p>    Recibe 30 mulligans para gastar en <a href=\"https:\/\/thegame.ten-golf.com\" target=\"_blank\" rel=\"nofollow noopener\">TheGame<\/a> junto a tu suscripci\u00f3n anual (al final de la temporada se quitar\u00e1n los mulligans no gastados)<\/p>\n<p>    Pincha <a href=\"https:\/\/ten-golf.com\/tengolf-pone-en-marcha-el-muro-de-pago-y-crea-el-club-tengolf\" target=\"_blank\" rel=\"nofollow noopener\">aqu\u00ed<\/a> para saber m\u00e1s sobre las distintas suscripciones<\/p>\n<p>        &#13;<br \/>\n&#13;<br \/>\n        &#13;<br \/>\n            &#13;<br \/>\n            &#13;<br \/>\n&#13;<\/p>\n<p class=\"join-telegram\"><img decoding=\"async\" class=\"loading\" src=\"https:\/\/www.europesays.com\/es\/wp-content\/uploads\/2026\/09\/telegram-icon.png\" alt=\"\"\/> S\u00edguenos tambi\u00e9n en <a href=\"https:\/\/telegram.org\/\" target=\"_blank\" style=\"font-weight: normal;\" rel=\"nofollow noopener\">Telegram<\/a> en el canal <a href=\"https:\/\/t.me\/tengolf\" target=\"_blank\" rel=\"nofollow\">@tengolf<\/a><\/p>\n<p>        &#13;<br \/>\n        <a class=\"will-load\" name=\"end-article\" data-id=\"post-225510\"\/>&#13;<\/p>\n","protected":false},"excerpt":{"rendered":"&#13; &#13; &#13; &#13; Anna Nordqvist entreg\u00f3 este domingo en el FM Championship la \u00faltima tarjeta de su&hellip;\n","protected":false},"author":2,"featured_media":742091,"comment_status":"","ping_status":"","sticky":false,"template":"","format":"standard","meta":{"footnotes":""},"categories":[275],"tags":[131629,119888,98752,31690,131630,131631,168,25,24,329,63006,27340,44701,338,339,340,1909,1910,131632,23,167,131633],"class_list":["post-742090","post","type-post","status-publish","format-standard","has-post-thumbnail","category-golf","tag-ai-miyazato","tag-anna-nordqvist","tag-annika-sorenstam","tag-anthony-kim","tag-bobby-jones","tag-byron-nelson","tag-deportes","tag-es","tag-espana","tag-golf","tag-lorena-ochoa","tag-lpga-tour","tag-newsletter","tag-portada","tag-portada-america","tag-portada-global","tag-portada-top","tag-portada-top-america","tag-shanshan-feng","tag-spain","tag-sports","tag-victor-dubuisson"],"share_on_mastodon":{"url":"https:\/\/pubeurope.com\/@es\/117195998247867807","error":""},"_links":{"self":[{"href":"https:\/\/www.europesays.com\/es\/wp-json\/wp\/v2\/posts\/742090","targetHints":{"allow":["GET"]}}],"collection":[{"href":"https:\/\/www.europesays.com\/es\/wp-json\/wp\/v2\/posts"}],"about":[{"href":"https:\/\/www.europesays.com\/es\/wp-json\/wp\/v2\/types\/post"}],"author":[{"embeddable":true,"href":"https:\/\/www.europesays.com\/es\/wp-json\/wp\/v2\/users\/2"}],"replies":[{"embeddable":true,"href":"https:\/\/www.europesays.com\/es\/wp-json\/wp\/v2\/comments?post=742090"}],"version-history":[{"count":0,"href":"https:\/\/www.europesays.com\/es\/wp-json\/wp\/v2\/posts\/742090\/revisions"}],"wp:featuredmedia":[{"embeddable":true,"href":"https:\/\/www.europesays.com\/es\/wp-json\/wp\/v2\/media\/742091"}],"wp:attachment":[{"href":"https:\/\/www.europesays.com\/es\/wp-json\/wp\/v2\/media?parent=742090"}],"wp:term":[{"taxonomy":"category","embeddable":true,"href":"https:\/\/www.europesays.com\/es\/wp-json\/wp\/v2\/categories?post=742090"},{"taxonomy":"post_tag","embeddable":true,"href":"https:\/\/www.europesays.com\/es\/wp-json\/wp\/v2\/tags?post=742090"}],"curies":[{"name":"wp","href":"https:\/\/api.w.org\/{rel}","templated":true}]}}