{"id":742100,"date":"2026-09-01T13:31:17","date_gmt":"2026-09-01T13:31:17","guid":{"rendered":"https:\/\/www.europesays.com\/es\/742100\/"},"modified":"2026-09-01T13:31:17","modified_gmt":"2026-09-01T13:31:17","slug":"valle-salvaje-avance-del-capitulo-de-hoy-martes-1-de-septiembre-enriqueta-dinamita-el-futuro-de-jose-luis-con-una-grave-acusacion","status":"publish","type":"post","link":"https:\/\/www.europesays.com\/es\/742100\/","title":{"rendered":"&#8216;Valle Salvaje&#8217;, avance del cap\u00edtulo de hoy martes 1 de septiembre: Enriqueta dinamita el futuro de Jos\u00e9 Luis con una grave acusaci\u00f3n"},"content":{"rendered":"<p class=\"ft-text\">Las alianzas se tambalean en <strong>&#8216;Valle Salvaje&#8217; <\/strong>y las acusaciones cruzadas amenazan con destruir a los peces gordos de la comarca. La sombra de la justicia se cierne implacable sobre los secretos mejor guardados.<\/p>\n<p class=\"ft-text\">Leonor toma la iniciativa y empuja a Rafael a dar el paso definitivo para acercarse por fin a su hijo, buscando algo de paz en medio del caos. Paralelamente, Enriqueta decide jugar fuerte y revela al capit\u00e1n que Jos\u00e9 Luis amenaz\u00f3 de muerte a D\u00e1maso.<\/p>\n<p class=\"ft-text\">Esta grave acusaci\u00f3n tiene el potencial de hacer caer a Jos\u00e9 Luis y dinamitar el fr\u00e1gil equilibrio de poder en el valle. Con este panorama explosivo en la mesa, la gran inc\u00f3gnita del episodio ser\u00e1 averiguar a qui\u00e9n decidir\u00e1 creer la implacable justicia.<\/p>\n","protected":false},"excerpt":{"rendered":"Las alianzas se tambalean en &#8216;Valle Salvaje&#8217; y las acusaciones cruzadas amenazan con destruir a los peces gordos&hellip;\n","protected":false},"author":2,"featured_media":742101,"comment_status":"","ping_status":"","sticky":false,"template":"","format":"standard","meta":{"footnotes":""},"categories":[171],"tags":[3099,7377,10515,78513,109475,146,147,25,24,2848,315,2467,7820,7797,10527,805,23,214,3156,2123],"class_list":["post-742100","post","type-post","status-publish","format-standard","has-post-thumbnail","category-tv","tag-3099","tag-avance","tag-capitulo","tag-dinamita","tag-enriqueta","tag-entertainment","tag-entretenimiento","tag-es","tag-espana","tag-futuro","tag-hoy","tag-jose","tag-luis","tag-martes","tag-salvaje","tag-series","tag-spain","tag-tv","tag-tve","tag-valle"],"share_on_mastodon":{"url":"https:\/\/pubeurope.com\/@es\/117196036081216855","error":""},"_links":{"self":[{"href":"https:\/\/www.europesays.com\/es\/wp-json\/wp\/v2\/posts\/742100","targetHints":{"allow":["GET"]}}],"collection":[{"href":"https:\/\/www.europesays.com\/es\/wp-json\/wp\/v2\/posts"}],"about":[{"href":"https:\/\/www.europesays.com\/es\/wp-json\/wp\/v2\/types\/post"}],"author":[{"embeddable":true,"href":"https:\/\/www.europesays.com\/es\/wp-json\/wp\/v2\/users\/2"}],"replies":[{"embeddable":true,"href":"https:\/\/www.europesays.com\/es\/wp-json\/wp\/v2\/comments?post=742100"}],"version-history":[{"count":0,"href":"https:\/\/www.europesays.com\/es\/wp-json\/wp\/v2\/posts\/742100\/revisions"}],"wp:featuredmedia":[{"embeddable":true,"href":"https:\/\/www.europesays.com\/es\/wp-json\/wp\/v2\/media\/742101"}],"wp:attachment":[{"href":"https:\/\/www.europesays.com\/es\/wp-json\/wp\/v2\/media?parent=742100"}],"wp:term":[{"taxonomy":"category","embeddable":true,"href":"https:\/\/www.europesays.com\/es\/wp-json\/wp\/v2\/categories?post=742100"},{"taxonomy":"post_tag","embeddable":true,"href":"https:\/\/www.europesays.com\/es\/wp-json\/wp\/v2\/tags?post=742100"}],"curies":[{"name":"wp","href":"https:\/\/api.w.org\/{rel}","templated":true}]}}