{"id":74211,"date":"2025-08-26T20:15:07","date_gmt":"2025-08-26T20:15:07","guid":{"rendered":"https:\/\/www.europesays.com\/es\/74211\/"},"modified":"2025-08-26T20:15:07","modified_gmt":"2025-08-26T20:15:07","slug":"el-pp-habilita-65-000-euros-para-una-corrida-y-luego-la-deja-en-el-aire-ante-las-dudas-legales","status":"publish","type":"post","link":"https:\/\/www.europesays.com\/es\/74211\/","title":{"rendered":"el PP habilita 65.000 euros para una corrida y luego la deja en el aire ante las dudas legales"},"content":{"rendered":"<p class=\"article-text\">\n        L\u00edo con los toros en Calatayud. El Gobierno municipal del PP ha sacado adelante un decreto en el que detrae 65.000 euros de cinco partidas para destinar este dinero a la corrida de las fiestas de la Virgen de la Pe\u00f1a. Una cita que ahora el propio equipo de gobierno deja en el aire por falta de empresa adjudicataria. Para aumentar el desconcierto, la Agrupaci\u00f3n de Profesionales Taurinos hab\u00eda remitido el domingo un apercibimiento al Ayuntamiento advirtiendo de una querella si la organizaci\u00f3n de esta corrida de toros acababa en manos de la firma Ignacio R\u00edos sin respetar los procedimientos legales.\n    <\/p>\n<p class=\"article-text\">\n        Con el mencionado decreto, que fue notificado en la junta de portavoces celebrada este lunes, el Ayuntamiento de Calatayud transfiere 65.000 euros para ampliar el cr\u00e9dito destinado a la plaza de toros del Coso de Margarita, a pesar de no tener certezas de que la corrida programada para el pr\u00f3ximo 6 de septiembre se vaya a realizar porque no cuentan con empresa adjudicataria. La Comisi\u00f3n de Hacienda aprob\u00f3 el traslado de cr\u00e9dito varias partidas de las \u00e1reas de Medio Ambiente, Urbanismo, Turismo e Industria con el fin de garantizar la celebraci\u00f3n del festejo taurino. Concretamente, se destinan a la plaza de toros 35.000 euros que antes estaban adjudicados a la asistencia t\u00e9cnica PGOU en edificios municipales; 12.000 estudios y trabajos t\u00e9cnicos en industria; 8.000 euros de estudios y trabajos t\u00e9cnicos en protecci\u00f3n y mejora del medio ambiente; 5.000 euros para el Plan tratamiento medianeras de edificios demolidos en edificios municipales; y otros 5.000 euros adjudicados a cuotas varias en turismo. El Gobierno municipal justifica esta medida en que se trata de un evento \u201cineludible\u201d por su peso cultural y social, y que no pod\u00eda demorarse al pr\u00f3ximo ejercicio.\n    <\/p>\n","protected":false},"excerpt":{"rendered":"L\u00edo con los toros en Calatayud. El Gobierno municipal del PP ha sacado adelante un decreto en el&hellip;\n","protected":false},"author":2,"featured_media":74212,"comment_status":"","ping_status":"","sticky":false,"template":"","format":"standard","meta":{"footnotes":""},"categories":[277],"tags":[517,4499,373,13616,168,13612,13613,25,24,13617,1265,13615,13614,952,492,23,167,12731,374,491],"class_list":{"0":"post-74211","1":"post","2":"type-post","3":"status-publish","4":"format-standard","5":"has-post-thumbnail","7":"category-toreo","8":"tag-actualidad","9":"tag-aragon","10":"tag-bullfighting","11":"tag-celia-soria","12":"tag-deportes","13":"tag-eldiario","14":"tag-elprismatico","15":"tag-es","16":"tag-espana","17":"tag-fernando-garcia-mongay","18":"tag-huesca","19":"tag-marimar-cabrera","20":"tag-oscar-f-civieta","21":"tag-politica","22":"tag-sociedad","23":"tag-spain","24":"tag-sports","25":"tag-teruel","26":"tag-toreo","27":"tag-zaragoza"},"share_on_mastodon":{"url":"","error":""},"_links":{"self":[{"href":"https:\/\/www.europesays.com\/es\/wp-json\/wp\/v2\/posts\/74211","targetHints":{"allow":["GET"]}}],"collection":[{"href":"https:\/\/www.europesays.com\/es\/wp-json\/wp\/v2\/posts"}],"about":[{"href":"https:\/\/www.europesays.com\/es\/wp-json\/wp\/v2\/types\/post"}],"author":[{"embeddable":true,"href":"https:\/\/www.europesays.com\/es\/wp-json\/wp\/v2\/users\/2"}],"replies":[{"embeddable":true,"href":"https:\/\/www.europesays.com\/es\/wp-json\/wp\/v2\/comments?post=74211"}],"version-history":[{"count":0,"href":"https:\/\/www.europesays.com\/es\/wp-json\/wp\/v2\/posts\/74211\/revisions"}],"wp:featuredmedia":[{"embeddable":true,"href":"https:\/\/www.europesays.com\/es\/wp-json\/wp\/v2\/media\/74212"}],"wp:attachment":[{"href":"https:\/\/www.europesays.com\/es\/wp-json\/wp\/v2\/media?parent=74211"}],"wp:term":[{"taxonomy":"category","embeddable":true,"href":"https:\/\/www.europesays.com\/es\/wp-json\/wp\/v2\/categories?post=74211"},{"taxonomy":"post_tag","embeddable":true,"href":"https:\/\/www.europesays.com\/es\/wp-json\/wp\/v2\/tags?post=74211"}],"curies":[{"name":"wp","href":"https:\/\/api.w.org\/{rel}","templated":true}]}}