{"id":742116,"date":"2026-09-01T13:39:10","date_gmt":"2026-09-01T13:39:10","guid":{"rendered":"https:\/\/www.europesays.com\/es\/742116\/"},"modified":"2026-09-01T13:39:10","modified_gmt":"2026-09-01T13:39:10","slug":"no-es-noruega-en-llamas-tras-prohibicion-de-comercio-con-israel","status":"publish","type":"post","link":"https:\/\/www.europesays.com\/es\/742116\/","title":{"rendered":"No es Noruega \u201cen llamas\u201d tras prohibici\u00f3n de comercio con Israel"},"content":{"rendered":"<p>Circula en redes sociales la imagen de un incendio y aseguran que es \u00abNoruega dos d\u00edas despu\u00e9s de votar\u00bb a favor de \u00abprohibir bienes y comercio\u00bb relacionados con los \u00abasentamientos israel\u00edes en Cisjordania\u00bb. <strong>Es falso<\/strong>. Noruega no ha aprobado dicha prohibici\u00f3n, es una consulta p\u00fablica que est\u00e1 abierta hasta el 19 de septiembre. Adem\u00e1s, la imagen del incendio no es actual, muestra un fuego en la localidad noruega de Drammen el 17 de julio y, a fecha de este art\u00edculo, no se ha demostrado relaci\u00f3n causal entre el fuego y la propuesta pol\u00edtica.  <\/p>\n<p>\u00abNoruega en llamas apenas dos d\u00edas despu\u00e9s de votar para prohibir bienes y comercio vinculados a asentamientos israel\u00edes en Cisjordania\u00bb, leemos en un mensaje de X escrito en ingl\u00e9s y <strong>compartido m\u00e1s de 13.000 veces desde el 30 de agosto<\/strong>. La publicaci\u00f3n adjunta una fotograf\u00eda en la que se ve un conjunto de casas en llamas.  <\/p>\n<p>La prohibici\u00f3n de Noruega de comerciar con asentamientos israel\u00edes a\u00fan no se ha aprobado<\/p>\n<p><strong>Ni Noruega ha aprobado la prohibici\u00f3n de \u00abcomercio relacionado con los asentamientos israel\u00edes en Cisjordania\u00bb ni se ha demostrado que la imagen del incendio guarde relaci\u00f3n<\/strong> con la propuesta pol\u00edtica. <a href=\"https:\/\/www.regjeringen.no\/en\/whats-new\/proposal-for-a-bill-banning-trade-with-israeli-settlements-in-palestine-announced-for-public-consultation\/id3166860\/\" target=\"_blank\" rel=\"nofollow noopener\">El Gobierno noruego present\u00f3 el 19 de junio un proyecto de ley<\/a> para prohibir el comercio con los asentamientos israel\u00edes en Palestina. Sin embargo, esa prohibici\u00f3n a\u00fan no est\u00e1 aprobada: se present\u00f3 a consulta p\u00fablica y <a href=\"https:\/\/www.regjeringen.no\/no\/aktuelt\/forslag-til-lov-om-handelsforbud-med-israelske-bosetninger-i-palestina-sendes-pa-horing\/id3166860\/#:~:text=H%C3%B8ringsnotatet%20sendes%20n%C3%A5%20p%C3%A5%20alminnelig%20h%C3%B8ring.%20Departementet%20inviterer%20ber%C3%B8rte%20virksomheter%2C%20organisasjoner%2C%20fagmilj%C3%B8er%20og%20andre%20interesserte%20til%20%C3%A5%20komme%20med%20innspill%20til%20forslaget.%20H%C3%B8ringsfristen%20er%2019.%20september.\" target=\"_blank\" rel=\"nofollow noopener\">el plazo finaliza el 19 de septiembre.<\/a> Varios medios del pa\u00eds y agencias internacionales se hicieron eco de esta propuesta pol\u00edtica (<a href=\"https:\/\/www.reuters.com\/world\/middle-east\/norway-plans-ban-trade-with-israeli-settlements-palestinian-territories-2026-06-19\/\" target=\"_blank\" rel=\"nofollow noopener\">1<\/a>,<a href=\"https:\/\/www.nrk.no\/artikkel\/regjeringen-vil-forby-handel-med-israelske-bosettinger-1210\" target=\"_blank\" rel=\"nofollow noopener\">2<\/a>,<a href=\"https:\/\/www.vg.no\/nyheter\/i\/rrmp7m\/regjeringen-vil-ha-forbud-mot-handel-med-israelske-bosetninger\" target=\"_blank\" rel=\"nofollow noopener\">3<\/a>,<a href=\"https:\/\/www.timesofisrael.com\/norway-readies-bill-to-ban-all-trade-with-israeli-settlements\/\" target=\"_blank\" rel=\"nofollow noopener\">4<\/a>). <\/p>\n<p>El incendio no es actual, se registr\u00f3 el 17 de julio<\/p>\n<p><strong>La fotograf\u00eda corresponde a un incendio registrado en la localidad noruega de Drammen el 17 de julio. <\/strong>Mediante una b\u00fasqueda inversa encontramos la misma imagen compartida por <a href=\"https:\/\/www.bbc.com\/news\/videos\/c4gj5944n4ko\" target=\"_blank\" rel=\"nofollow noopener\">BBC<\/a> el 18 de julio, que informaba de \u00abm\u00e1s de 100 viviendas destruidas por un incendio masivo que arrasa Drammen. Situada a unos 50 kil\u00f3metros al oeste de Oslo\u00bb. Encontramos m\u00e1s informaci\u00f3n en medios locales que situaban el incendio en la localidad de Krokstadelva, dentro de Drammen (<a href=\"https:\/\/www.vg.no\/nyheter\/i\/oEwXlm\/brannen-i-krokstadelva-fremdeles-fare-i-drammen\" target=\"_blank\" rel=\"nofollow noopener\">1<\/a>, <a href=\"https:\/\/www.nrk.no\/nyheter\/storbrann-i-krokstadelva-1.17961649\" target=\"_blank\" rel=\"nofollow noopener\">2<\/a>, <a href=\"https:\/\/www.aftenposten.no\/norge\/i\/2po4w4\/storbrannen-i-drammen-brannvesenet-hadde-problemer-med-seks-vannuttak\" target=\"_blank\" rel=\"nofollow noopener\">3<\/a>). La televisi\u00f3n noruega <a href=\"https:\/\/www.nrk.no\/norge\/krimteknikere-har-ankommet-brannomradet-i-krokstadelva-1.17963423?utm_source=sdrn%3Avg%3Aarticle%3AoEwXlm\" target=\"_blank\" rel=\"nofollow noopener\">NRK<\/a> aportaba m\u00e1s im\u00e1genes de la destrucci\u00f3n en su portal web. El 25 de agosto, la misma cadena se\u00f1alaba que <a href=\"https:\/\/www.nrk.no\/nyheter\/storbrann-i-krokstadelva-1.17961649#:~:text=El%20antecedente%20es%20el%20gran%20incendio%20que%20azot%C3%B3%20Krokstadelva%2C%20en%20las%20afueras%20de%20Drammen%2C%20el%2017%20de%20julio%2C%20donde%20se%20perdieron%20116%20viviendas.\" target=\"_blank\" rel=\"nofollow noopener\">se perdieron 117 viviendas<\/a> en total y que las labores de limpieza comenzar\u00edan en septiembre. Geolocalizamos las im\u00e1genes en la zona de Stenseth, en Krokstadelva (<a href=\"https:\/\/www.google.com\/maps\/@59.761334,10.037425,3a,15y,95.1h,94.63t\/data=!3m7!1e1!3m5!1ssvdGF5sJfUeX_TxSirt2WQ!2e0!6shttps:%2F%2Fstreetviewpixels-pa.googleapis.com%2Fv1%2Fthumbnail%3Fcb_client%3Dmaps_sv.tactile%26w%3D900%26h%3D600%26pitch%3D-4.625366899373347%26panoid%3DsvdGF5sJfUeX_TxSirt2WQ%26yaw%3D95.09639123352697!7i16384!8i8192?authuser=0&amp;entry=ttu&amp;g_ep=EgoyMDI2MDgyNi4wIKXMDSoASAFQAw%3D%3D\" target=\"_blank\" rel=\"nofollow noopener\">59.761688599395534, 10.037708966155085<\/a>). <\/p>\n<p>Seg\u00fan inform\u00f3 <a href=\"https:\/\/apnews.com\/article\/norway-fire-drammen-50b5e38bb46051faf8cb98a477127d86\" target=\"_blank\" rel=\"nofollow noopener\">Associated Press<\/a> el 18 de julio, la Direcci\u00f3n de Protecci\u00f3n Civil de Noruega lo describi\u00f3 como \u00abel mayor incendio de este tipo en los tiempos modernos\u00bb e inform\u00f3 de que \u00abno se hab\u00eda reportado la desaparici\u00f3n de ning\u00fan residente\u00bb y no se hab\u00eda \u00abdeterminado la causa del incendio\u00bb.<\/p>\n<p>Encontramos <a href=\"https:\/\/archive.ph\/pAEzj\" target=\"_blank\" rel=\"nofollow noopener\">publicaciones de redes del 18 de julio<\/a> que vinculaban el incendio con la propuesta de prohibir el comercio con los asentamientos israel\u00edes. Sin embargo, &#8216;The Cube&#8217;, el equipo de verificaci\u00f3n de <a href=\"https:\/\/es.euronews.com\/my-europe\/2026\/07\/23\/el-incendio-de-drammen-no-fue-consecuencia-de-la-propuesta-de-noruega-sobre-los-asentamien#:~:text=Pero%20esta%20relaci%C3%B3n%20es%20enga%C3%B1osa.%20Por%20el%20momento%2C%20Noruega%20no%20ha%20votado%20prohibir%20las%20importaciones%20procedentes%20de%20los%20asentamientos%20israel%C3%ADes%20y%20no%20hay%20pruebas%20p%C3%BAblicas%20que%20indiquen%20que%20el%20incendio%20sea%20consecuencia%20de%20un%20acto%20delictivo.\" target=\"_blank\" rel=\"nofollow noopener\">Euronews, ya aclar\u00f3 que el incendio de Drammen \u00abno fue consecuencia de la propuesta de Noruega<\/a>\u00bb sobre los asentamientos israel\u00edes <a href=\"https:\/\/www.instagram.com\/p\/DbJNw7GDDph\/\" target=\"_blank\" rel=\"nofollow noopener\">y tild\u00f3 de \u00abenga\u00f1osas\u00bb las \u00abpublicaciones\u00bb<\/a> de redes sociales que lo aseguraban. Adem\u00e1s, &#8216;The Cube&#8217; aclar\u00f3 que l<strong>a \u00abPolic\u00eda no aprecia indicios de un origen delictivo<\/strong>\u00bb en este incendio porque<a href=\"https:\/\/es.euronews.com\/my-europe\/2026\/07\/23\/el-incendio-de-drammen-no-fue-consecuencia-de-la-propuesta-de-noruega-sobre-los-asentamien#:~:text=Pero%20esta%20relaci%C3%B3n%20es%20enga%C3%B1osa.%20Por%20el%20momento%2C%20Noruega%20no%20ha%20votado%20prohibir%20las%20importaciones%20procedentes%20de%20los%20asentamientos%20israel%C3%ADes%20y%20no%20hay%20pruebas%20p%C3%BAblicas%20que%20indiquen%20que%20el%20incendio%20sea%20consecuencia%20de%20un%20acto%20delictivo.\" target=\"_blank\" rel=\"nofollow noopener\"> \u00abno hay pruebas p\u00fablicas que indiquen que el incendio fuera el resultado de un acto criminal\u00bb<\/a>. El <a href=\"https:\/\/www.faktisk.no\/artikkel\/er-israel-knyttet-til-brannen-i-krokstadelva\/129399\" target=\"_blank\" rel=\"nofollow noopener\">verificador noruego Fakstik<\/a>, miembro de la International Fact-Checking Network (<a href=\"https:\/\/ifcncodeofprinciples.poynter.org\/signatories#:~:text=Profile-,Faktisk.no,-from%20Norway\" target=\"_blank\" rel=\"nofollow noopener\">IFCN<\/a>), detect\u00f3 que el origen de esta falsedad procede de una <a href=\"https:\/\/archive.ph\/DA3V7\" target=\"_blank\" rel=\"nofollow noopener\">cuenta de X que se define como parodia<\/a>.<\/p>\n<p>Hemos realizado una b\u00fasqueda por palabras clave en espa\u00f1ol, en ingl\u00e9s y en noruego y, a fecha de publicaci\u00f3n de este art\u00edculo,<strong> no encontramos ning\u00fan medio de comunicaci\u00f3n ni ninguna fuente oficial que informe sobre que el incendio de Drammen<\/strong> guarde relaci\u00f3n con la propuesta sobre Israel. La Direcci\u00f3n de Protecci\u00f3n Civil de Noruega informaba este 31 de agosto de que <a href=\"https:\/\/www.dsb.no\/aktuelt\/dsb-starter-evalueringen-av-storbrannen-i-krokstadelva\/\" target=\"_blank\" rel=\"nofollow noopener\">elaborar\u00e1n una revisi\u00f3n exhaustiva sobre este incendio<\/a> que concluir\u00e1 en la primavera de 2027.<\/p>\n<p>En VerificaRTVE ya hemos alertado de este tipo de contenidos falsos relacionados con Noruega, como que <a href=\"https:\/\/www.rtve.es\/noticias\/20260615\/falso-noruega-no-gana-israel-donado-ingresos-palestina-mundial-2026\/17116265.shtml\" rel=\"nofollow noopener\" target=\"_blank\">este pa\u00eds no ha ganado a Israel ni ha donado los ingresos a Palestina \u00aben medio del Mundial 2026\u00bb<\/a> o que <a href=\"https:\/\/www.rtve.es\/noticias\/20260421\/bulo-comite-nobel-no-retirarle-premio-corina-machado\/17034388.shtml\" rel=\"nofollow noopener\" target=\"_blank\">el Comit\u00e9 Noruego del Nobel no estudia retirarle el premio a Mar\u00eda Corina Machado<\/a>.<\/p>\n<p>        Fuentes<\/p>\n<ul>\n<li>BBC<\/li>\n<li>NRK\u00a0<\/li>\n<li>VG<\/li>\n<li>Reuters<\/li>\n<li>Aftenposten<\/li>\n<li>Associated Press<\/li>\n<li>Euronews<\/li>\n<li>Fakstik<\/li>\n<li>Directorate for Civil Protection &#8211; DSB\u00a0<\/li>\n<li>Government.no (Portal oficial del Gobierno de Noruega)<\/li>\n<\/ul>\n<p>\t\t\t\t\t\t<script async src=\"\/\/www.instagram.com\/embed.js\"><\/script><\/p>\n","protected":false},"excerpt":{"rendered":"Circula en redes sociales la imagen de un incendio y aseguran que es \u00abNoruega dos d\u00edas despu\u00e9s de&hellip;\n","protected":false},"author":2,"featured_media":742117,"comment_status":"","ping_status":"","sticky":false,"template":"","format":"standard","meta":{"footnotes":""},"categories":[42],"tags":[17,18,13,14,11,61,62,63,64,19,20,9,10,15,16,12,21,22,65,66,67],"class_list":["post-742116","post","type-post","status-publish","format-standard","has-post-thumbnail","category-internacional","tag-breaking-news","tag-breakingnews","tag-featured-news","tag-featurednews","tag-headlines","tag-internacional","tag-international","tag-international-news","tag-internationalnews","tag-latest-news","tag-latestnews","tag-news","tag-noticias","tag-noticias-destacadas","tag-noticiasdestacadas","tag-titulares","tag-ultimas-noticias","tag-ultimasnoticias","tag-world","tag-world-news","tag-worldnews"],"share_on_mastodon":{"url":"https:\/\/pubeurope.com\/@es\/117196066797126337","error":""},"_links":{"self":[{"href":"https:\/\/www.europesays.com\/es\/wp-json\/wp\/v2\/posts\/742116","targetHints":{"allow":["GET"]}}],"collection":[{"href":"https:\/\/www.europesays.com\/es\/wp-json\/wp\/v2\/posts"}],"about":[{"href":"https:\/\/www.europesays.com\/es\/wp-json\/wp\/v2\/types\/post"}],"author":[{"embeddable":true,"href":"https:\/\/www.europesays.com\/es\/wp-json\/wp\/v2\/users\/2"}],"replies":[{"embeddable":true,"href":"https:\/\/www.europesays.com\/es\/wp-json\/wp\/v2\/comments?post=742116"}],"version-history":[{"count":0,"href":"https:\/\/www.europesays.com\/es\/wp-json\/wp\/v2\/posts\/742116\/revisions"}],"wp:featuredmedia":[{"embeddable":true,"href":"https:\/\/www.europesays.com\/es\/wp-json\/wp\/v2\/media\/742117"}],"wp:attachment":[{"href":"https:\/\/www.europesays.com\/es\/wp-json\/wp\/v2\/media?parent=742116"}],"wp:term":[{"taxonomy":"category","embeddable":true,"href":"https:\/\/www.europesays.com\/es\/wp-json\/wp\/v2\/categories?post=742116"},{"taxonomy":"post_tag","embeddable":true,"href":"https:\/\/www.europesays.com\/es\/wp-json\/wp\/v2\/tags?post=742116"}],"curies":[{"name":"wp","href":"https:\/\/api.w.org\/{rel}","templated":true}]}}