{"id":742122,"date":"2026-09-01T13:46:13","date_gmt":"2026-09-01T13:46:13","guid":{"rendered":"https:\/\/www.europesays.com\/es\/742122\/"},"modified":"2026-09-01T13:46:13","modified_gmt":"2026-09-01T13:46:13","slug":"los-favoritos-cumplen-en-el-us-open-con-casi-algun-susto","status":"publish","type":"post","link":"https:\/\/www.europesays.com\/es\/742122\/","title":{"rendered":"Los favoritos cumplen en el US Open&#8230;con casi alg\u00fan susto"},"content":{"rendered":"<p class=\"ft-text\"><a class=\"ft-link ft-link--decoration\" href=\"https:\/\/www.sport.es\/es\/noticias\/tenis\/tsitsipas-lanza-mensaje-hablar-positivo-133826579\" rel=\"nofollow noopener\" target=\"_blank\">Pocas sorpresas ha tra\u00eddo la segunda jornada del US Open <\/a>en cuanto a los principales cabezas de serie, exceptuando, eso s\u00ed, la inesperada ca\u00edda de <strong>Novak Djokovic<\/strong> en primera ronda. Krejcikova, Norrie y ahora se le suma <strong>Arthur Fils<\/strong>. Por lo que respecta al resto de favoritos, no se han registrado derrotas muy destacadas.<\/p>\n<p class=\"ft-text\">En el <strong>segundo d\u00eda de torneo<\/strong> se med\u00edan algunos de los candidatos a levantar el t\u00edtulo, entre ellos <strong>Ben Shelton, Iga Swiatek, Naomi Osaka, Frances Tiafoe, Jakub Mensik, Auger-Aliassime o Learner Tien<\/strong>, que se han enfrentado a sus primeros partidos del \u00faltimo grande del a\u00f1o.<\/p>\n<p class=\"ft-text\">Por lo que respecta al cuadro masculino, <strong>Ben Shelton termin\u00f3 superando a Tallon Griekspoor<\/strong> tras un mal inicio de partido. Consigui\u00f3 sellar su pase a la segunda ronda por <strong>1-6, 6-1, 7-6 y 6-2<\/strong>, por lo que Shelton tuvo que ceder un set en su debut en el US Open. Ma\u00f1ana disputar\u00e1 su partido de segunda ronda ante <strong>Hubert Hurkacz<\/strong>, un tenista al que todav\u00eda no se ha medido.<\/p>\n<p>Casi hay alg\u00fan susto con Shelton y Tiafoe<\/p>\n<p class=\"ft-text\">En el caso de <strong>Frances Tiafoe<\/strong>, se vio<strong> contra las cuerdas<\/strong> para vencer a <strong>Martin Damm Jr.<\/strong> por 6-4, 4-6, 3-6, 6-3 y 6-4. Hasta <strong>cinco sets necesit\u00f3 el estadounidense<\/strong> para lograr remontar el partido en lo que supuso una <strong>aut\u00e9ntica batalla para los dos tenistas.<\/strong><\/p>\n<p class=\"ft-text\">Tiafoe <strong>ya sabe lo que es llegar lejos en Nueva York<\/strong>, ya que ha sido <strong>semifinalista en el US Open hasta en dos ocasiones<\/strong>. De hecho,<strong> en 2022 perdi\u00f3 frente a Carlos Alcaraz,<\/strong> a\u00f1o en el que levant\u00f3 su primer Grand Slam. Con esta victoria, el tenista estadounidense certifica su pase a segunda ronda sin un rival decidido.<\/p>\n<p class=\"ft-text\"><strong>Jakub Mensik, cabeza de serie n\u00famero 17<\/strong>, tambi\u00e9n avanz\u00f3 sin problemas tras derrotar a <strong>Shintaro Mochizuki<\/strong>, quien ven\u00eda de la qualy, en un c\u00f3modo partido que se decidi\u00f3 en tres sets: 6-1, 6-4 y 6-5.<\/p>\n<p class=\"ft-text\">El tenista checo ya conoce lo que es ganar en la Gran Manzana, ya que hace apenas unos d\u00edas derrot\u00f3 junto a <strong>Karolina Muchova<\/strong> a<strong> Flavio Cobolli y Belinda Bencic <\/strong>para <strong>consagrarse como los ganadores<\/strong> en la modalidad de dobles mixtos, por 6-3, 1-6 y 10-6.<\/p>\n<p>Auger-Aliassime posible rival de Alcaraz en la final<\/p>\n<p class=\"ft-text\"><strong>Auger-Aliassime<\/strong>, que part\u00eda como el cabeza de serie n\u00famero 3, consigui\u00f3 certificar el pase a segunda ronda en cuatro sets tras derrotar a <strong>Rinky Hijikata<\/strong> por 7-5, 4-6, 6-3 y 7-5. El canadiense se perfila como uno de los <strong>grandes candidatos<\/strong> a medirse contra <strong>Carlos Alcaraz en una posible final<\/strong>.<\/p>\n<p class=\"ft-text\"><strong>Learner Tien<\/strong> tambi\u00e9n<strong> pas\u00f3 a segunda ronda<\/strong> tras disputar un encuentro que control\u00f3 en todo momento ante el portugu\u00e9s <strong>Nuno Borges<\/strong> por 6-4, 6-1 y 6-2.<\/p>\n<p>Las chicas cumplen para pasar a segunda ronda<\/p>\n<p class=\"ft-text\">Respecto al cuadro femenino, <strong>la \u00fanica cabeza de serie eliminada fue Sara Bejlek<\/strong>. Por lo que respecta a las dem\u00e1s chicas,<strong> todas superaron la primera prueba de fuego del US Open.<\/strong> En el caso de <strong>Iga Swiatek<\/strong>, consigue acceder a segunda ronda tras ganar en <strong>dos c\u00f3modos sets a Wang Xiyu por 6-1 y 6-3.<\/strong><\/p>\n<p class=\"ft-text\">Quien s\u00ed sufri\u00f3 un poco m\u00e1s fue <strong>Naomi Osaka<\/strong>, quien derrot\u00f3 a Anastasia Zakharova teniendo que enfrentarse a dos tiebreaks para finalmente conseguir la victoria sobreponi\u00e9ndose.<\/p>\n<p class=\"ft-text\">Esta tarde se medir\u00e1n el resto de <strong>cabezas de serie de las chicas<\/strong>, como <strong>Elena Rybakina, Belinda Bencic, Mirra Andreeva<\/strong>, entre otras.<\/p>\n","protected":false},"excerpt":{"rendered":"Pocas sorpresas ha tra\u00eddo la segunda jornada del US Open en cuanto a los principales cabezas de serie,&hellip;\n","protected":false},"author":2,"featured_media":742123,"comment_status":"","ping_status":"","sticky":false,"template":"","format":"standard","meta":{"footnotes":""},"categories":[274],"tags":[545,21594,168,25,24,12014,547,5829,23,167,6095,327,326,1559,541],"class_list":["post-742122","post","type-post","status-publish","format-standard","has-post-thumbnail","category-tenis","tag-carlos-alcaraz","tag-cumplen","tag-deportes","tag-es","tag-espana","tag-favoritos","tag-novak-djokovic","tag-open","tag-spain","tag-sports","tag-susto","tag-tenis","tag-tennis","tag-us","tag-us-open"],"share_on_mastodon":{"url":"https:\/\/pubeurope.com\/@es\/117196094715971546","error":""},"_links":{"self":[{"href":"https:\/\/www.europesays.com\/es\/wp-json\/wp\/v2\/posts\/742122","targetHints":{"allow":["GET"]}}],"collection":[{"href":"https:\/\/www.europesays.com\/es\/wp-json\/wp\/v2\/posts"}],"about":[{"href":"https:\/\/www.europesays.com\/es\/wp-json\/wp\/v2\/types\/post"}],"author":[{"embeddable":true,"href":"https:\/\/www.europesays.com\/es\/wp-json\/wp\/v2\/users\/2"}],"replies":[{"embeddable":true,"href":"https:\/\/www.europesays.com\/es\/wp-json\/wp\/v2\/comments?post=742122"}],"version-history":[{"count":0,"href":"https:\/\/www.europesays.com\/es\/wp-json\/wp\/v2\/posts\/742122\/revisions"}],"wp:featuredmedia":[{"embeddable":true,"href":"https:\/\/www.europesays.com\/es\/wp-json\/wp\/v2\/media\/742123"}],"wp:attachment":[{"href":"https:\/\/www.europesays.com\/es\/wp-json\/wp\/v2\/media?parent=742122"}],"wp:term":[{"taxonomy":"category","embeddable":true,"href":"https:\/\/www.europesays.com\/es\/wp-json\/wp\/v2\/categories?post=742122"},{"taxonomy":"post_tag","embeddable":true,"href":"https:\/\/www.europesays.com\/es\/wp-json\/wp\/v2\/tags?post=742122"}],"curies":[{"name":"wp","href":"https:\/\/api.w.org\/{rel}","templated":true}]}}