{"id":742126,"date":"2026-09-01T13:49:12","date_gmt":"2026-09-01T13:49:12","guid":{"rendered":"https:\/\/www.europesays.com\/es\/742126\/"},"modified":"2026-09-01T13:49:12","modified_gmt":"2026-09-01T13:49:12","slug":"la-canada-de-bell-haynes-puede-con-la-argentina-de-brussino-asi-han-jugado-los-del-casademont-zaragoza","status":"publish","type":"post","link":"https:\/\/www.europesays.com\/es\/742126\/","title":{"rendered":"La Canad\u00e1 de Bell-Haynes puede con la Argentina de Brussino: as\u00ed han jugado los del Casademont Zaragoza"},"content":{"rendered":"<p class=\"ft-text ft-helper-closenews\">El Casademont Zaragoza tuvo representaci\u00f3n a ambos lados de la pista en uno de los partidos m\u00e1s atractivos de las Ventanas FIBA. <strong>La Canad\u00e1 de Trae Bell-Haynes se impuso a la Argentina de Nico Brussino por 97-92<\/strong> en Quebec, en un encuentro de clasificaci\u00f3n para el Mundial de 2027 y en el que se enfrentaron los que ahora van a ser compa\u00f1eros.<\/p>\n<p class=\"ft-text\">La victoria cay\u00f3 del lado de Bell-Haynes, aunque el base canadiense no pudo trasladar al duelo ante Argentina el gran rendimiento que hab\u00eda mostrado d\u00edas antes frente a Panam\u00e1. El jugador del Casademont Zaragoza permaneci\u00f3 <strong>17 minutos sobre la pista, pero no consigui\u00f3 anotar y fall\u00f3 sus tres lanzamientos, aunque reparti\u00f3 dos asistencias<\/strong>. Una actuaci\u00f3n discreta que le llev\u00f3 a terminar con <strong>-3 de valoraci\u00f3n<\/strong>, el \u00fanico registro negativo entre los jugadores de Canad\u00e1.<\/p>\n<p class=\"ft-text\">Mejores sensaciones dej\u00f3 <strong>Nico Brussino<\/strong> en el lado argentino a pesar de la derrota de su selecci\u00f3n. El jugador del Casademont Zaragoza fue uno de los hombres m\u00e1s destacados de la albiceleste y termin\u00f3 el encuentro con <strong>11 puntos y cuatro rebotes en cerca de 20 minutos de juego<\/strong>. Sus n\u00fameros le permitieron alcanzar <strong>12 cr\u00e9ditos de valoraci\u00f3n<\/strong>, siendo uno de los argentinos m\u00e1s productivos sobre la pista.<\/p>\n<p class=\"ft-text\">Ahora, ta<strong>nto Bell-Haynes como Brussino, una vez acabados sus compromisos internacionales, se incorporar\u00e1n<\/strong> en las pr\u00f3ximas horas a la disciplina del conjunto aragon\u00e9s y comenzar\u00e1n su particular pretemporada.<\/p>\n<p data-close=\"closedContent\" class=\"subscribeHideForDisplay\">Suscr\u00edbete para seguir leyendo<\/p>\n","protected":false},"excerpt":{"rendered":"El Casademont Zaragoza tuvo representaci\u00f3n a ambos lados de la pista en uno de los partidos m\u00e1s atractivos&hellip;\n","protected":false},"author":2,"featured_media":742127,"comment_status":"","ping_status":"","sticky":false,"template":"","format":"standard","meta":{"footnotes":""},"categories":[269],"tags":[283,299,298,26088,60506,3730,168,25,24,26089,23,167],"class_list":["post-742126","post","type-post","status-publish","format-standard","has-post-thumbnail","category-baloncesto","tag-argentina","tag-baloncesto","tag-basketball","tag-bell","tag-brussino","tag-canada","tag-deportes","tag-es","tag-espana","tag-haynes","tag-spain","tag-sports"],"share_on_mastodon":{"url":"https:\/\/pubeurope.com\/@es\/117196106578244678","error":""},"_links":{"self":[{"href":"https:\/\/www.europesays.com\/es\/wp-json\/wp\/v2\/posts\/742126","targetHints":{"allow":["GET"]}}],"collection":[{"href":"https:\/\/www.europesays.com\/es\/wp-json\/wp\/v2\/posts"}],"about":[{"href":"https:\/\/www.europesays.com\/es\/wp-json\/wp\/v2\/types\/post"}],"author":[{"embeddable":true,"href":"https:\/\/www.europesays.com\/es\/wp-json\/wp\/v2\/users\/2"}],"replies":[{"embeddable":true,"href":"https:\/\/www.europesays.com\/es\/wp-json\/wp\/v2\/comments?post=742126"}],"version-history":[{"count":0,"href":"https:\/\/www.europesays.com\/es\/wp-json\/wp\/v2\/posts\/742126\/revisions"}],"wp:featuredmedia":[{"embeddable":true,"href":"https:\/\/www.europesays.com\/es\/wp-json\/wp\/v2\/media\/742127"}],"wp:attachment":[{"href":"https:\/\/www.europesays.com\/es\/wp-json\/wp\/v2\/media?parent=742126"}],"wp:term":[{"taxonomy":"category","embeddable":true,"href":"https:\/\/www.europesays.com\/es\/wp-json\/wp\/v2\/categories?post=742126"},{"taxonomy":"post_tag","embeddable":true,"href":"https:\/\/www.europesays.com\/es\/wp-json\/wp\/v2\/tags?post=742126"}],"curies":[{"name":"wp","href":"https:\/\/api.w.org\/{rel}","templated":true}]}}