{"id":742136,"date":"2026-09-01T13:56:15","date_gmt":"2026-09-01T13:56:15","guid":{"rendered":"https:\/\/www.europesays.com\/es\/742136\/"},"modified":"2026-09-01T13:56:15","modified_gmt":"2026-09-01T13:56:15","slug":"el-minuto-heroico-yo-tambien-deje-el-opus-dei-estrena-su-secuela-este-mes-trailer-y-fecha-de-estreno-de-el-buen-espiritu-detras-de-la-puerta-del-opus-dei","status":"publish","type":"post","link":"https:\/\/www.europesays.com\/es\/742136\/","title":{"rendered":"&#8216;El minuto heroico: Yo tambi\u00e9n dej\u00e9 el Opus Dei&#8217; estrena su secuela este mes: tr\u00e1iler y fecha de estreno de &#8216;El buen esp\u00edritu: Detr\u00e1s de la puerta del Opus Dei&#8217;"},"content":{"rendered":"<p><b>En 2025<\/b> fuimos testigos del resultado del arduo trabajo de investigaci\u00f3n de la <b>periodista\u00a0M\u00f2nica Terribas<\/b> gracias a\u00a0<b>El minuto heroico: Yo tambi\u00e9n dej\u00e9 el Opus Dei, una miniserie de 4 episodios<\/b> que sac\u00f3 a relucir, mediante <b>testimonios directos de\u00a013 mujeres<\/b> de Espa\u00f1a, Am\u00e9rica Latina, Irlanda y Reino Unido, <b>c\u00f3mo el Opus Dei las capt\u00f3<\/b>, control\u00f3 y mortific\u00f3 hasta que lograron <b>abandonar la instituci\u00f3n<\/b>.<\/p>\n<p>Por supuesto <b>el Opus Dei realiz\u00f3 una declaraci\u00f3n oficial<\/b> en la que reconoc\u00eda\u00a0<b>errores <\/b>en algunos procesos de discernimiento y acompa\u00f1amiento, pero <b>neg\u00f3 que existiera un sistema abusivo<\/b> o <b>reclutamiento forzado<\/b>, y acus\u00f3 a la serie de sesgo.<\/p>\n<p>Ahora <b>llega una continuaci\u00f3n<\/b> de nuevo en forma de <b>serie documental<\/b> la cual, esta vez, <b>cambiar\u00e1 el enfoque hacia la perspectiva masculina<\/b>, con declaraciones de varios antiguos\u00a0<b>numerarios varones y sacerdotes<\/b>\u00a0pero manteniendo la misma l\u00ednea de denuncia sobre los abusos internos.<\/p>\n<p>Continuando con la investigaci\u00f3n<\/p>\n<p><b>El buen esp\u00edritu: Detr\u00e1s de la puerta del Opus Dei<\/b>\u00a0llegar\u00e1<b> a HBO Max el pr\u00f3ximo\u00a025 de septiembre<\/b>, fecha en la que la plataforma estrenar\u00e1 de una vez sus <b>tres episodios<\/b>. La producci\u00f3n vuelve a estar <b>creada y dirigida por M\u00f2nica Terribas<\/b> y corre a cargo de THE MEDIAPRO STUDIO, retomando la investigaci\u00f3n iniciada con\u00a0El minuto heroico, que <a href=\"https:\/\/www.larazon.es\/television\/programas\/estos-son-ganadores-premios-ondas-2025_202510286900f8314e775547a9057904.html\" rel=\"nofollow noopener\" target=\"_blank\">recibi\u00f3 el Premio Ondas al mejor documental en 2025<\/a>.<\/p>\n<p>En esta ocasi\u00f3n <b>ser\u00e1n\u00a014 hombres de once pa\u00edses<\/b>\u00a0quienes relaten sus <b>experiencias dentro del Opus Dei<\/b>. Entre ellos hay antiguos numerarios y sacerdotes, pero tambi\u00e9n personas que llegaron a ocupar <b>puestos de responsabilidad<\/b> dentro de la instituci\u00f3n como directores, secretarios o miembros de consejos locales y comisiones regionales. Sus testimonios recorren <b>diferentes etapas de sus vidas<\/b> y proceden de pa\u00edses como Espa\u00f1a, Italia, Francia, Polonia, Alemania, Inglaterra, M\u00e9xico, Guatemala, El Salvador, Estados Unidos y Argentina.<\/p>\n<p>La nueva serie documental pretende <b>profundizar <\/b>as\u00ed en el <b>funcionamiento interno de la instituci\u00f3n<\/b> a trav\u00e9s de las experiencias de sus protagonistas, abordando cuestiones relacionadas con el <b>poder<\/b>, el <b>dinero <\/b>y la <b>influencia<\/b>, adem\u00e1s de las din\u00e1micas de direcci\u00f3n espiritual y preceptuaci\u00f3n que, seg\u00fan los testimonios recogidos, afectaban especialmente a <b>adolescentes y j\u00f3venes universitarios<\/b>.<\/p>\n<p>Tambi\u00e9n expertos de fuera<\/p>\n<p>Para contextualizar estos relatos,\u00a0El buen esp\u00edritu\u00a0<b>incorpora tambi\u00e9n las voces de varios expertos<\/b>, entre ellos el <b>catedr\u00e1tico de Derecho<\/b> Can\u00f3nico Santiago Bueno Salinas, la <b>soci\u00f3loga <\/b>Mar\u00eda Esther Fern\u00e1ndez Mostaza, la <b>psic\u00f3loga <\/b>cl\u00ednica Vega Gonz\u00e1lez, el <b>periodista de investigaci\u00f3n<\/b> Gareth Gore y Rebecca Griffin, <b>directora de The Deep Dive Project<\/b>.<\/p>\n","protected":false},"excerpt":{"rendered":"En 2025 fuimos testigos del resultado del arduo trabajo de investigaci\u00f3n de la periodista\u00a0M\u00f2nica Terribas gracias a\u00a0El minuto&hellip;\n","protected":false},"author":2,"featured_media":742137,"comment_status":"","ping_status":"","sticky":false,"template":"","format":"standard","meta":{"footnotes":""},"categories":[169],"tags":[177,146,147,25,24,176,3526,175,23,6879],"class_list":["post-742136","post","type-post","status-publish","format-standard","has-post-thumbnail","category-cine","tag-cine","tag-entertainment","tag-entretenimiento","tag-es","tag-espana","tag-film","tag-hbo-max","tag-movies","tag-spain","tag-streaming"],"share_on_mastodon":{"url":"https:\/\/pubeurope.com\/@es\/117196134168388117","error":""},"_links":{"self":[{"href":"https:\/\/www.europesays.com\/es\/wp-json\/wp\/v2\/posts\/742136","targetHints":{"allow":["GET"]}}],"collection":[{"href":"https:\/\/www.europesays.com\/es\/wp-json\/wp\/v2\/posts"}],"about":[{"href":"https:\/\/www.europesays.com\/es\/wp-json\/wp\/v2\/types\/post"}],"author":[{"embeddable":true,"href":"https:\/\/www.europesays.com\/es\/wp-json\/wp\/v2\/users\/2"}],"replies":[{"embeddable":true,"href":"https:\/\/www.europesays.com\/es\/wp-json\/wp\/v2\/comments?post=742136"}],"version-history":[{"count":0,"href":"https:\/\/www.europesays.com\/es\/wp-json\/wp\/v2\/posts\/742136\/revisions"}],"wp:featuredmedia":[{"embeddable":true,"href":"https:\/\/www.europesays.com\/es\/wp-json\/wp\/v2\/media\/742137"}],"wp:attachment":[{"href":"https:\/\/www.europesays.com\/es\/wp-json\/wp\/v2\/media?parent=742136"}],"wp:term":[{"taxonomy":"category","embeddable":true,"href":"https:\/\/www.europesays.com\/es\/wp-json\/wp\/v2\/categories?post=742136"},{"taxonomy":"post_tag","embeddable":true,"href":"https:\/\/www.europesays.com\/es\/wp-json\/wp\/v2\/tags?post=742136"}],"curies":[{"name":"wp","href":"https:\/\/api.w.org\/{rel}","templated":true}]}}