{"id":742148,"date":"2026-09-01T14:02:19","date_gmt":"2026-09-01T14:02:19","guid":{"rendered":"https:\/\/www.europesays.com\/es\/742148\/"},"modified":"2026-09-01T14:02:19","modified_gmt":"2026-09-01T14:02:19","slug":"el-rey-haakon-viii-de-noruegaa-jura-la-constitucion","status":"publish","type":"post","link":"https:\/\/www.europesays.com\/es\/742148\/","title":{"rendered":"El rey Haakon VIII de Noruegaa jura la Constituci\u00f3n"},"content":{"rendered":"<p>El <strong>rey Haakon VIII de Noruega ha prestado juramento<\/strong> este martes ante el Storting (el Parlamento noruego) como nuevo jefe de Estado tras el fallecimiento el pasado viernes de su padre, el rey Harald V. Mientras tanto, la capilla ardiente con el f\u00e9retro del monarca fallecido se ha abierto a la poblaci\u00f3n en el Palacio Real y permanecer\u00e1 all\u00ed hasta su funeral el pr\u00f3ximo d\u00eda 9 de septiembre. La reina Mette-Marit no ha acudido a la ceremonia por problemas de salud.<\/p>\n<p>El nuevo monarca se ha comprometido ante los parlamentarios noruegos a<strong> gobernar \u00abde conformidad con su Constituci\u00f3n y sus leyes\u00bb <\/strong>en una ceremonia que se celebr\u00f3 por \u00faltima vez el 21 de enero de 1991. Entonces, fue Harald V quien jur\u00f3 la Carta Magna tras la muerte de su padre, Olav V.<\/p>\n<p>Durante el acto, se ha guardado un minuto de silencio en honor a Harald V, considerado considerado como el \u00ababuelo\u00bb de los noruegos tras m\u00e1s de tres d\u00e9cadas en el trono. El rey muri\u00f3 el pasado viernes a los 89 a\u00f1os, tras 11 d\u00edas ingresado en el Hospital Nacional de Oslo.<\/p>\n<p>La ausencia de la reina Mette-Marit<\/p>\n<p>Aunque su presencia estaba prevista hasta este mismo martes, la <strong>reina Mette-Marit de Noruega no ha acudido al acto <\/strong>por problemas de salud derivados del trasplante de pulm\u00f3n al que se someti\u00f3 en el mes de junio, seg\u00fan ha informado la Casa Real noruega. El fin de semana tampoco estuvo presente en las distintas ceremonias organizadas por la muerte de Harald V.<\/p>\n<p>\u00abNo es infrecuente que haya complicaciones despu\u00e9s de un trasplante de pulm\u00f3n. La reina ha tenido <strong>problemas en varios momentos desde la operaci\u00f3n<\/strong>, tambi\u00e9n hoy. Debido a esto, estar\u00e1 en observaci\u00f3n durante el d\u00eda y, desgraciadamente, no podr\u00e1 participar en el juramento en el Parlamento\u00bb, afirma el comunicado, recogido por Efe.<\/p>\n<p>Ser\u00e1 la princesa heredera Ingrid Alexandra la que acompa\u00f1e a su padre durante el juramento, seg\u00fan especifica la nota. Su hermano, el pr\u00edncipe Sverre Magnus, y la reina Sonia, madre de Haakon VIII, presenciar\u00e1n el acto desde la tribuna del Parlamento.<\/p>\n<p>La \u00abgran tarea\u00bb del nuevo rey<\/p>\n<p>Haakon VIII pronunci\u00f3 su <a href=\"https:\/\/www.rtve.es\/noticias\/20260829\/haakon-viii-noruega-primer-discurso-como-monarca\/17205961.shtml\" target=\"_blank\" rel=\"nofollow noopener\">primer discurso como rey<\/a> el s\u00e1bado y en \u00e9l lament\u00f3 que el mundo \u00abes m\u00e1s inseguro e impredecible\u00bb ahora que \u00ablo que era durante gran parte del reinado\u00bb de su padre. El nuevo monarca, que llega al trono rodeado de los varios esc\u00e1ndalos que salpican a su familia, asegura tener por delante \u00abuna gran tarea\u00bb.<\/p>\n<p>\u00abCon ayuda de Dios y con el apoyo del pueblo espero<strong> la gran tarea que hay por delante<\/strong>\u00ab, dijo Haakon VIII, el cuarto rey del pa\u00eds n\u00f3rdico desde su independencia de Suecia en 1905. El nuevo rey tiene el reto de mantener el legado que dej\u00f3 su padre, quien se gan\u00f3 el respeto de su pueblo a lo largo de m\u00e1s de 35 a\u00f1os en el trono.<\/p>\n<p>Sin embargo, la llegada al poder de Haakon VII est\u00e1 salpicada por el esc\u00e1ndalo. Por un lado est\u00e1n los v\u00ednculos de su esposa con el depredador sexual Jeffrey Epstein, ya que el nombre de la ahora reina Mette-Marit aparece m\u00e1s de <strong>1.000 veces en los \u00faltimos documentos desclasificados por EE.UU. sobre el caso. <\/strong><\/p>\n<p>El hallazgo confirm\u00f3 que el v\u00ednculo entre ambos fue m\u00e1s estrecho y prolongado de lo que ella hab\u00eda admitido hasta entonces. De hecho, el pasado junio la entonces princesa ofreci\u00f3 una disculpa p\u00fablica a trav\u00e9s de un comunicado en el que asegur\u00f3 que el contenido de los mensajes desvelados no representaba \u00aba la persona que ella quer\u00eda ser\u00bb.<\/p>\n<p>En aquel momento, fue su esposo quien compareci\u00f3 ante los medios para dar explicaciones y excus\u00f3 a su esposa aludiendo a su delicado estado de salud.<\/p>\n<p>Por otro lado, est\u00e1 la <a href=\"https:\/\/www.rtve.es\/noticias\/20260615\/cuatro-anos-carcel-para-marius-borg-hijo-princesa-mette-marit-noruega-por-dos-violaciones-maltrato\/17115294.shtml\" target=\"_blank\" rel=\"nofollow noopener\">condena por delitos sexuales contra el hijo de Mette-Marit<\/a>, Marius Borg. En junio, un juzgado de Oslo le sentenci\u00f3 a cuatro a\u00f1os de c\u00e1rcel al considerarle culpable de dos delitos de violaci\u00f3n y maltrato a una de sus exnovias.<\/p>\n<p>Abre la capilla ardiente del rey Harald V<\/p>\n<p>El f\u00e9retro de Harald V de Noruega lleg\u00f3 el lunes a la capilla del Palacio Real de Oslo, que este martes abre sus puertas para que los noruegos den su \u00faltimo adi\u00f3s al fallecido rey. El ata\u00fad permanecer\u00e1 cubierto con la  bandera de la familia real de Noruega.<\/p>\n<p>Su traslado desde el llamado Sal\u00f3n Rojo hasta la capilla se efectu\u00f3 en una ceremonia solemne que fue televisada y a la que s\u00ed asisti\u00f3 la reina Mette-Marit.<\/p>\n","protected":false},"excerpt":{"rendered":"El rey Haakon VIII de Noruega ha prestado juramento este martes ante el Storting (el Parlamento noruego) como&hellip;\n","protected":false},"author":2,"featured_media":742149,"comment_status":"","ping_status":"","sticky":false,"template":"","format":"standard","meta":{"footnotes":""},"categories":[42],"tags":[17,18,13,14,11,61,62,63,64,19,20,9,10,15,16,12,21,22,65,66,67],"class_list":["post-742148","post","type-post","status-publish","format-standard","has-post-thumbnail","category-internacional","tag-breaking-news","tag-breakingnews","tag-featured-news","tag-featurednews","tag-headlines","tag-internacional","tag-international","tag-international-news","tag-internationalnews","tag-latest-news","tag-latestnews","tag-news","tag-noticias","tag-noticias-destacadas","tag-noticiasdestacadas","tag-titulares","tag-ultimas-noticias","tag-ultimasnoticias","tag-world","tag-world-news","tag-worldnews"],"share_on_mastodon":{"url":"","error":""},"_links":{"self":[{"href":"https:\/\/www.europesays.com\/es\/wp-json\/wp\/v2\/posts\/742148","targetHints":{"allow":["GET"]}}],"collection":[{"href":"https:\/\/www.europesays.com\/es\/wp-json\/wp\/v2\/posts"}],"about":[{"href":"https:\/\/www.europesays.com\/es\/wp-json\/wp\/v2\/types\/post"}],"author":[{"embeddable":true,"href":"https:\/\/www.europesays.com\/es\/wp-json\/wp\/v2\/users\/2"}],"replies":[{"embeddable":true,"href":"https:\/\/www.europesays.com\/es\/wp-json\/wp\/v2\/comments?post=742148"}],"version-history":[{"count":0,"href":"https:\/\/www.europesays.com\/es\/wp-json\/wp\/v2\/posts\/742148\/revisions"}],"wp:featuredmedia":[{"embeddable":true,"href":"https:\/\/www.europesays.com\/es\/wp-json\/wp\/v2\/media\/742149"}],"wp:attachment":[{"href":"https:\/\/www.europesays.com\/es\/wp-json\/wp\/v2\/media?parent=742148"}],"wp:term":[{"taxonomy":"category","embeddable":true,"href":"https:\/\/www.europesays.com\/es\/wp-json\/wp\/v2\/categories?post=742148"},{"taxonomy":"post_tag","embeddable":true,"href":"https:\/\/www.europesays.com\/es\/wp-json\/wp\/v2\/tags?post=742148"}],"curies":[{"name":"wp","href":"https:\/\/api.w.org\/{rel}","templated":true}]}}