{"id":742150,"date":"2026-09-01T14:03:22","date_gmt":"2026-09-01T14:03:22","guid":{"rendered":"https:\/\/www.europesays.com\/es\/742150\/"},"modified":"2026-09-01T14:03:22","modified_gmt":"2026-09-01T14:03:22","slug":"la-moncloa-el-gasto-de-los-turistas-internacionales-supera-los-18-200-millones-de-euros-en-julio-un-109-mas-que-en-2025","status":"publish","type":"post","link":"https:\/\/www.europesays.com\/es\/742150\/","title":{"rendered":"La Moncloa. El gasto de los turistas internacionales supera los 18.200 millones de euros en julio, un 10,9% m\u00e1s que en 2025"},"content":{"rendered":"<p>&#13;<\/p>\n<p>Espa\u00f1a recibi\u00f3 11,5 millones de turistas internacionales en julio, un 4,6% m\u00e1s que en el mismo mes de 2025, seg\u00fan los datos que publica el <a href=\"https:\/\/www.ine.es\/\" title=\"INE\" target=\"_blank\" onclick=\"javascript:GoogleTrackEvent(&#039;True&#039;,&#039;Contenido&#039;,&#039;Click&#039;,&#039;[https:\/\/www.lamoncloa.gob.es\/serviciosdeprensa\/notasprensa\/industria-turismo\/Paginas\/2026\/010926-gasto-turistas-internacionales-julio.aspx] Instituto Nacional de Estad\u00edstica (INE). [https:\/\/www.ine.es\/]&#039;);\" rel=\"nofollow noopener\">Instituto Nacional de Estad\u00edstica (INE)<\/a>. En cuanto al gasto de los turistas internacionales, ha crecido en este mes un 10,9%, hasta alcanzar los 18.218 millones de euros.<\/p>\n<p>En el acumulado de los siete primeros meses de 2026, la llegada de turistas internacionales se sit\u00faa en 58,1 millones, lo que supone un crecimiento del 4,6% sobre el mismo periodo del a\u00f1o anterior. En cuanto al gasto, hasta julio los turistas for\u00e1neos han gastado cerca de 82.000 millones, un 7,8% m\u00e1s.<\/p>\n<p>Durante el mes de julio, cada turista internacional gast\u00f3 un promedio de 1.579 euros, lo que representa un incremento del 5,9% respecto al a\u00f1o anterior. El gasto medio diario de los visitantes se situ\u00f3 en 218 euros, con un crecimiento interanual del 3,7%.<\/p>\n<p>La duraci\u00f3n de la estancia mayoritaria entre los turistas en este mes fue de cuatro a siete noches, con m\u00e1s de 5,7 millones y un aumento anual del 8,7%. El n\u00famero de visitantes disminuy\u00f3 un 3,6% entre los que no pernoctan (excursionistas), mientras que se increment\u00f3 un 12,8% entre los turistas con mayor duraci\u00f3n (m\u00e1s de 15 noches).<\/p>\n<p>En el mes de julio, Reino Unido ha sido el primer pa\u00eds de origen de las personas que nos visitan, con 2,2 millones de turistas, un aumento del 5,6%. En cuanto al gasto, los ciudadanos de Reino Unido han dejado en Espa\u00f1a en julio 3.038 millones de euros, un 4,8% m\u00e1s que en el mismo mes del 2025.<\/p>\n<p>En segundo lugar, se encuentra Francia, cuyos turistas aumentaron un 2,3% respecto a julio del 2025, con cerca de 11,5 millones de turistas internacionales. El gasto tambi\u00e9n aumenta un 12,6% con un total de 1.644 millones de euros.<\/p>\n<p>Y la tercera posici\u00f3n es para Alemania. De este pa\u00eds han llegado 1,2 millones de turistas en julio, lo que se traduce en un aumento del 2,3% interanual. El gasto de los turistas alemanes alcanza los 1.751 millones de euros, un 11,5% m\u00e1s que el mismo mes de 2025.<\/p>\n<p>Este mes de julio destaca el crecimiento en el n\u00famero de visitantes de Italia, un 16,9% m\u00e1s, y de Suiza, un 13,2% por encima del mismo mes del a\u00f1o pasado. En cuanto al gasto, tambi\u00e9n destaca el fuerte aumento del mercado italiano, que crece un 24,5%. Notable es tambi\u00e9n el aumento del gasto del cap\u00edtulo &#8216;Resto del mundo&#8217;, que progresa un 13,8% interanual.<\/p>\n<p>Illes Balears, destino mayoritario en julio<\/p>\n<p>Illes Balears fue tambi\u00e9n, como en junio, el primer destino principal de los turistas en julio, con el 22,3% del total. Le siguieron Catalu\u00f1a (20,6%) y Andaluc\u00eda (14,6%). A Illes Balears llegaron un 0,1% m\u00e1s de turistas que en julio de 2025. El n\u00famero de visitantes a Catalu\u00f1a aument\u00f3 un 0,8% y a Andaluc\u00eda vinieron un 7,5% m\u00e1s. El mayor porcentaje de incremento se da en este mes en el apartado &#8216;Resto de comunidades&#8217;, que crece un 11,8%.<\/p>\n<p>En cuanto al gasto, este aument\u00f3 un 8,3% en tasa anual en Illes Balears, un 13,0% en Catalu\u00f1a y un 23,4% en Andaluc\u00eda. En el cap\u00edtulo del gasto tambi\u00e9n hay que destacar la notable subida del &#8216;Resto de comunidades&#8217;, con un porcentaje de incremento del 17,4%.<\/p>\n<p>&#13;<\/p>\n","protected":false},"excerpt":{"rendered":"&#13; Espa\u00f1a recibi\u00f3 11,5 millones de turistas internacionales en julio, un 4,6% m\u00e1s que en el mismo mes&hellip;\n","protected":false},"author":2,"featured_media":742151,"comment_status":"","ping_status":"","sticky":false,"template":"","format":"standard","meta":{"footnotes":""},"categories":[8],"tags":[517,17,18,25,24,13,14,11,74530,19,20,9,10,15,16,2330,23,12,21,22],"class_list":["post-742150","post","type-post","status-publish","format-standard","has-post-thumbnail","category-espana","tag-actualidad","tag-breaking-news","tag-breakingnews","tag-es","tag-espana","tag-featured-news","tag-featurednews","tag-headlines","tag-industria-y-turismo","tag-latest-news","tag-latestnews","tag-news","tag-noticias","tag-noticias-destacadas","tag-noticiasdestacadas","tag-prensa","tag-spain","tag-titulares","tag-ultimas-noticias","tag-ultimasnoticias"],"share_on_mastodon":{"url":"https:\/\/pubeurope.com\/@es\/117196161724151822","error":""},"_links":{"self":[{"href":"https:\/\/www.europesays.com\/es\/wp-json\/wp\/v2\/posts\/742150","targetHints":{"allow":["GET"]}}],"collection":[{"href":"https:\/\/www.europesays.com\/es\/wp-json\/wp\/v2\/posts"}],"about":[{"href":"https:\/\/www.europesays.com\/es\/wp-json\/wp\/v2\/types\/post"}],"author":[{"embeddable":true,"href":"https:\/\/www.europesays.com\/es\/wp-json\/wp\/v2\/users\/2"}],"replies":[{"embeddable":true,"href":"https:\/\/www.europesays.com\/es\/wp-json\/wp\/v2\/comments?post=742150"}],"version-history":[{"count":0,"href":"https:\/\/www.europesays.com\/es\/wp-json\/wp\/v2\/posts\/742150\/revisions"}],"wp:featuredmedia":[{"embeddable":true,"href":"https:\/\/www.europesays.com\/es\/wp-json\/wp\/v2\/media\/742151"}],"wp:attachment":[{"href":"https:\/\/www.europesays.com\/es\/wp-json\/wp\/v2\/media?parent=742150"}],"wp:term":[{"taxonomy":"category","embeddable":true,"href":"https:\/\/www.europesays.com\/es\/wp-json\/wp\/v2\/categories?post=742150"},{"taxonomy":"post_tag","embeddable":true,"href":"https:\/\/www.europesays.com\/es\/wp-json\/wp\/v2\/tags?post=742150"}],"curies":[{"name":"wp","href":"https:\/\/api.w.org\/{rel}","templated":true}]}}