{"id":742166,"date":"2026-09-01T14:18:14","date_gmt":"2026-09-01T14:18:14","guid":{"rendered":"https:\/\/www.europesays.com\/es\/742166\/"},"modified":"2026-09-01T14:18:14","modified_gmt":"2026-09-01T14:18:14","slug":"los-xxvii-premios-de-la-musica-reconocen-la-calidad-artistica","status":"publish","type":"post","link":"https:\/\/www.europesays.com\/es\/742166\/","title":{"rendered":"Los XXVII Premios de la M\u00fasica reconocen la calidad art\u00edstica"},"content":{"rendered":"<p>Los XXVII Premios de la M\u00fasica y las Artes Esc\u00e9nicas &#8216;Ciudad de Talavera&#8217; reconocer\u00e1n la labor de talaveranos con trayectorias destacadas en el \u00e1mbito cultural como Mar\u00eda Mun, Javier Moreno &#8216;Piri&#8217; y Allison Torres, y grupos como La Verg\u00fcenza Rock Band, Esencia Pura y el Grupo de Teatro El Corral de C\u00e9firo. As\u00ed lo han desvelado este martes en rueda de prensa el concejal de Cultura, Enrique Etayo, Benedicto Tapetado, presidente de la asociaci\u00f3n Always Elvis, organizadora de estos galardones, e Isabel Alcojor, miembro de la asociaci\u00f3n, subrayando tambi\u00e9n que habr\u00e1 un recuerdo especial para don Aurelio de Le\u00f3n, recientemente fallecido.<\/p>\n<p>La gala de entrega de los premios ser\u00e1 el pr\u00f3ximo 8 de septiembre a las 19,30 horas, coincidiendo con la festividad de la Virgen del Prado, en el Teatro Victoria, donde se har\u00e1 entrega a los galardonados de una pieza cer\u00e1mica firmada por \u00c1ngel N\u00fa\u00f1ez.\u00a0<\/p>\n<p>El concejal de Cultura, Enrique Etayo, subray\u00f3 la importante aportaci\u00f3n cultural que este colectivo realiza durante todo el verano en la ciudad, subrayando que este evento ser\u00e1 el mejor broche final. Asimismo, puso el valor a los premiados: \u00abEstos premios representan muy bien a toda esta gente de Talavera que est\u00e1 colaborando constantemente con el mundo de la cultura\u00bb.<\/p>\n<p>El presidente de Always Elvis, por su parte, record\u00f3 que durante 27 ediciones estos galardones han servido \u00abpara reconocer trayectorias intachables, impecables de personas o entidades en el \u00e1mbito art\u00edstico y cultural\u00bb, subrayando la \u00abcalidad art\u00edstica\u00bb de la que disfruta la ciudad.<\/p>\n<p>premiados. La Verg\u00fcenza Rock Band y Esencia Pura recoger\u00e1n sus Premios en la categor\u00eda musical. Los primeros son una banda de rock de Talavera\u00a0 formada por m\u00fasicos con una clara pasi\u00f3n por el rock y especialmente por el rock espa\u00f1ol, fundada por Rub\u00e9n Ramos Guti\u00e9rrez y Augusto Puig L\u00e1zaro en octubre de 2011. Desde entonces, La Verg\u00fcenza Rock Band ha formado parte de la escena musical de Talavera y su comarca, manteniendo vivo su proyecto y creando canciones propias y originales.<\/p>\n<p>Esencia Pura es un destacado grupo local de flamenco, reconocido especialmente por dinamizar el panorama musical de la ciudad a trav\u00e9s de sus populares sesiones de \u00abtardeo flamenco\u00bb. Se caracteriza por una propuesta art\u00edstica basada en las ra\u00edces tradicionales, la emoci\u00f3n y la pureza del comp\u00e1s, vali\u00e9ndose principalmente de la guitarra, el caj\u00f3n y el cante sin artificios.<\/p>\n<p>El grupo Esencia Pura est\u00e1 formado por el guitarrista Juan Cayetano S\u00e1nchez, a la percusi\u00f3n Francisco Morillo Requena -alias el Chupete- y \u00d3scar G\u00f3mez Mateos al cante conocido como Juncal.<\/p>\n<p>En teatro, la compa\u00f1\u00eda amateur El Corral de C\u00e9firo ha sido la premiada. Formada \u00edntegramente por profesionales del \u00e1rea sanitaria, el grupo naci\u00f3 en 2021 por iniciativa del alerg\u00f3logo \u00c1lvaro Moreno Ancillo con el objetivo inicial de recuperar la actividad cultural y sanar el desgaste emocional provocado por la pandemia de COVID-19.<\/p>\n<p>Lo que comenz\u00f3 como un proyecto hospitalario se ha consolidado en una agrupaci\u00f3n teatral de referencia en la comarca.<\/p>\n<p>Mar\u00eda Mun recoger\u00e1 el premio en categor\u00eda de Cine. La talaverana comenz\u00f3 sus estudios en el Centro de Estudios Cinematogr\u00e1ficos de Talavera de la Reina especializ\u00e1ndose en Direcci\u00f3n de Fotograf\u00eda y Edici\u00f3n. Contin\u00faa su formaci\u00f3n en Madrid en EFTI, Centro Internacional de Fotograf\u00eda y Cine.<\/p>\n<p>En el a\u00f1o 2012 funda la productora DobleM Studio con la que actualmente compagina los reportajes para todotalavera, v\u00eddeos corporativos, cortometrajes, documentales y largometrajes. En sus 14 a\u00f1os dedic\u00e1ndose al sector cinematogr\u00e1fico ha trabajado con varios directores de prestigio.\u00a0<\/p>\n<p>Javier Moreno &#8216;Piri&#8217;, es el presidente y coordinador Taboracrom, la Asociaci\u00f3n de Fot\u00f3grafos de Talavera. Dirige Taboracrom desde su fundaci\u00f3n en 1996 y tambi\u00e9n ejerce como maestro de taller de fotograf\u00eda y procesos de reproducci\u00f3n en la Escuela de Arte Talavera. Organiza anualmente las conocidas Jornadas Fotogr\u00e1ficas Taboracrom y el Marat\u00f3n Fotogr\u00e1fico de la ciudad.<\/p>\n<p>Allison Torres ser\u00e1 reconocida como talento joven. Con siete a\u00f1os comenz\u00f3 a estudiar guitarra y, despu\u00e9s de m\u00e1s de una d\u00e9cada, sigue siendo una parte fundamental de su vida y de su identidad art\u00edstica. Se ha formado en guitarra cl\u00e1sica y flamenca, canto y piano, y ha tenido la oportunidad de crecer sobre los escenarios, tanto en solitario como formando parte de bandas.<\/p>\n","protected":false},"excerpt":{"rendered":"Los XXVII Premios de la M\u00fasica y las Artes Esc\u00e9nicas &#8216;Ciudad de Talavera&#8217; reconocer\u00e1n la labor de talaveranos&hellip;\n","protected":false},"author":2,"featured_media":742167,"comment_status":"","ping_status":"","sticky":false,"template":"","format":"standard","meta":{"footnotes":""},"categories":[170],"tags":[6122,177,2272,26788,146,147,25,24,32704,4108,205,184,185,1273,23,20825,32705,7193],"class_list":["post-742166","post","type-post","status-publish","format-standard","has-post-thumbnail","category-musica","tag-ceramica","tag-cine","tag-covid-19","tag-enrique-etayo","tag-entertainment","tag-entretenimiento","tag-es","tag-espana","tag-festividad-de-la-virgen-del-prado","tag-leon","tag-madrid","tag-music","tag-musica","tag-rock","tag-spain","tag-talavera-de-la-reina","tag-teatro-victoria","tag-virgen-del-prado"],"share_on_mastodon":{"url":"https:\/\/pubeurope.com\/@es\/117196220757640408","error":""},"_links":{"self":[{"href":"https:\/\/www.europesays.com\/es\/wp-json\/wp\/v2\/posts\/742166","targetHints":{"allow":["GET"]}}],"collection":[{"href":"https:\/\/www.europesays.com\/es\/wp-json\/wp\/v2\/posts"}],"about":[{"href":"https:\/\/www.europesays.com\/es\/wp-json\/wp\/v2\/types\/post"}],"author":[{"embeddable":true,"href":"https:\/\/www.europesays.com\/es\/wp-json\/wp\/v2\/users\/2"}],"replies":[{"embeddable":true,"href":"https:\/\/www.europesays.com\/es\/wp-json\/wp\/v2\/comments?post=742166"}],"version-history":[{"count":0,"href":"https:\/\/www.europesays.com\/es\/wp-json\/wp\/v2\/posts\/742166\/revisions"}],"wp:featuredmedia":[{"embeddable":true,"href":"https:\/\/www.europesays.com\/es\/wp-json\/wp\/v2\/media\/742167"}],"wp:attachment":[{"href":"https:\/\/www.europesays.com\/es\/wp-json\/wp\/v2\/media?parent=742166"}],"wp:term":[{"taxonomy":"category","embeddable":true,"href":"https:\/\/www.europesays.com\/es\/wp-json\/wp\/v2\/categories?post=742166"},{"taxonomy":"post_tag","embeddable":true,"href":"https:\/\/www.europesays.com\/es\/wp-json\/wp\/v2\/tags?post=742166"}],"curies":[{"name":"wp","href":"https:\/\/api.w.org\/{rel}","templated":true}]}}