{"id":742174,"date":"2026-09-01T14:22:18","date_gmt":"2026-09-01T14:22:18","guid":{"rendered":"https:\/\/www.europesays.com\/es\/742174\/"},"modified":"2026-09-01T14:22:18","modified_gmt":"2026-09-01T14:22:18","slug":"lucas-de-andy-y-lucas-sobre-lo-que-se-ha-gastado-en-su-nueva-nariz-con-6-000-euros-no-te-da","status":"publish","type":"post","link":"https:\/\/www.europesays.com\/es\/742174\/","title":{"rendered":"Lucas, de Andy y Lucas, sobre lo que se ha gastado en su nueva nariz: \u00abCon 6.000 euros no te da\u00bb"},"content":{"rendered":"<p style=\"\">Hace algunas semanas Lucas Gonz\u00e1lez \u2014de Andy y Lucas\u2014 explicaba que no quer\u00eda dar detalles sobre su operaci\u00f3n de nariz, pero dejaba caer que estaba a la vuelta de la esquina. Ahora unas im\u00e1genes que ha publicado &#8216;Y ahora Sonsoles&#8217; desvelan que la intervenci\u00f3n ya  &#8230; <strong>ha tenido lugar en Turqu\u00eda<\/strong>, donde el artista permanece mientras se asienta su nuevo rostro. <\/p>\n<p class=\"v-d-p\" style=\"\">Hace dos a\u00f1os que la nariz de Lucas se convirti\u00f3 en el centro de todas las miradas. El artista, que tiene ahora 43 a\u00f1os, luc\u00eda un perfil muy diferente al que acostumbraba, dando lugar a las especulaciones. \u00c9l <strong>neg\u00f3 por activa y por pasiva<\/strong> que hubiera pasado por el quir\u00f3fano, pero con el tiempo se vio obligado a aceptarlo. Sobre todo a medida que iba haci\u00e9ndose evidente su cambio f\u00edsico. <\/p>\n<p class=\"v-d-p\" style=\"\">\u00abHe sido feo y ser\u00e9 feo\u00bb, dec\u00eda con sentido del humor ante los medios de comunicaci\u00f3n y despu\u00e9s de hacerse viral por su cambio f\u00edsico. Unos meses despu\u00e9s, durante una entrevista en &#8216;El Hormiguero&#8217; para promocionar su gira de despedida del grupo Andy y Lucas, confes\u00f3 que no se le hab\u00eda curado bien. \u00ab<strong>Me hice una cosa est\u00e9tica en la nariz<\/strong> y ha sido totalmente culpa m\u00eda porque me quitaba las gasas fuera de su momento, no me echaba las cremas y pomadas como las ten\u00eda que poner\u00bb, dec\u00eda entre l\u00e1grimas.<\/p>\n<ul class=\"v-cmp-rld__u\">\n<li class=\"v-cmp-rld__l\">\n<p><a class=\"v-a-lnk\" href=\"http:\/\/www.abc.es\/gente\/lucas-andy-lucas-exultante-tras-operarse-nariz-20260822140000-nt.html#vtm_modulosEngag=noticiasrelacionadas-cmp-uno:gente:noticia:1\" data-voc-vtm-id=\"in-text-traffic\" rel=\"nofollow noopener\" target=\"_blank\"><br \/>\n<img decoding=\"async\" loading=\"lazy\" src=\"https:\/\/www.europesays.com\/es\/wp-content\/uploads\/2026\/09\/lucas-nariz-U22171546677yFp-366x256@diario_abc.jpg\" class=\"v-a-img\" width=\"258\" height=\"180\" alt=\"Lucas, de Andy y Lucas, exultante tras operarse la nariz en Turqu\u00eda: \u00abFue todo un \u00e9xito\u00bb\"\/><br \/>\n<\/a><\/p>\n<\/li>\n<\/ul>\n<p class=\"v-d-p\" style=\"\">Para justificar el haber mentido, revelaba visiblemente afectado: \u00abMe quer\u00eda amparar a <strong>mi libertad de no dar explicaciones<\/strong>\u00bb. Pero lo que ha seguido ha sido posiblemente lo \u00faltimo que esperaba. <\/p>\n<p class=\"v-d-p\" style=\"\">El final de su relaci\u00f3n de amistad con Andy, pese a que eran como hermanos, fue de la mano con el final de su carrera musical. Termin\u00f3 la gira y, mientras se hablaba de la enemistad, la nariz sigui\u00f3 empeorando, aparec\u00eda m\u00e1s hundida que nunca. Se pospuso en varias ocasiones la posibilidad de operarle porque los m\u00e9dicos consideraban que no se hab\u00eda terminado de curar. Tras meses utilizando una mascarilla para ocultar el estado de su nariz, finalmente <strong>Lucas ha decidido tomar las riendas<\/strong> de la situaci\u00f3n.<\/p>\n<p class=\"v-d-p\" style=\"\">A pesar de que se esperaba que se operara en Barcelona, a finales de agosto se desvelaba que la intervenci\u00f3n tendr\u00eda lugar en Turqu\u00eda, donde dos expertos en casos como el suyo se encargar\u00edan de arreglar lo que quedaba tras dos a\u00f1os de sufrimiento. Ahora, tal y como ha desvelado &#8216;Y ahora Sonsoles&#8217;, el cantante estrena una nueva nariz tras una exitosa operaci\u00f3n que a\u00fan se est\u00e1 curando. <strong>Ser\u00e1n meses de evoluci\u00f3n y desinflamaci\u00f3n<\/strong> para tener un resultado definitivo, pero por el momento se aprecia un tabique recto con orificios nasales sim\u00e9tricos y una estructura normal.<\/p>\n<p class=\"v-d-p\" style=\"\">Un aspecto que no est\u00e1 tan alejado de la nariz que ten\u00eda originalmente, antes de pasar por el quir\u00f3fano en 2024. Eso s\u00ed, no ha sido barato: \u00abCon 6.000 euros no te da ni para una botella de agua. No os pod\u00e9is hacer una idea de lo que ha costado la operaci\u00f3n, por salud uno hace lo que sea\u00bb, ha aclarado \u00e9l.<\/p>\n","protected":false},"excerpt":{"rendered":"Hace algunas semanas Lucas Gonz\u00e1lez \u2014de Andy y Lucas\u2014 explicaba que no quer\u00eda dar detalles sobre su operaci\u00f3n&hellip;\n","protected":false},"author":2,"featured_media":742175,"comment_status":"","ping_status":"","sticky":false,"template":"","format":"standard","meta":{"footnotes":""},"categories":[91],"tags":[16221,146,147,25,24,7357,14840,795,31973,19588,23,575,865],"class_list":["post-742174","post","type-post","status-publish","format-standard","has-post-thumbnail","category-entretenimiento","tag-andy","tag-entertainment","tag-entretenimiento","tag-es","tag-espana","tag-lucas","tag-nariz","tag-nueva","tag-operarse","tag-presume","tag-spain","tag-tras","tag-volver"],"share_on_mastodon":{"url":"https:\/\/pubeurope.com\/@es\/117196237724979883","error":""},"_links":{"self":[{"href":"https:\/\/www.europesays.com\/es\/wp-json\/wp\/v2\/posts\/742174","targetHints":{"allow":["GET"]}}],"collection":[{"href":"https:\/\/www.europesays.com\/es\/wp-json\/wp\/v2\/posts"}],"about":[{"href":"https:\/\/www.europesays.com\/es\/wp-json\/wp\/v2\/types\/post"}],"author":[{"embeddable":true,"href":"https:\/\/www.europesays.com\/es\/wp-json\/wp\/v2\/users\/2"}],"replies":[{"embeddable":true,"href":"https:\/\/www.europesays.com\/es\/wp-json\/wp\/v2\/comments?post=742174"}],"version-history":[{"count":0,"href":"https:\/\/www.europesays.com\/es\/wp-json\/wp\/v2\/posts\/742174\/revisions"}],"wp:featuredmedia":[{"embeddable":true,"href":"https:\/\/www.europesays.com\/es\/wp-json\/wp\/v2\/media\/742175"}],"wp:attachment":[{"href":"https:\/\/www.europesays.com\/es\/wp-json\/wp\/v2\/media?parent=742174"}],"wp:term":[{"taxonomy":"category","embeddable":true,"href":"https:\/\/www.europesays.com\/es\/wp-json\/wp\/v2\/categories?post=742174"},{"taxonomy":"post_tag","embeddable":true,"href":"https:\/\/www.europesays.com\/es\/wp-json\/wp\/v2\/tags?post=742174"}],"curies":[{"name":"wp","href":"https:\/\/api.w.org\/{rel}","templated":true}]}}