{"id":742184,"date":"2026-09-01T14:28:23","date_gmt":"2026-09-01T14:28:23","guid":{"rendered":"https:\/\/www.europesays.com\/es\/742184\/"},"modified":"2026-09-01T14:28:23","modified_gmt":"2026-09-01T14:28:23","slug":"vuelta-a-espana-2026-en-vivo-comienza-el-puerto-de-socovos-el-ultimo-de-la-etapa-10","status":"publish","type":"post","link":"https:\/\/www.europesays.com\/es\/742184\/","title":{"rendered":"Vuelta a Espa\u00f1a 2026, en vivo: Comienza el Puerto de Socovos, el \u00faltimo de la etapa 10"},"content":{"rendered":"<p itemprop=\"articleBody\">Comienza en \u00faltimo puerto del d\u00eda, el Puerto de Socovos. Son 9.8 kil\u00f3metros de longitud con rampas promedio del 3.5 %. Despu\u00e9s de ese ascenso viene otro descenso pero no tan marcado hacia abajo, m\u00e1s bien como con ligeros repechos. <\/p>\n<p>1 septiembre, 2026 | 08:25<\/p>\n<p itemprop=\"articleBody\">El Soudal lanza ataque en el lote principal y rompe \u2018la paz\u2019 que hab\u00eda en este grupo. El ascenso final del d\u00eda se acerca y seguramente los corredores quieren empezar a trabajar por sus intereses. Hubo buena reacci\u00f3n del Visma que busca la victoria o con Van Aert o con Matthew Brennan, quien ya lleva tres triunfos de etapa en la actual edici\u00f3n.<\/p>\n<p>1 septiembre, 2026 | 08:23<\/p>\n<p itemprop=\"articleBody\">Este es el perfil por el que se est\u00e1 pasando en estos momentos. Si bien hay terreno hacia arriba, ese no es el \u00faltimo puerto de la etapa 10. Luego viene un descenso y tras esa bajada es que los pedalistas afrontar\u00e1n el Puerto de Socovos.<\/p>\n<p><img loading=\"lazy\" decoding=\"async\" width=\"423\" height=\"304\" src=\"https:\/\/www.europesays.com\/es\/wp-content\/uploads\/2026\/09\/image-081748.png\" alt=\"\" class=\"wp-image-1397246\" itemprop=\"image\"  \/><\/p>\n<p>1 septiembre, 2026 | 08:17<\/p>\n<p itemprop=\"articleBody\">Los siete en fuga se mantienen y se la ponen dura al lote principal, aunque la diferencia todav\u00eda no es muy significativa porque se mantiene en el minuto y medio. El Visma y el Cofidis son los equipos que tiran, de resto, ning\u00fan otro pasa a dar un relevo.<\/p>\n<p>1 septiembre, 2026 | 08:13<\/p>\n<p itemprop=\"articleBody\">El terreno se empieza a tornar de nuevo inclinado, aunque todav\u00eda no llegamos al \u00faltimo puerto del d\u00eda. Por ahora el promedio de velocidad de la etapa es de 36.2 kil\u00f3metros por hora. Seguramente va a empezar a aumentar a medida que la meta se aproxime cada vez m\u00e1s.<\/p>\n<p>1 septiembre, 2026 | 08:01<\/p>\n<p itemprop=\"articleBody\">El sprint de Hell\u00edn fue para Fabian Weiss del Tudor Pro Cycling Team. El pelot\u00f3n tambi\u00e9n acaba de pasar por el arco. Ahora el pr\u00f3ximo punto clave es el \u00faltimo puerto del d\u00eda y luego la meta. Veremos si la fuga logra sobrevivir.<\/p>\n<p>1 septiembre, 2026 | 07:49<\/p>\n<p itemprop=\"articleBody\">Se acerca el sprint de Hell\u00edn y lo van a disputar los hombres de la fuga. Ninguno est\u00e1 cerca de Van Aert en la clasificaci\u00f3n por puntos, as\u00ed que el belga del Visma no se va a ver afectado por quien logre ganar ese embalaje. El pelot\u00f3n est\u00e1 a 1\u201934\u201d.<\/p>\n<p>1 septiembre, 2026 | 07:47<\/p>\n<p itemprop=\"articleBody\">La diferencia que tiene a favor la fuga es de 2 minutos. Parece que de atr\u00e1s empiezan a bajar el ritmo de nuevo. Es clave que los equipos con intereses en el sprint empiecen a trabajar para que esa diferencia comience a disminuir.<\/p>\n<p>1 septiembre, 2026 | 07:39<\/p>\n<p itemprop=\"articleBody\">El Cofidis pasa ahora al frente del pelot\u00f3n, dando relevo al Visma. La diferencia empieza a crecer porque est\u00e1 a 1\u201943\u201d con respecto a los hombres de la fuga. <\/p>\n<p>1 septiembre, 2026 | 07:26<\/p>\n<p itemprop=\"articleBody\">Los corredores aprovechan para abastecerse en el pelot\u00f3n y algunos de la fuga tambi\u00e9n. Recordemos que todav\u00eda resta un sprint y otro puerto de tercera categor\u00eda antes de la llegada a meta en Elche de la Sierra. Ya van 2 horas y 25 minutos de carrera.<\/p>\n<p>1 septiembre, 2026 | 07:22<\/p>\n<p itemprop=\"articleBody\">En estos momentos el terreno es en bajada porque se est\u00e1 bajando, valga la redundancia, los metros sobre el nivel del mar. Los primeros kil\u00f3metros fueron por encima de los 1.200, ahora se est\u00e1 casi por debajo de los 800.<\/p>\n<p>1 septiembre, 2026 | 07:16<\/p>\n<p itemprop=\"articleBody\">Los siete corredores en fuga se mantienen y hay entendimiento, pero de atr\u00e1s ya no dejan que la diferencia suba. Es un minuto con 24 segundos lo que a\u00fan tiene que recortar ese lote de favoritos.<\/p>\n<p>1 septiembre, 2026 | 07:12<\/p>\n<p itemprop=\"articleBody\">Lo que sigue en el orden de la etapa es el sprint de Hell\u00edn. Seguramente el Visma querr\u00e1 llegarle a la fuga para que Wout van Aert pueda sumar esos puntos para la clasificaci\u00f3n por puntos. Si bien tiene una ventaja importante, es mejor asegurar ese maillot en las jornadas que quedan.<\/p>\n<p>1 septiembre, 2026 | 07:07<\/p>\n<p itemprop=\"articleBody\">Termina el segundo ascenso del d\u00eda, el puerto de Ayna. Se debe mencionar que el Visma hizo un trabajo fuerte de persecuci\u00f3n en esa subida y ya tienen a la fuga a un minuto y 20 segundos.<\/p>\n<p>1 septiembre, 2026 | 07:05<\/p>\n<p itemprop=\"articleBody\">Las diferencias no bajan cuando se acerca la cima del puerto de Ayna. El lote principal por ahora no aprieta ritmo desde atr\u00e1s. Ahora bien, todav\u00eda queda mucha etapa por delante.<\/p>\n<p>1 septiembre, 2026 | 06:52<\/p>\n<p itemprop=\"articleBody\">Se empieza a escalar el segundo ascenso del d\u00eda, el Puerto de Ayna. Tiene una longitud de 7.7 kil\u00f3metros con rampas del 4% de inclinaci\u00f3n media. La rampa m\u00e1s alta es al inicio sobre los 5.7% de inclinaci\u00f3n.<\/p>\n<p>1 septiembre, 2026 | 06:46<\/p>\n<p itemprop=\"articleBody\">\u00bfQu\u00e9 se puede esperar de esta etapa 10? En el papel no es una jornada de mayor exigencia, pero la concentraci\u00f3n debe estar a tope. Recordemos que en un d\u00eda de transici\u00f3n fue que se cay\u00f3 Pogacar y termin\u00f3 abandonando. Por otra parte, si el pelot\u00f3n no es permisivo con la fuga, es posible que tengamos llegada masiva al sprint.<\/p>\n<p>1 septiembre, 2026 | 06:38<\/p>\n<p itemprop=\"articleBody\">Se oficializa la salida de un corredor en el marco de la etapa 10 de la Vuelta a Espa\u00f1a. Ben Turner del Netcompany Ineos se baja de la competencia. Por ahora los motivos son desconocidos. Puede que se deba a alg\u00fan problema de salud. <\/p>\n<p>1 septiembre, 2026 | 06:35<\/p>\n<p itemprop=\"articleBody\">Referenciamos los corredores que marchan en la fuga del d\u00eda, en estos momentos con 2 minutos y 30 segundos de ventaja con respecto al pelot\u00f3n.<\/p>\n<p><img loading=\"lazy\" decoding=\"async\" width=\"432\" height=\"274\" src=\"https:\/\/www.europesays.com\/es\/wp-content\/uploads\/2026\/09\/image-063126.png\" alt=\"\" class=\"wp-image-1397170\" itemprop=\"image\"  \/>Foto: Procyclingstats<\/p>\n<p>1 septiembre, 2026 | 06:29<\/p>\n<p itemprop=\"articleBody\">Recordamos c\u00f3mo est\u00e1 la clasificaci\u00f3n general en estos momentos, con Enric Mas como l\u00edder:<\/p>\n<p itemprop=\"articleBody\">1. Enric Mas | 28\u201934\u201903<br \/>2. Primoz Roglic | 1\u201918\u201d<br \/>3. Felix Gall | 1\u201939\u201d<br \/>4. Oscar Onley | 2\u201920\u201d<br \/>5. Richard Carapaz | 3\u201926\u201d<br \/><strong>8. Harold Tejada | 4\u201939\u201d<\/strong><\/p>\n<p>1 septiembre, 2026 | 06:26<\/p>\n<p itemprop=\"articleBody\">Los corredores ya pasaron el primer puerto del d\u00eda y se dirigen al segundo. En cuanto a la situaci\u00f3n de carrera, hay una fuga de siete corredores con una ventaja de 2 minutos y 40 segundos con respecto al grupo principal.<\/p>\n<p>1 septiembre, 2026 | 06:20<\/p>\n<p>\u00a1Bienvenidos al directo de la etapa 10 de la Vuelta a Espa\u00f1a!<\/p>\n<p itemprop=\"articleBody\">Damos comienzo a la segunda semana de emociones de la \u00faltima grande de la temporada con una fracci\u00f3n de 184.7 kil\u00f3metros de distancia entre Alcaraz y Elche de la Sierra. Una jornada que tiene tres puertos de tercera categor\u00eda y un sprint intermedio.<\/p>\n<p>1 septiembre, 2026 | 06:17<\/p>\n<p>La d\u00e9cima fracci\u00f3n de la ronda espa\u00f1ola\u00a0<strong>dar\u00e1 inicio sobre las 5:45 a.m. para Colombia y en M\u00e9xico ser\u00e1 una hora antes.<\/strong>\u00a0El horario local es a partir de las 12:45 p.m. Por otra parte, la llegada estimada est\u00e1 pensada para las 10:30 a.m. en territorio \u2018Cafetero\u2019. Recuerde que por lo general la transmisi\u00f3n de televisi\u00f3n comienza entre las 7:45 a.m. a 8:00 a.m.<\/p>\n<p>La etapa\u00a0<strong>inicia en la localidad de Alcaraz y ver\u00e1 su fin en Elche de la Sierra luego de 184.7 kil\u00f3metros de recorrido<\/strong>. El perfil cuenta con tres puertos de monta\u00f1a de tercera categor\u00eda y un sprint intermedio. Se estima que la fracci\u00f3n dure entre cuatro a cuatro horas y media.<\/p>\n<p>Hay varias opciones para ver la ronda espa\u00f1ola, principalmente en Colombia.<strong>\u00a0La se\u00f1al abierta de<\/strong>\u00a0Caracol\u00a0y\u00a0RCN\u00a0<strong>son las m\u00e1s viables<\/strong>. Sin embargo, por\u00a0ESPN\u00a0tambi\u00e9n puede ver la carrera, esto hablando de televisi\u00f3n. Dicha cadena tiene en su programaci\u00f3n la disponibilidad para M\u00e9xico. Ahora bien, para ambos pa\u00edses\u00a0Disney +\u00a0es la alternativa online. Recuerde que\u00a0<strong><a href=\"https:\/\/www.clarosports.com\/ciclismo\/\" rel=\"nofollow noopener\" target=\"_blank\">en Claro Sports puede seguir el minuto a minuto<\/a><\/strong>\u00a0m\u00e1s detallado de cada etapa.<\/p>\n","protected":false},"excerpt":{"rendered":"Comienza en \u00faltimo puerto del d\u00eda, el Puerto de Socovos. Son 9.8 kil\u00f3metros de longitud con rampas promedio&hellip;\n","protected":false},"author":2,"featured_media":742185,"comment_status":"","ping_status":"","sticky":false,"template":"","format":"standard","meta":{"footnotes":""},"categories":[5],"tags":[17,18,22353,25,24,13,14,11,19,20,105918,3600,9,10,15,16,23,12,21,22],"class_list":["post-742184","post","type-post","status-publish","format-standard","has-post-thumbnail","category-titulares","tag-breaking-news","tag-breakingnews","tag-en-vivo","tag-es","tag-espana","tag-featured-news","tag-featurednews","tag-headlines","tag-latest-news","tag-latestnews","tag-live-blog","tag-minuto-a-minuto","tag-news","tag-noticias","tag-noticias-destacadas","tag-noticiasdestacadas","tag-spain","tag-titulares","tag-ultimas-noticias","tag-ultimasnoticias"],"share_on_mastodon":{"url":"https:\/\/pubeurope.com\/@es\/117196261499279843","error":""},"_links":{"self":[{"href":"https:\/\/www.europesays.com\/es\/wp-json\/wp\/v2\/posts\/742184","targetHints":{"allow":["GET"]}}],"collection":[{"href":"https:\/\/www.europesays.com\/es\/wp-json\/wp\/v2\/posts"}],"about":[{"href":"https:\/\/www.europesays.com\/es\/wp-json\/wp\/v2\/types\/post"}],"author":[{"embeddable":true,"href":"https:\/\/www.europesays.com\/es\/wp-json\/wp\/v2\/users\/2"}],"replies":[{"embeddable":true,"href":"https:\/\/www.europesays.com\/es\/wp-json\/wp\/v2\/comments?post=742184"}],"version-history":[{"count":0,"href":"https:\/\/www.europesays.com\/es\/wp-json\/wp\/v2\/posts\/742184\/revisions"}],"wp:featuredmedia":[{"embeddable":true,"href":"https:\/\/www.europesays.com\/es\/wp-json\/wp\/v2\/media\/742185"}],"wp:attachment":[{"href":"https:\/\/www.europesays.com\/es\/wp-json\/wp\/v2\/media?parent=742184"}],"wp:term":[{"taxonomy":"category","embeddable":true,"href":"https:\/\/www.europesays.com\/es\/wp-json\/wp\/v2\/categories?post=742184"},{"taxonomy":"post_tag","embeddable":true,"href":"https:\/\/www.europesays.com\/es\/wp-json\/wp\/v2\/tags?post=742184"}],"curies":[{"name":"wp","href":"https:\/\/api.w.org\/{rel}","templated":true}]}}