{"id":742206,"date":"2026-09-01T14:48:21","date_gmt":"2026-09-01T14:48:21","guid":{"rendered":"https:\/\/www.europesays.com\/es\/742206\/"},"modified":"2026-09-01T14:48:21","modified_gmt":"2026-09-01T14:48:21","slug":"hipotecas-el-euribor-sube-hasta-el-295-y-adelanta-subidas-hipotecaria","status":"publish","type":"post","link":"https:\/\/www.europesays.com\/es\/742206\/","title":{"rendered":"HIPOTECAS: El eur\u00edbor sube hasta el 2,95 % y adelanta subidas hipotecaria"},"content":{"rendered":"<p class=\"paragraph-atom &#10;        A-500-300-700-N A-550-300-700-N--md  \">\n                    El Eur\u00edbor, la tasa de referencia del mercado interbancario al que est\u00e1n ligadas la mayor\u00eda de las hipotecas a tipo variable de Espa\u00f1a, ha cerrado el mes de agosto en el 2,95%, su nivel m\u00e1s alto desde ese mismo mes en 2024, cuando e<strong>l \u00edndice se posicion\u00f3 en el 3,169%, <\/strong>de acuerdo a los datos preliminares recogidos por Europa Press y a falta de confirmaci\u00f3n por parte del Banco de Espa\u00f1a.\n            <\/p>\n<p class=\"paragraph-atom &#10;        A-500-300-700-N A-550-300-700-N--md  \">\n                    En concreto, en comparaci\u00f3n con julio,<strong> la tasa ha subido en 11 puntos b\u00e1sicos. <\/strong>Frente al octavo mes de 2025, el Eur\u00edbor se ha encarecido en 84 puntos b\u00e1sicos, frente al 2,112% que lleg\u00f3 a registrar entonces.\n            <\/p>\n<p class=\"paragraph-atom &#10;        A-500-300-700-N A-550-300-700-N--md  \">\n                    Este dato implica que una persona que tenga contratada una hipoteca variable de 150.000 euros a 30 a\u00f1os y con un diferencial del 0,99% m\u00e1s Eur\u00edbor y deba revisar su tipo de inter\u00e9s con<strong> el Eur\u00edbor de agosto registrar\u00e1 un incremento en su cuota de 70,25 euros al mes. Esto equivale a 843 euros al a\u00f1o.<\/strong>\n            <\/p>\n<p class=\"paragraph-atom &#10;        A-500-300-700-N A-550-300-700-N--md  \">\n                    Este c\u00e1lculo, realizado por Europa Press, implica el m\u00e1ximo nivel de ascenso para una persona que haya contratado una hipoteca con ese nivel financiado, ya que al tratarse de una revisi\u00f3n al principio del pr\u00e9stamo (es decir, le quedan 30 a\u00f1os por amortizar), el cambio en el tipo de inter\u00e9s tiene mucho m\u00e1s impacto al haber mucho principal por amortizar.\n            <\/p>\n<p class=\"paragraph-atom &#10;        A-500-300-700-N A-550-300-700-N--md  \">\n                    En este sentido, la portavoz de iAhorro, Laura Mart\u00ednez, ha argumentado que, con los datos cosechados,<strong> el Eur\u00edbor \u00abest\u00e1 adelantando un endurecimiento del precio del dinero por parte del Banco Central Europeo <\/strong>(BCE)\u00bb. As\u00ed, ha detallado que el mercado se mueve m\u00e1s r\u00e1pido que los bancos centrales, que a\u00fan no han confirmado si habr\u00e1 nuevas subidas de los tipos de inter\u00e9s, \u00ablo que ya se est\u00e1 reflejando en la cuota mensual de las hipotecas a tipo variable\u00bb.\n            <\/p>\n<p class=\"paragraph-atom &#10;        A-500-300-700-N A-550-300-700-N--md  \">\n                    Por su parte, el portavoz de Finanzas Personales de Kelisto.es, Pedro Ruiz, ha explicado que lo \u00abm\u00e1s preocupante\u00bb es que este movimiento del Eur\u00edbor viene acompa\u00f1ado de nuevas se\u00f1ales de que las presiones inflacionistas provocadas por el conflicto en Oriente Pr\u00f3ximo est\u00e1n siendo \u00abm\u00e1s persistentes de lo esperado\u00bb.\n            <\/p>\n<p class=\"paragraph-atom &#10;        A-500-300-700-N A-550-300-700-N--md  \">\n                    \u00abEl escenario ha empeorado claramente respecto al que manej\u00e1bamos hace apenas un mes, lo que reduce considerablemente el margen para que la tasa de referencia interbancaria experimente una bajada significativa a corto plazo\u00bb, ha remarcado Ruiz.\n            <\/p>\n<p class=\"paragraph-atom &#10;        A-500-300-700-N A-550-300-700-N--md  \">\n                    En la misma l\u00ednea, el experto en finanzas de Roams, Pablo Vega, ha avanzado que, de cara a la reuni\u00f3n de septiembre &#8211;en la que ya se descuenta una subida de 25 puntos b\u00e1sicos&#8211; <strong>el mercado \u00abno estar\u00e1 pendiente \u00fanicamente de si el BCE eleva el tipo de inter\u00e9s, sino de cu\u00e1ntas subidas cree que pueden quedar despu\u00e9s\u00bb.<\/strong>\n            <\/p>\n<p class=\"paragraph-atom &#10;        A-500-300-700-N A-550-300-700-N--md  \">\n                    As\u00ed, Vega ha precisado que ser\u00e1 ese el \u00abverdadero catalizador\u00bb para saber si el 3% act\u00faa como \u00abzona de consolidaci\u00f3n o como punto de partida para un nuevo tramo al alza\u00bb.\n            <\/p>\n<p class=\"paragraph-atom &#10;        A-500-300-700-N A-550-300-700-N--md  \">\n                    <strong>CIERRE DEL A\u00d1O POR ENCIMA DEL 3%<\/strong>\n            <\/p>\n<p class=\"paragraph-atom &#10;        A-500-300-700-N A-550-300-700-N--md  \">\n                    De cara al cierre del presente 2026, los expertos de las distintas casas de an\u00e1lisis coinciden en que el comportamiento del eur\u00edbor depender\u00e1, casi en su totalidad, de la situaci\u00f3n en Oriente Pr\u00f3ximo, aunque auguran que el \u00edndice se <strong>posicionar\u00e1 pr\u00f3ximo al 3%.<\/strong>\n            <\/p>\n<p class=\"paragraph-atom &#10;        A-500-300-700-N A-550-300-700-N--md  \">\n                    \u00abSi los avances diplom\u00e1ticos permiten normalizar progresivamente el tr\u00e1nsito por Ormuz, los precios energ\u00e9ticos se moderan y el BCE limita su respuesta a una subida adicional en septiembre, el eur\u00edbor podr\u00eda terminar 2026 en el entorno del 2,8%-3\u00bb, ha pronosticado el portavoz de Finanzas Personales de Kelisto.\n            <\/p>\n<p class=\"paragraph-atom &#10;        A-500-300-700-N A-550-300-700-N--md  \">\n                    En cambio, de enquistarse el conflicto y no resolverse en la segunda mitad del ejercicio, el analista hipotecario de HelpMyCash, Miquel Riera, ha calculado que el tipo interbancario \u00abalcanzar\u00e1 el 3% en diciembre; con opciones de llegar a situarse en el 3,10% como m\u00e1ximo\u00bb.\n            <\/p>\n<p class=\"paragraph-atom &#10;        A-500-300-700-N A-550-300-700-N--md  \">\n                    En cualquier caso, Riera ha anticipado que el eur\u00edbor acabar\u00e1 el a\u00f1o por encima de los valores de finales de 2025 &#8211;2,267% en el mes de diciembre&#8211;. Por ello, ha recomendado a quienes tengan una hipoteca a tipo variable calculen si podr\u00e1n pagar las cuotas con un \u00edndice al 3% o m\u00e1s. \u00abSi su capacidad econ\u00f3mica no se lo permite, es importante hablar con el banco para tratar de buscar soluciones, como pasarse al tipo fijo o reducir la cuota mediante una prolongaci\u00f3n del plazo\u00bb, ha aconsejado.\n            <\/p>\n","protected":false},"excerpt":{"rendered":"El Eur\u00edbor, la tasa de referencia del mercado interbancario al que est\u00e1n ligadas la mayor\u00eda de las hipotecas&hellip;\n","protected":false},"author":2,"featured_media":742207,"comment_status":"","ping_status":"","sticky":false,"template":"","format":"standard","meta":{"footnotes":""},"categories":[80],"tags":[10903,15434,294,82,95,94,25,24,10584,23,7247],"class_list":["post-742206","post","type-post","status-publish","format-standard","has-post-thumbnail","category-economia","tag-10903","tag-15434","tag-adelanta","tag-business","tag-economia","tag-economy","tag-es","tag-espana","tag-euribor","tag-spain","tag-sube"],"share_on_mastodon":{"url":"https:\/\/pubeurope.com\/@es\/117196338447523142","error":""},"_links":{"self":[{"href":"https:\/\/www.europesays.com\/es\/wp-json\/wp\/v2\/posts\/742206","targetHints":{"allow":["GET"]}}],"collection":[{"href":"https:\/\/www.europesays.com\/es\/wp-json\/wp\/v2\/posts"}],"about":[{"href":"https:\/\/www.europesays.com\/es\/wp-json\/wp\/v2\/types\/post"}],"author":[{"embeddable":true,"href":"https:\/\/www.europesays.com\/es\/wp-json\/wp\/v2\/users\/2"}],"replies":[{"embeddable":true,"href":"https:\/\/www.europesays.com\/es\/wp-json\/wp\/v2\/comments?post=742206"}],"version-history":[{"count":0,"href":"https:\/\/www.europesays.com\/es\/wp-json\/wp\/v2\/posts\/742206\/revisions"}],"wp:featuredmedia":[{"embeddable":true,"href":"https:\/\/www.europesays.com\/es\/wp-json\/wp\/v2\/media\/742207"}],"wp:attachment":[{"href":"https:\/\/www.europesays.com\/es\/wp-json\/wp\/v2\/media?parent=742206"}],"wp:term":[{"taxonomy":"category","embeddable":true,"href":"https:\/\/www.europesays.com\/es\/wp-json\/wp\/v2\/categories?post=742206"},{"taxonomy":"post_tag","embeddable":true,"href":"https:\/\/www.europesays.com\/es\/wp-json\/wp\/v2\/tags?post=742206"}],"curies":[{"name":"wp","href":"https:\/\/api.w.org\/{rel}","templated":true}]}}